{"id":117838,"date":"2025-12-19T22:48:21","date_gmt":"2025-12-19T22:48:21","guid":{"rendered":"https:\/\/www.europesays.com\/no\/117838\/"},"modified":"2025-12-19T22:48:21","modified_gmt":"2025-12-19T22:48:21","slug":"semenyo-som-dorgu-erstatter-pa-venstresiden","status":"publish","type":"post","link":"https:\/\/www.europesays.com\/no\/117838\/","title":{"rendered":"Semenyo som Dorgu-erstatter p\u00e5 venstresiden?"},"content":{"rendered":"<p>        Robin Jones &#8211; AFC Bournemouth\n    <\/p>\n<p class=\"kicker font-weight-bold m-font-weight-bold tertiary color_mobile_tertiary\" style=\"\">BLIR SETT P\u00c5 SOM IDEELL:<\/p>\n<p>Bournemouths Antoine Semenyo har blitt koblet til Manchester United igjen i det siste, noe som har f\u00e5tt mange til \u00e5 undre seg over at United skal hente nok en angrepsspiller, n\u00e5r problemene har v\u00e6rt vesentlig st\u00f8rre i andre posisjoner.\u00a0<\/p>\n<p>United hentet som kjent inn b\u00e5de Matheus Cunha, Bryan Mbeumo og Benjamin Sesko sist sommer, i tillegg til m\u00e5lvakt Senne Lammens.\u00a0<\/p>\n<p class=\"font-weight-bold m-font-weight-bold\" data-lab-font_weight=\"font-weight-bold\">Semenyo kan levere m\u00e5lpoeng fra mange ulike offensive roller \u2013 b\u00e5de p\u00e5 venstresiden, h\u00f8yresiden og i en mer sentral rolle \u2013 men flere journalister\u00a0hevder noe overraskende at Semenyo kan bli hentet inn som vingback.<\/p>\n<p>                F\u00e5 med deg alt fra Supporterklubben<\/p>\n<ul>\n<li>Tilgang til alt innhold p\u00e5 united.no<\/li>\n<li>Tilgang til podkasten Uno+<\/li>\n<li>Billetter og turer til Old Trafford<\/li>\n<li>Gode rabatter i nettbutikken<\/li>\n<li>Medlemspris p\u00e5 Viaplay Total<\/li>\n<\/ul>\n<p class=\"price_description\">Kun kr 29,- \/m\u00e5ned. Betales \u00e5rlig.<\/p>\n<p>\n                    <a class=\"lab-paywall-teaser-offer-button\" href=\"https:\/\/api.united.no\/paywall\/order?providerUrl=https%3A%2F%2Fminside.united.no%2Fno%2Fcheckout%2Funitedmedlemsskap&amp;siteAlias=united&amp;&amp;siteId=2&amp;contentUrl=https%3A%2F%2Fwww.united.no%2Fnyheter%2Fsemenyo-som-dorgu-erstatter-pa-venstresiden%2F1409861\" rel=\"nofollow noopener\" target=\"_blank\">Bli medlem n\u00e5<\/a>\n                <\/p>\n","protected":false},"excerpt":{"rendered":"Robin Jones &#8211; AFC Bournemouth BLIR SETT P\u00c5 SOM IDEELL: Bournemouths Antoine Semenyo har blitt koblet til Manchester&hellip;\n","protected":false},"author":2,"featured_media":117839,"comment_status":"","ping_status":"","sticky":false,"template":"","format":"standard","meta":{"footnotes":""},"categories":[59],"tags":[30,28,29,83,82],"class_list":{"0":"post-117838","1":"post","2":"type-post","3":"status-publish","4":"format-standard","5":"has-post-thumbnail","7":"category-sport","8":"tag-no","9":"tag-norge","10":"tag-norway","11":"tag-sport","12":"tag-sports"},"share_on_mastodon":{"url":"https:\/\/pubeurope.com\/@no\/115748674181416820","error":""},"_links":{"self":[{"href":"https:\/\/www.europesays.com\/no\/wp-json\/wp\/v2\/posts\/117838","targetHints":{"allow":["GET"]}}],"collection":[{"href":"https:\/\/www.europesays.com\/no\/wp-json\/wp\/v2\/posts"}],"about":[{"href":"https:\/\/www.europesays.com\/no\/wp-json\/wp\/v2\/types\/post"}],"author":[{"embeddable":true,"href":"https:\/\/www.europesays.com\/no\/wp-json\/wp\/v2\/users\/2"}],"replies":[{"embeddable":true,"href":"https:\/\/www.europesays.com\/no\/wp-json\/wp\/v2\/comments?post=117838"}],"version-history":[{"count":0,"href":"https:\/\/www.europesays.com\/no\/wp-json\/wp\/v2\/posts\/117838\/revisions"}],"wp:featuredmedia":[{"embeddable":true,"href":"https:\/\/www.europesays.com\/no\/wp-json\/wp\/v2\/media\/117839"}],"wp:attachment":[{"href":"https:\/\/www.europesays.com\/no\/wp-json\/wp\/v2\/media?parent=117838"}],"wp:term":[{"taxonomy":"category","embeddable":true,"href":"https:\/\/www.europesays.com\/no\/wp-json\/wp\/v2\/categories?post=117838"},{"taxonomy":"post_tag","embeddable":true,"href":"https:\/\/www.europesays.com\/no\/wp-json\/wp\/v2\/tags?post=117838"}],"curies":[{"name":"wp","href":"https:\/\/api.w.org\/{rel}","templated":true}]}}