{"id":117840,"date":"2025-12-19T22:52:13","date_gmt":"2025-12-19T22:52:13","guid":{"rendered":"https:\/\/www.europesays.com\/no\/117840\/"},"modified":"2025-12-19T22:52:13","modified_gmt":"2025-12-19T22:52:13","slug":"frigir-tusenvis-av-epstein-dokumenter-men-ikke-alt","status":"publish","type":"post","link":"https:\/\/www.europesays.com\/no\/117840\/","title":{"rendered":"Frigir tusenvis av Epstein-dokumenter &#8211; men ikke alt"},"content":{"rendered":"<p class=\"no_italic m-no_italic\" data-lab-italic=\"\"> I november bestemte det amerikanske Senatet at<a href=\"https:\/\/www.tv2.no\/nyheter\/utenriks\/senatet-i-usa-godkjenner-frigivelse-av-epstein-dokumenter\/18301983\/\" rel=\"nofollow noopener\" target=\"_blank\">\u00a0resten av dokumentene knyttet til Epstein<\/a>-saken\u00a0skulle frigis innen 19. desember.\u00a0<\/p>\n<p class=\"no_italic m-no_italic\" data-lab-italic=\"\">Det skjedde etter \u00f8kende politisk press mot president Donald Trump \u2013 blant annet fra hans egne tilhengere i MAGA-bevegelsen.\u00a0<\/p>\n<p class=\"no_italic m-no_italic\" data-lab-italic=\"\">Fredag var alts\u00e5 aller siste frist for at dokumentene skulle frigis.\u00a0<\/p>\n<p class=\"no_italic m-no_italic bold m-bold\" data-lab-italic=\"\" data-lab-font_weight=\"bold\">Klokken 22 norsk tid begynte offentliggj\u00f8ringen p\u00e5 justisdepartementets nettsider. TV 2 jobber med \u00e5 g\u00e5 gjennom filene.\u00a0<\/p>\n<p class=\"no_italic m-no_italic\" data-lab-italic=\"\"> Tidligere p\u00e5 dagen bekreftet den amerikanske visejustisministeren Todd Blanche at departementet ville frigi flere hundre tusen dokumenter, men at resten vil komme i l\u00f8pet av de neste uken.\u00a0<\/p>\n<p class=\"no_italic m-no_italic\" data-lab-italic=\"\">Departementet bekrefter fredag kveld at de ikke har publisert alle filene, if\u00f8lge AP.\u00a0<\/p>\n<p>        <img class=\"image__img lazyload\" itemprop=\"image\" title=\"Foto: Det amerikanske justisdepartementet\" alt=\"REDIGERT: Store deler av det publiserte materialet er redigert, blant annet av hensyn til ofrene, if\u00f8lge Trump-administrasjonen. Foto: Det amerikanske justisdepartementet\" width=\"978\" height=\"551\" bad-src=\"https:\/\/www.europesays.com\/no\/wp-content\/uploads\/2025\/12\/18402531.webp\" fetchpriority=\"auto\" \/><\/p>\n<p>      REDIGERT: Store deler av det publiserte materialet er redigert, blant annet av hensyn til ofrene, if\u00f8lge Trump-administrasjonen.<br \/>\n         Foto: Det amerikanske justisdepartementet<\/p>\n<p>CNN: Har jobbet p\u00e5 spreng<\/p>\n<p>Flere av dokumentene er imidlertid kraftig redigert.<\/p>\n<p>Kilder opplyser til <a href=\"https:\/\/edition.cnn.com\/2025\/12\/18\/politics\/epstein-documents-redaction-process\" rel=\"nofollow noopener\" target=\"_blank\">CNN<\/a> at advokatene i justisdepartementet har jobbet p\u00e5 spreng helt siden begynnelsen av november og helt frem til publiseringstidspunktet med \u00e5 g\u00e5 gjennom dokumentene.<\/p>\n<p>Det amerikanske justisdepartementet forklarer redigeringen med personvernhensyn.\u00a0<\/p>\n<p>I et intervju med ABC News hevder p\u00e5 den andre siden Todd Blanche at de ikke har fjernet navnene til mektige personer som Donald Trump og Bill Clinton.<\/p>\n<p>        <img class=\"image__img lazyload\" itemprop=\"image\" title=\"Foto: House Oversight Committee Democrats \/ Reuters \/ NTB\" alt=\"MEKTIGE SIRKLER: Jeffrey Epstein (i midten) omga seg med mange rike og mektige personer. Den tidlige forbindelsen hans til president Donald Trump er \u00e9n av grunnene til at Kongressen krevde frigivelse av etterforskninsdokumentene i saken. Foto: House Oversight Committee Democrats \/ Reuters \/ NTB\" width=\"978\" height=\"551\" bad-src=\"https:\/\/www.europesays.com\/no\/wp-content\/uploads\/2025\/12\/18401417.webp\" fetchpriority=\"auto\" \/><\/p>\n<p>      MEKTIGE SIRKLER: Jeffrey Epstein (i midten) omga seg med mange rike og mektige personer. Den tidlige forbindelsen hans til president Donald Trump er \u00e9n av grunnene til at Kongressen krevde frigivelse av etterforskninsdokumentene i saken.<br \/>\n         Foto: House Oversight Committee Democrats \/ Reuters \/ NTB<\/p>\n<p><a href=\"https:\/\/www.foxnews.com\/politics\/epstein-files-explode-open-doj-details-discovery-powerful-figures-more-than-1200-victims\" rel=\"nofollow noopener\" target=\"_blank\">Fox News <\/a>siterer kilder p\u00e5 at b\u00e5de Epsteins ofre og \u00abpolitisk eksponerte personer\u00bb er blitt fjernet fra dokumentene.\u00a0<\/p>\n<p>Jeffrey Epstein var en d\u00f8mt overgriper som hadde et omfattende nettverk best\u00e5ende av mektige og rike personer.\u00a0<\/p>\n<p>Han d\u00f8de i fengsel i 2019, kort tid etter \u00e5 ha blitt siktet for omfattende menneskehandel og seksualforbrytelser.\u00a0<\/p>\n<p>Amerikanske fengselsmyndigheter konkluderte med at d\u00f8dsfallet var et selvmord, noe som ble\u00a0for en flom av konspirasjonsteorier.\u00a0<\/p>\n<p>        <img class=\"image__img lazyload\" itemprop=\"image\" title=\"Foto: Det amerikanske justisdepartementet\" alt=\"AVBILDET FLERE GANGER: Trump-administrasjonen hevder de ikke har forskjellsbehandlet Bill Clinton og Trump ved frigivelsen av Epstein-dokumentene. Bill Clinton figurerer p\u00e5 flere av bildene. Foto: Det amerikanske justisdepartementet\" width=\"978\" height=\"551\" bad-src=\"https:\/\/www.europesays.com\/no\/wp-content\/uploads\/2025\/12\/18402508.webp\" fetchpriority=\"auto\" \/><\/p>\n<p>      AVBILDET FLERE GANGER: Trump-administrasjonen hevder de ikke har forskjellsbehandlet Bill Clinton og Trump ved frigivelsen av Epstein-dokumentene. Bill Clinton figurerer p\u00e5 flere av bildene.<br \/>\n         Foto: Det amerikanske justisdepartementet<\/p>\n<p>Raser p\u00e5 fristbrudd<\/p>\n<p>Demokratene i Representantenes hus&#8217; tilsynskomit\u00e9 reagerer sterkt p\u00e5 at det bare er noen av dokumentene som publiseres, og ikke alle, slik vedtaket i Kongressen hadde bestemt.\u00a0<\/p>\n<p>I en felles uttalelse fra komitemedlemmene Robert Garcia og Jamie Raskin blir Donald Trump og det amerikanske justisdepartementet beskyldt for \u00e5 bryte f\u00f8deral lov.\u00a0<\/p>\n<p>\u2013 De fortsetter \u00e5 dekke over faktaene og bevisene om Jeffrey Epsteins internasjonale menneskesmuglingsring, som var verdt flere milliarder dollar og varte i flere ti\u00e5r, heter det i uttalelsen.\u00a0<\/p>\n<p>Demokratene varsler samtidig at de vurderer rettslige skritt p\u00e5 grunn av bruddet p\u00e5 fristen.\u00a0<\/p>\n<p>Det amerikanske justisdepartementet avviser at de bryter fristen, men mener i stedet at de n\u00e5r \u00abden f\u00f8rste fristen\u00bb.\u00a0<\/p>\n<p>\u2013 Trump-administrasjonen frigir informasjon som de forrige administrasjonene ikke engang ville tenkt p\u00e5, skriver de i et innlegg p\u00e5 <a href=\"https:\/\/x.com\/DOJSpox47\/status\/2002088420588540212?s=20\" rel=\"nofollow\">X.\u00a0\u00a0<\/a><\/p>\n<p>Bilde-lekkasjer<\/p>\n<p>Mange av de s\u00e5kalte Epstein-dokumentene er frigitt allerede. I november offentliggjorde justisdepartementet om lag 20.000 av dem.\u00a0<\/p>\n<p>De siste ukene har blant annet \u00e9n av kontrollkomiteene i den amerikanske Kongressen lekket flere bilder som tidligere ikke har sett offentlighetens lys,\u00a0<a href=\"https:\/\/www.tv2.no\/nyheter\/utenriks\/nye-bilder-fra-epsteins-oy-opprivende\/18349416\/\" rel=\"nofollow noopener\" target=\"_blank\">blant annet fra Epsteins private \u00f8y i Karibia.\u00a0<\/a><\/p>\n<p>Nylig frigitte eposter har ogs\u00e5 vist at Epstein hadde mer kontakt med Th\u00f8rbj\u00f8rn Jagland, tidligere statsminister, Nobel-leder og leder for Europar\u00e5det, en det som var tidligere kjent.\u00a0<\/p>\n<p><a href=\"https:\/\/www.tv2.no\/direkte\/jpybz\/siste-nytt\/6915c61b9d4377f7ee9f93a8\/jagland-om-epsteinkontakt-normal-diplomatisk-aktivitet\" target=\"_blank\" rel=\"nofollow noopener\">Jagland selv har sagt til TV 2 at kontakten var normal diplomatisk aktivitet.<\/a><\/p>\n<p class=\"italic m-italic\" data-lab-italic=\"italic\">Saken oppdateres!\u00a0<\/p>\n","protected":false},"excerpt":{"rendered":"I november bestemte det amerikanske Senatet at\u00a0resten av dokumentene knyttet til Epstein-saken\u00a0skulle frigis innen 19. desember.\u00a0 Det skjedde&hellip;\n","protected":false},"author":2,"featured_media":117841,"comment_status":"","ping_status":"","sticky":false,"template":"","format":"standard","meta":{"footnotes":""},"categories":[12],"tags":[20,21,24,25,15,22,23,13,30,28,29,14,16,26,27,42,43,44,45],"class_list":{"0":"post-117840","1":"post","2":"type-post","3":"status-publish","4":"format-standard","5":"has-post-thumbnail","7":"category-verden","8":"tag-breaking-news","9":"tag-breakingnews","10":"tag-featured-news","11":"tag-featurednews","12":"tag-headlines","13":"tag-latest-news","14":"tag-latestnews","15":"tag-news","16":"tag-no","17":"tag-norge","18":"tag-norway","19":"tag-nyheter","20":"tag-overskrifter","21":"tag-top-stories","22":"tag-topstories","23":"tag-verden","24":"tag-world","25":"tag-world-news","26":"tag-worldnews"},"share_on_mastodon":{"url":"https:\/\/pubeurope.com\/@no\/115748689845760470","error":""},"_links":{"self":[{"href":"https:\/\/www.europesays.com\/no\/wp-json\/wp\/v2\/posts\/117840","targetHints":{"allow":["GET"]}}],"collection":[{"href":"https:\/\/www.europesays.com\/no\/wp-json\/wp\/v2\/posts"}],"about":[{"href":"https:\/\/www.europesays.com\/no\/wp-json\/wp\/v2\/types\/post"}],"author":[{"embeddable":true,"href":"https:\/\/www.europesays.com\/no\/wp-json\/wp\/v2\/users\/2"}],"replies":[{"embeddable":true,"href":"https:\/\/www.europesays.com\/no\/wp-json\/wp\/v2\/comments?post=117840"}],"version-history":[{"count":0,"href":"https:\/\/www.europesays.com\/no\/wp-json\/wp\/v2\/posts\/117840\/revisions"}],"wp:featuredmedia":[{"embeddable":true,"href":"https:\/\/www.europesays.com\/no\/wp-json\/wp\/v2\/media\/117841"}],"wp:attachment":[{"href":"https:\/\/www.europesays.com\/no\/wp-json\/wp\/v2\/media?parent=117840"}],"wp:term":[{"taxonomy":"category","embeddable":true,"href":"https:\/\/www.europesays.com\/no\/wp-json\/wp\/v2\/categories?post=117840"},{"taxonomy":"post_tag","embeddable":true,"href":"https:\/\/www.europesays.com\/no\/wp-json\/wp\/v2\/tags?post=117840"}],"curies":[{"name":"wp","href":"https:\/\/api.w.org\/{rel}","templated":true}]}}