{"id":117844,"date":"2025-12-19T23:01:11","date_gmt":"2025-12-19T23:01:11","guid":{"rendered":"https:\/\/www.europesays.com\/no\/117844\/"},"modified":"2025-12-19T23:01:11","modified_gmt":"2025-12-19T23:01:11","slug":"usa-angrep-is-mal-i-syria","status":"publish","type":"post","link":"https:\/\/www.europesays.com\/no\/117844\/","title":{"rendered":"USA angrep IS-m\u00e5l i Syria"},"content":{"rendered":"\n<p class=\"_lead_o9xde_2 _lead_xtcu6_50 layout-component text-serif-m layout-normal text-serif-l layout-component layout-wide layout-padded _wide_17hqh_1 layout-padded\">Angrepet kommer etter at to amerikanske soldater ble drept i et terrorangrep i landet forrige uke, melder The New York Times.<\/p>\n<p><img alt=\"President Donald Trump og forsvarsminister Pete Hegseth var til stede p\u00e5 Dover-flybasen i Delaware onsdag denne uken da kistene med de to drepte amerikanske soldatene ankom fra Syria Foto: Julia Demaree Nikhinson \/ AP\" class=\"_image_qp4xg_65 layout-component layout-wide\" data-fullscreen- data-track-element-type=\"Article image fullscreen\" data-track-name=\"ImageFullscreen\" fetchpriority=\"high\" decoding=\"sync\" loading=\"eager\" height=\"3861\" itemprop=\"image\"  src=\"https:\/\/www.europesays.com\/no\/wp-content\/uploads\/2025\/12\/d003fb7a-cb87-4de0-8a39-ad67e15de739\"  style=\"object-position:0% 0%\" width=\"5791\"\/>President Donald Trump og forsvarsminister Pete Hegseth var til stede p\u00e5 Dover-flybasen i Delaware onsdag denne uken da kistene med de to drepte amerikanske soldatene ankom fra Syria Foto: Julia Demaree Nikhinson \/ AP<\/p>\n<ul aria-hidden=\"true\" class=\"_images_ntbth_112\">\n<li><a class=\"_link_ntbth_117\" href=\"https:\/\/www.vg.no\/forfatter\/simone-holen-soenstroed\" style=\"z-index:2\" title=\"Simone Holen S\u00f8nstr\u00f8d\" rel=\"nofollow noopener\" target=\"_blank\"><img alt=\"Bilde av Simone Holen S\u00f8nstr\u00f8d\" class=\"_image_ntbth_93\" fetchpriority=\"low\" loading=\"lazy\" decoding=\"async\" itemprop=\"image\"  src=\"https:\/\/www.europesays.com\/no\/wp-content\/uploads\/2025\/12\/1766185270_383_f61c0667-389a-47b7-9bb0-2c4d4abdb35d\"  width=\"480\"\/><\/a><\/li>\n<li><a class=\"_link_ntbth_117\" href=\"https:\/\/www.vg.no\/forfatter\/ntb\" style=\"z-index:1\" title=\"NTB\" rel=\"nofollow noopener\" target=\"_blank\"><img alt=\"Bilde av NTB\" class=\"_image_ntbth_93\" fetchpriority=\"low\" loading=\"lazy\" decoding=\"async\" itemprop=\"image\"  src=\"https:\/\/www.europesays.com\/no\/wp-content\/uploads\/2025\/12\/1766185271_509_c33980b0-5d07-4027-84a1-813f90a7c8d6\"  width=\"480\"\/><\/a><\/li>\n<\/ul>\n<p> Oppdatert fredag 19. desember kl. 23:41     <\/p>\n<p class=\"_paragraph_o9xde_4 _paragraph_xtcu6_10 layout-component text-serif-m layout-normal text-serif-m layout-padded\">Det amerikanske milit\u00e6ret har gjennomf\u00f8rt luftangrep mot flere m\u00e5l knyttet til IS i Syria, melder <a href=\"https:\/\/www.nytimes.com\/live\/2025\/12\/19\/us\/trump-news#us-islamic-state-strikes-syria\" class=\"_link_o9xde_39\" rel=\"nofollow noopener\" target=\"_blank\">New York Times.<\/a> <\/p>\n<p class=\"_paragraph_o9xde_4 _paragraph_xtcu6_10 layout-component text-serif-m layout-normal text-serif-m layout-padded\">Forsvarsminister Pete Hegseth bekrefter angrepet:<\/p>\n<p class=\"_paragraph_o9xde_4 _paragraph_xtcu6_10 layout-component text-serif-m layout-normal text-serif-m layout-padded\">\u2013 Tidligere fredag startet amerikanske styrker \u00abOperasjon Hawkeye\u00bb i Syria for \u00e5 eliminere IS-krigere, sier han if\u00f8lge Reuters.<\/p>\n<p class=\"_paragraph_o9xde_4 _paragraph_xtcu6_10 layout-component text-serif-m layout-normal text-serif-m layout-padded\">Amerikanske kampfly, milit\u00e6rhelikoptre og artilleri ble satt inn i fredagens angrep mot flere titalls antatte IS-m\u00e5l, blant dem v\u00e5penlagre og andre bygninger, en rekke steder i den sentrale delen av Syria. Det sier en amerikansk tjenestemann til avisen.<\/p>\n<p class=\"_paragraph_o9xde_4 _paragraph_xtcu6_10 layout-component text-serif-m layout-normal text-serif-m layout-padded\">Skadeomfanget er ukjent.<\/p>\n<p class=\"_paragraph_o9xde_4 _paragraph_xtcu6_10 layout-component text-serif-m layout-normal text-serif-m layout-padded\">Angrepet skjedde etter at president Donald Trump lovet gjengjeldelse etter et angrep mot amerikanske soldater forrige helg i byen Palmyra i Syria, utf\u00f8rt av det som antas \u00e5 ha v\u00e6rt et IS-medlem.<\/p>\n<p class=\"_paragraph_o9xde_4 _paragraph_xtcu6_10 layout-component text-serif-m layout-normal text-serif-m layout-padded\">To amerikanske soldater og en sivil tolk ble drept i angrepet forrige l\u00f8rdag. Angrepet var rettet mot en kolonne med amerikanske og syriske soldater. Angriperen ble skutt og drept, har <a href=\"https:\/\/www.vg.no\/tag\/usa?utm_source=vg-article&amp;utm_medium=auto-tagger&amp;utm_campaign=aJwW2a\" class=\"_link_o9xde_39\" rel=\"nofollow noopener\" target=\"_blank\">USA<\/a> opplyst.<\/p>\n<p class=\"_paragraph_o9xde_4 _paragraph_xtcu6_10 layout-component text-serif-m layout-normal text-serif-m layout-padded\">Tre andre amerikanske soldater ble drept i angrepet forrige helg.<\/p>\n<p class=\"_paragraph_o9xde_4 _paragraph_xtcu6_10 layout-component text-serif-m layout-normal text-serif-m layout-padded\">En USA-ledet koalisjon har de siste m\u00e5nedene, ofte med hjelp fra syriske sikkerhetsstyrker, gjennomf\u00f8rt flere luft- og bakkeangrep mot mistenkte IS-medlemmer.<\/p>\n","protected":false},"excerpt":{"rendered":"Angrepet kommer etter at to amerikanske soldater ble drept i et terrorangrep i landet forrige uke, melder The&hellip;\n","protected":false},"author":2,"featured_media":117845,"comment_status":"","ping_status":"","sticky":false,"template":"","format":"standard","meta":{"footnotes":""},"categories":[5],"tags":[20,21,24,25,15,19,7725,22,23,17,18,13,30,28,29,14,16,7724,26,27,50],"class_list":{"0":"post-117844","1":"post","2":"type-post","3":"status-publish","4":"format-standard","5":"has-post-thumbnail","7":"category-overskrifter","8":"tag-breaking-news","9":"tag-breakingnews","10":"tag-featured-news","11":"tag-featurednews","12":"tag-headlines","13":"tag-hovedoppslag","14":"tag-is","15":"tag-latest-news","16":"tag-latestnews","17":"tag-main-news","18":"tag-mainnews","19":"tag-news","20":"tag-no","21":"tag-norge","22":"tag-norway","23":"tag-nyheter","24":"tag-overskrifter","25":"tag-syria","26":"tag-top-stories","27":"tag-topstories","28":"tag-usa"},"share_on_mastodon":{"url":"https:\/\/pubeurope.com\/@no\/115748725522641635","error":""},"_links":{"self":[{"href":"https:\/\/www.europesays.com\/no\/wp-json\/wp\/v2\/posts\/117844","targetHints":{"allow":["GET"]}}],"collection":[{"href":"https:\/\/www.europesays.com\/no\/wp-json\/wp\/v2\/posts"}],"about":[{"href":"https:\/\/www.europesays.com\/no\/wp-json\/wp\/v2\/types\/post"}],"author":[{"embeddable":true,"href":"https:\/\/www.europesays.com\/no\/wp-json\/wp\/v2\/users\/2"}],"replies":[{"embeddable":true,"href":"https:\/\/www.europesays.com\/no\/wp-json\/wp\/v2\/comments?post=117844"}],"version-history":[{"count":0,"href":"https:\/\/www.europesays.com\/no\/wp-json\/wp\/v2\/posts\/117844\/revisions"}],"wp:featuredmedia":[{"embeddable":true,"href":"https:\/\/www.europesays.com\/no\/wp-json\/wp\/v2\/media\/117845"}],"wp:attachment":[{"href":"https:\/\/www.europesays.com\/no\/wp-json\/wp\/v2\/media?parent=117844"}],"wp:term":[{"taxonomy":"category","embeddable":true,"href":"https:\/\/www.europesays.com\/no\/wp-json\/wp\/v2\/categories?post=117844"},{"taxonomy":"post_tag","embeddable":true,"href":"https:\/\/www.europesays.com\/no\/wp-json\/wp\/v2\/tags?post=117844"}],"curies":[{"name":"wp","href":"https:\/\/api.w.org\/{rel}","templated":true}]}}