{"id":117846,"date":"2025-12-19T23:03:23","date_gmt":"2025-12-19T23:03:23","guid":{"rendered":"https:\/\/www.europesays.com\/no\/117846\/"},"modified":"2025-12-19T23:03:23","modified_gmt":"2025-12-19T23:03:23","slug":"severance-the-white-lotus-dette-er-arets-beste-serier-2025-fra-netflix-hbo-max-og-mange-flere","status":"publish","type":"post","link":"https:\/\/www.europesays.com\/no\/117846\/","title":{"rendered":"Severance, The White Lotus | Dette er \u00e5rets beste serier 2025 fra Netflix, HBO Max og mange flere"},"content":{"rendered":"\n<p>Fra fantastiske oppf\u00f8lger-sesonger til splitter nye, overraskende serier. 2025 er snart over, og vi har plukket ut det vi mener er de beste seriene fra \u00e5ret som gikk. Har du f\u00e5tt med deg alle?<\/p>\n<p>Severance (sesong 2)<\/p>\n<p>   <img decoding=\"async\" width=\"6000\" height=\"4000\" fetchpriority=\"low\"  loading=\"lazy\"  src=\"https:\/\/www.europesays.com\/no\/wp-content\/uploads\/2025\/10\/Severance_Photo_020101.jpg\" alt=\"\" class=\"brick-c-cFOWSL\" style=\"--brick-image-ratio: 6000 \/ 4000;\"\/><\/p>\n<p>Serien hvor noen har valgte \u00e5 la seg splitte mellom jobbpersonlighet og fritidspersonlighet har tatt oss med storm. Den er rar, tankevekkende og spennende, og vi gleder oss allerede til sesong tre.<\/p>\n<p>Begge de to f\u00f8rste sesongene kan du se p\u00e5 <b>Apple TV+.<\/b><\/p>\n<p><b>Les ogs\u00e5: <\/b><a class=\"simple-relation related-teaser article--c-eRUmMG article--c-eRUmMG-fZoQSp-design-nettavisen article--c-eRUmMG-gwthdJ-cv\" href=\"https:\/\/www.nettavisen.no\/arets-julefilmer-disneymagi-og-michelle-pfeiffer-alene-hjemme\/f\/5-95-2731764\" rel=\"nofollow noopener\" target=\"_blank\">\u00c5rets julefilmer: Disneymagi og Michelle Pfeiffer alene hjemme<\/a><\/p>\n<p>The Eternaut<\/p>\n<p>   <img decoding=\"async\" width=\"1904\" height=\"1072\" fetchpriority=\"low\"  loading=\"lazy\"  src=\"https:\/\/www.europesays.com\/no\/wp-content\/uploads\/2025\/12\/The+Eternaut.jpg\" alt=\"\" class=\"brick-c-cFOWSL\" style=\"--brick-image-ratio: 1904 \/ 1072;\"\/><\/p>\n<p>      I hum\u00f8r for noe litt annerledes? Se The Eternaut.<br \/>\n      Foto: Netflix\n    <\/p>\n<p>En argentinsk sci-fi-serie basert p\u00e5 en klassisk tegneserie fra 50-tallet. Den handler om en d\u00f8delig sn\u00f8storm som dreper millioner, og de overlevendes kamp mot en usynlig fremmed invasjon. Den er atmosf\u00e6risk, m\u00f8rk og visuelt helt unik sammenlignet med typiske Hollywood-produksjoner. <\/p>\n<p>Du ser serien p\u00e5<b> Netflix.<\/b><\/p>\n<p>The White Lotus (sesong 3)<\/p>\n<p>   <img decoding=\"async\" width=\"971\" height=\"647\" fetchpriority=\"low\"  loading=\"lazy\"  src=\"https:\/\/www.europesays.com\/no\/wp-content\/uploads\/2025\/12\/White+Lotus+Saxon.jpg\" alt=\"\" class=\"brick-c-cFOWSL\" style=\"--brick-image-ratio: 971 \/ 647;\"\/><\/p>\n<p>The White Lotus fortsetter \u00e5 begeistre, sesong etter sesong. Det sesong 3, som foregikk i Thailand, var like dramatisk og underholdende som de to f\u00f8rste. Det ryktes at sesong 3 skal legges til Frankrike, og vi gleder oss til mer rike mennesker, drap og dramatikk.<\/p>\n<p>\u00abThe White Lotus\u00bb kan du se p\u00e5 <b>HBO Max.<\/b><\/p>\n<p><b>Les ogs\u00e5: <\/b><a class=\"simple-relation related-teaser article--c-eRUmMG article--c-eRUmMG-fZoQSp-design-nettavisen article--c-eRUmMG-iYqjuU-model-review article--c-eRUmMG-dVRqVF-cv article--c-eRUmMG-gwthdJ-cv\" href=\"https:\/\/www.nettavisen.no\/the-white-lotus-sesong-3-forstyrrende-grafisk-og-grenselost\/r\/5-95-2279705\" rel=\"nofollow noopener\" target=\"_blank\">The White Lotus sesong 3: \u2013 Forstyrrende, grafisk og grensel\u00f8st<\/a><\/p>\n<p>The Studio<\/p>\n<p>   <img decoding=\"async\" width=\"3840\" height=\"2065\" fetchpriority=\"low\"  loading=\"lazy\"  src=\"https:\/\/www.europesays.com\/no\/wp-content\/uploads\/2025\/12\/The_Studio_Photo_010110.jpg\" alt=\"\" class=\"brick-c-cFOWSL\" style=\"--brick-image-ratio: 3840 \/ 2065;\"\/><\/p>\n<p>Serien hvor Seth Rogan er filmstudiosjef er b\u00e5de pinlig og morsom. Her g\u00e5r det meste galt, men det er underholdende \u00e5 se p\u00e5 selv om du noen ganger m\u00e5 se litt bort. Serien er kjent for en rekke , noe som passer bra med tanke p\u00e5 at den omhandler nettopp filmindustrien.<\/p>\n<p>\u00abThe Studio\u00bb vant hele 13 Emmy-priser i 2025, inkludert prisen for beste mannlige hovedrolle i en komiserie. Serien kan du se p\u00e5 <b>Apple TV+<\/b>, og det er allerede bekreftet at den er fornyet for en andre sesong.<\/p>\n<p>    Vil du se neste video?<\/p>\n<p>    <a href=\"https:\/\/www.nettavisen.no\/nyheter\/ville-donald-trump-spekulasjoner-det-er-noe-galt\/v\/5-95-2784982\" class=\"recommend-poster\" data-adp-clicklabel=\"video-recommend\" data-adp-clickvalue=\"poster\" rel=\"nofollow noopener\" target=\"_blank\"><br \/>\n      <img decoding=\"async\" width=\"200\" height=\"200\" loading=\"lazy\" src=\"https:\/\/www.europesays.com\/no\/wp-content\/uploads\/2025\/12\/Forvirret+Trump+2.jpg\" alt=\"\" class=\"brick-c-cFOWSL\" style=\"--brick-image-ratio: 200 \/ 200;\"\/><\/p>\n<p>Ville Trump-spekulasjoner: \u2013 Det er noe galt0:57<\/p>\n<p>    <\/a><\/p>\n<p>        Natt til mandag norsk tid gikk den 77. Emmy-utdelingen av stabelen i Hollywood, den store fest-kvelden for TV-bransjen.  Og Hollywood-eliten fikk gjennomg\u00e5 da den kjente komikeren og imitatoren Matt Friend entret scenen som president Donald Trump.<br \/>\n        The Last of Us (sesong 2)<\/p>\n<p>   <img decoding=\"async\" width=\"6000\" height=\"4000\" fetchpriority=\"low\"  loading=\"lazy\"  src=\"https:\/\/www.europesays.com\/no\/wp-content\/uploads\/2025\/12\/The+last+of+us_Abby+og+crew.jpg\" alt=\"\" class=\"brick-c-cFOWSL\" style=\"--brick-image-ratio: 6000 \/ 4000;\"\/><\/p>\n<p>      En av karakterene vi fikk m\u00f8te i sesong 2 av suksesserien var Abby. For de som har spilt spillet, var Abby godt kjent fra f\u00f8r.<br \/>\n      Foto: HBO Max\n    <\/p>\n<p>2025 var tydeligvis \u00e5ret for gode oppf\u00f8lger-sesonger. \u00abThe Last of Us\u00bb sesong 2 var b\u00e5de trist og dramatisk, og vi er spente p\u00e5 fortsettelsen etter slutten av den litt for korte andre sesongen. N\u00f8yaktig hva slutten var skal vi ikke si her, men har du ikke f\u00e5tt med deg den andre sesongen kan du bare gj\u00f8re deg klar til \u00e5 bli b\u00e5de r\u00f8rt og neglebitende spent.<\/p>\n<p>De to sesongen ligger p\u00e5 <b>HBO Max. <\/b><\/p>\n<p><b>Les ogs\u00e5: <\/b><a class=\"simple-relation related-teaser article--c-eRUmMG article--c-eRUmMG-fZoQSp-design-nettavisen article--c-eRUmMG-iYqjuU-model-review article--c-eRUmMG-dVRqVF-cv article--c-eRUmMG-gwthdJ-cv\" href=\"https:\/\/www.nettavisen.no\/the-last-of-us-sesong-2-briljant-brutalt-og-hjerteskjarende\/r\/5-95-2374154\" rel=\"nofollow noopener\" target=\"_blank\">\u00abThe Last of Us\u203a sesong 2: Briljant, brutalt og hjerteskj\u00e6rende<\/a><\/p>\n<p>Fallout (sesong 2)<\/p>\n<p>   <img decoding=\"async\" width=\"3482\" height=\"1959\" fetchpriority=\"low\"  loading=\"lazy\"  src=\"https:\/\/www.europesays.com\/no\/wp-content\/uploads\/2025\/12\/fallout-2-anmeldelse-terningkast-6-forside.jpg\" alt=\"\" class=\"brick-c-cFOWSL\" style=\"--brick-image-ratio: 3482 \/ 1959;\"\/><\/p>\n<p>      I sesong 2 av \u00abFallout\u00bb er den r\u00e5 estetikken enda sterkere, og actionsekvensene treffer hardere.<br \/>\n      Foto: Prime Video\n    <\/p>\n<p>Vi trodde ikke det var mulig at sesong 2 skulle v\u00e6re enda bedre enn den f\u00f8rste, men det var det alts\u00e5. Den ferske andre sesongen av den dystopiske serien kan du se p\u00e5 <b>Prime Video<\/b>, hvor det slippes episoder ukentlig.<\/p>\n<p><b>Les ogs\u00e5: <\/b><a class=\"simple-relation related-teaser article--c-eRUmMG article--c-eRUmMG-fZoQSp-design-nettavisen article--c-eRUmMG-iYqjuU-model-review article--c-eRUmMG-dVRqVF-cv article--c-eRUmMG-gwthdJ-cv\" href=\"https:\/\/www.nettavisen.no\/anmeldelse-fallout-2-enda-bedre-enn-forste-sesong\/r\/5-95-2776257\" rel=\"nofollow noopener\" target=\"_blank\">Anmeldelse Fallout 2: Enda bedre enn f\u00f8rste sesong<\/a><\/p>\n<p>Andor (sesong 2)<\/p>\n<p>   <img decoding=\"async\" width=\"1200\" height=\"675\" fetchpriority=\"low\"  loading=\"lazy\"  src=\"https:\/\/www.europesays.com\/no\/wp-content\/uploads\/2025\/12\/andor.jpg\" alt=\"Andor (Diego Luna) in Lucasfilm's ANDOR Season 2, exclusively on Disney+. \u00a92024 Lucasfilm Ltd. &amp; TM. All Rights Reserved.\" class=\"brick-c-cFOWSL\" style=\"--brick-image-ratio: 1200 \/ 675;\"\/><\/p>\n<p>      Andors andre sesong ble ingen skuffelse.<br \/>\n      Foto: Des Willie (Disney+)\n    <\/p>\n<p>Den avsluttende sesongen av denne Star Wars-serien har blitt fortjent hyllet for sitt voksne manus og politiske dybde. Mange mener dette er den beste produksjonen i hele universet. Dette er serien Star Wars fans har lett etter. Den er p\u00e5 <b>Disney+.<\/b><\/p>\n<p><b>Les ogs\u00e5: <\/b><a class=\"simple-relation related-teaser article--c-eRUmMG article--c-eRUmMG-fZoQSp-design-nettavisen article--c-eRUmMG-iYqjuU-model-review article--c-eRUmMG-dVRqVF-cv article--c-eRUmMG-gwthdJ-cv\" href=\"https:\/\/www.nettavisen.no\/anmeldelse-andor-sesong-2\/r\/5-95-2394312\" rel=\"nofollow noopener\" target=\"_blank\">Anmeldelse: Andor sesong 2<\/a><\/p>\n<p>Dying for Sex<\/p>\n<p>   <img decoding=\"async\" width=\"2078\" height=\"1380\" fetchpriority=\"low\"  loading=\"lazy\"  src=\"https:\/\/www.europesays.com\/no\/wp-content\/uploads\/2025\/12\/Dying+for+sex.jpg\" alt=\"\" class=\"brick-c-cFOWSL\" style=\"--brick-image-ratio: 2078 \/ 1380;\"\/><\/p>\n<p>      Molly (Michelle Williams) finner ut at hun skal d\u00f8, i \u00abDying for Sex\u00bb.<br \/>\n      Foto: Disney+\n    <\/p>\n<p>Michelle Williams storspiller i en \u00e6rlig og modig serie om sykdom og seksualitet. Denne er ekte og s\u00e5r, og en serie du uten tvil b\u00f8r f\u00e5 med deg.<\/p>\n<p><b>Disney+<\/b> er stedet.<\/p>\n<p>    Vil du se neste video?<\/p>\n<p>    <a href=\"https:\/\/www.nettavisen.no\/kjendis\/tobias-santelmann-ikke-sa-glad-i-konflikter\/v\/5-95-2781148\" class=\"recommend-poster\" data-adp-clicklabel=\"video-recommend\" data-adp-clickvalue=\"poster\" rel=\"nofollow noopener\" target=\"_blank\"><br \/>\n      <img decoding=\"async\" width=\"200\" height=\"200\" loading=\"lazy\" src=\"https:\/\/www.europesays.com\/no\/wp-content\/uploads\/2025\/12\/Tobias+Santelmann.jpg\" alt=\"\" class=\"brick-c-cFOWSL\" style=\"--brick-image-ratio: 200 \/ 200;\"\/><\/p>\n<p>\u2013 Ikke s\u00e5 glad i konflikter1:10<\/p>\n<p>    <\/a><\/p>\n<p>        Vi har sett Tobias Santelmann i mange s\u00e6rdeles ulike roller. N\u00e5 er han aktuell som Tomas i sesong 2 av \u00abVeronika\u00bb, og snart f\u00e5r vi se Santelmann som Harry Hole. Vi har spurt hvilke roller han trives aller best med.<br \/>\n        P\u00f8rni (sesong 5)  <\/p>\n<p>   <img decoding=\"async\" width=\"1150\" height=\"646\" fetchpriority=\"low\"  loading=\"lazy\"  src=\"https:\/\/www.europesays.com\/no\/wp-content\/uploads\/2025\/12\/5_95_360919+p%C3%B8rni.jpeg\" alt=\"\" class=\"brick-c-cFOWSL\" style=\"--brick-image-ratio: 1150 \/ 646;\"\/><\/p>\n<p>      P\u00f8rni er n\u00e5 avsluttet, og du kan se serien i sin helhet p\u00e5 Netflix.<br \/>\n      Foto: Netflix\n    <\/p>\n<p>Henriette Steenstrup satte et verdig punktum for denne hjertevarme serien i \u00e5r. Den regnes fortsatt som en av de beste norske produksjonene noensinne.<\/p>\n<p>P\u00f8rni bor n\u00e5 p\u00e5 <b>Netflix<\/b>.<\/p>\n<p>Vi m\u00e5 ogs\u00e5 nevne Steenstrups \u00abNepobaby\u00bb, som du finner p\u00e5 <b>TV 2 Play. <\/b><\/p>\n<p>North of North  <\/p>\n<p>   <img decoding=\"async\" width=\"1147\" height=\"764\" fetchpriority=\"low\"  loading=\"lazy\"  src=\"https:\/\/www.europesays.com\/no\/wp-content\/uploads\/2025\/12\/North+of+North.jpg\" alt=\"\" class=\"brick-c-cFOWSL\" style=\"--brick-image-ratio: 1147 \/ 764;\"\/><\/p>\n<p>      North of North er en av seriene du ikke b\u00f8r g\u00e5 glipp av.<br \/>\n      Foto: Netflix\n    <\/p>\n<p>En herlig og annerledes komedie satt til det arktiske Canada (Nunavut). Vi f\u00f8lger en alenemor som pr\u00f8ver \u00e5 navigere livet i et lite samfunn der alle kjenner alle. Den er hjertevarm, morsom og gir et sjeldent innblikk i inuittisk kultur p\u00e5 en moderne m\u00e5te.<\/p>\n<p>Du finner den p\u00e5 <b>Netflix.<\/b><\/p>\n<p>Sandman (sesong 2)<\/p>\n<p>   <img decoding=\"async\" width=\"2327\" height=\"1489\" fetchpriority=\"low\"  loading=\"lazy\"  src=\"https:\/\/www.europesays.com\/no\/wp-content\/uploads\/2025\/12\/Sandman.jpg\" alt=\"\" class=\"brick-c-cFOWSL\" style=\"--brick-image-ratio: 2327 \/ 1489;\"\/><\/p>\n<p>      Sandman ble avsluttet med en andre sesong i 2025.<br \/>\n      Foto: Netflix\n    <\/p>\n<p>Hvis du likte den f\u00f8rste sesongen, er det absolutt verdt \u00e5 se ferdig sagaen, spesielt for \u00e5 se introduksjonen av de nye s\u00f8sknene og det visuelle overskuddet i historien fra helvete.<\/p>\n<p>Dette er ogs\u00e5 <b>Netflix.<\/b><\/p>\n<p>Pluribus<\/p>\n<p>   <img decoding=\"async\" width=\"1592\" height=\"889\" fetchpriority=\"low\"  loading=\"lazy\"  src=\"https:\/\/www.europesays.com\/no\/wp-content\/uploads\/2025\/12\/Pluribus.jpg\" alt=\"\" class=\"brick-c-cFOWSL\" style=\"--brick-image-ratio: 1592 \/ 889;\"\/><\/p>\n<p>      Carol (Rhea Sheehorn) kan omtrent ikke se for seg noe verre enn en verden full av mennesker som er overhyggelige. Uheldigvis for Carol.<br \/>\n      Foto: Apple TV+\n    <\/p>\n<p>I \u00abPluribus\u00bb har et utenomjordisk virus gitt menneskeheten \u00e9n felles bevissthet, med ett unntak. Dette unntaket er Carol (Rhea Seehorn, \u00abBetter Call Saul\u00bb) \u2013 en -forfatter som er elsket av fansen, men selv hater det hun har skapt.<\/p>\n<p>Pluribus finner du p\u00e5 <b>Apple TV+. <\/b><\/p>\n<p>IT: Welcome to Derry<\/p>\n<p>   <img decoding=\"async\" width=\"4055\" height=\"2281\" fetchpriority=\"low\"  loading=\"lazy\"  src=\"https:\/\/www.europesays.com\/no\/wp-content\/uploads\/2025\/12\/IT+-+Welcome+to+Derry.jpg\" alt=\"\" class=\"brick-c-cFOWSL\" style=\"--brick-image-ratio: 4055 \/ 2281;\"\/><\/p>\n<p>\u00abIt: Welcome to Derry\u00bb er uten tvil en god serie, men v\u00e6r forberedt: Den er ogs\u00e5 temmelig grusom. Hvis du ikke klarer \u00e5 se p\u00e5 at det skjer f\u00e6le ting med barn, s\u00e5 er ikke dette serien for deg. Men om du elsker gr\u00f8ss og ikke lar deg skremme s\u00e5 lett, b\u00f8r du uten tvil f\u00e5 med deg serien fra Stephen Kings univers.<\/p>\n<p>Du ser den p\u00e5 <b>HBO Max.<\/b><\/p>\n<p><b>Les ogs\u00e5: <\/b><a class=\"simple-relation related-teaser article--c-eRUmMG article--c-eRUmMG-fZoQSp-design-nettavisen article--c-eRUmMG-iYqjuU-model-review article--c-eRUmMG-dVRqVF-cv article--c-eRUmMG-gwthdJ-cv\" href=\"https:\/\/www.nettavisen.no\/anmeldelse-av-it-welcome-to-derry\/r\/5-95-2695172\" rel=\"nofollow noopener\" target=\"_blank\">Anmeldelse av \u00abIT: Welcome to Derry\u00bb<\/a><\/p>\n<p>Adolescence<\/p>\n<p>   <img decoding=\"async\" width=\"1833\" height=\"1032\" fetchpriority=\"low\"  loading=\"lazy\"  src=\"https:\/\/www.europesays.com\/no\/wp-content\/uploads\/2025\/12\/Adolescence+forside.jpg\" alt=\"Adolescence. Owen Cooper as Jamie Miller in Adolescence. Cr. Courtesy of Netflix \u00a9 2024\" class=\"brick-c-cFOWSL\" style=\"--brick-image-ratio: 1833 \/ 1032;\"\/><\/p>\n<p>      Owen Cooper spiller Jamie Miller in Adolescence.<br \/>\n      Foto: Netflix\n    <\/p>\n<p>En 13 \u00e5r gammel gutt er arrestert for drapet p\u00e5 en ung jente. Dette er en vond serie, som ogs\u00e5 er s\u00e5 god. Hver episode av \u00abAdolescence\u00bb er imponerende nok laget i \u00e9n takning. Sett av tid til denne n\u00e5r du er klar for en tankevekkende serie med sterke prestasjoner.<\/p>\n<p>Du finner serien p\u00e5 <b>Netflix<\/b>.<\/p>\n<p>Ludwig<\/p>\n<p>   <img decoding=\"async\" width=\"1920\" height=\"1080\" fetchpriority=\"low\"  loading=\"lazy\"  src=\"https:\/\/www.europesays.com\/no\/wp-content\/uploads\/2025\/12\/Ludwig.jpeg\" alt=\"\" class=\"brick-c-cFOWSL\" style=\"--brick-image-ratio: 1920 \/ 1080;\"\/><\/p>\n<p>      John lager kryssord og hjernetrim for andre, under pseudonymet \u00abLudwig\u00bb. N\u00e5r han ikke er motvillig stand-in for sin forsvunne tvilling i politiet.<br \/>\n      Foto: BBC\n    <\/p>\n<p>En britisk krim-komedie som er perfekt hvis du liker puslespill-mysterier. En ensom og nerdete mann m\u00e5 utgi seg for \u00e5 v\u00e6re sin tvillingbror (som er politietterforsker) for \u00e5 finne ut hvorfor broren forsvant. Den er vittig, sjarmerende og veldig \u00abbritisk\u00bb. <b>NRK<\/b> og <b>Britbox<\/b> har den.<\/p>\n<p>Alien: Earth  <\/p>\n<p>   <img decoding=\"async\" width=\"947\" height=\"570\" fetchpriority=\"low\"  loading=\"lazy\"  src=\"https:\/\/www.europesays.com\/no\/wp-content\/uploads\/2025\/10\/Alien+Earth.jpg\" alt=\"\" class=\"brick-c-cFOWSL\" style=\"--brick-image-ratio: 947 \/ 570;\"\/><\/p>\n<p>  Apropos skrekk, s\u00e5 b\u00f8r du ogs\u00e5 f\u00e5 med deg \u00abAlien: Earth\u00bb, serien so, foreg\u00e5r i 2120, p\u00e5 en klode styrt av fem selskaper. Skummelt nok i seg selv, og n\u00e5r vi slenger monstre og hybrider inn i miksen blir det gr\u00f8ss som fungerer.  <\/p>\n<p><b>Les ogs\u00e5:<\/b> <a class=\"simple-relation related-teaser article--c-eRUmMG article--c-eRUmMG-fZoQSp-design-nettavisen article--c-eRUmMG-iYqjuU-model-review article--c-eRUmMG-dVRqVF-cv article--c-eRUmMG-gwthdJ-cv\" href=\"https:\/\/www.nettavisen.no\/anmeldelse-av-alien-earth-best-siden-aliens\/r\/5-95-2557665\" rel=\"nofollow noopener\" target=\"_blank\">Anmeldelse av Alien: Earth: \u2013 Best siden Aliens<\/a><\/p>\n<p>  \u00d8lhunden Berit  <\/p>\n<p>   <img decoding=\"async\" width=\"1244\" height=\"699\" fetchpriority=\"low\"  loading=\"lazy\"  src=\"https:\/\/www.europesays.com\/no\/wp-content\/uploads\/2025\/12\/%C3%98lhunden+Berit+front.jpg\" alt=\"\" class=\"brick-c-cFOWSL\" style=\"--brick-image-ratio: 1244 \/ 699;\"\/><\/p>\n<p>En liten norsk snakkis som kanskje har g\u00e5tt under radaren for mange. En m\u00f8rk og rar dramakomedie som har h\u00f8stet gode kritiker for sitt skr\u00e5blikk p\u00e5 norsk drikkekultur og ensomhet.<\/p>\n<p>\u00ab\u00d8lhunden Berit\u00bb finner du p\u00e5 <b>NRK.<\/b><\/p>\n<p>  Rekviem for Selina  <\/p>\n<p>   <img decoding=\"async\" width=\"2159\" height=\"1407\" fetchpriority=\"low\"  loading=\"lazy\"  src=\"https:\/\/www.europesays.com\/no\/wp-content\/uploads\/2025\/12\/NTB_NlOZe8b3VLE.jpg\" alt=\"Oslo 20250317. &#10;Elli M\u00fcller Osbourne i \" rekviem=\"\" for=\"\" selina=\"\" bloggdramaet=\"\" p=\"\" nrk=\"\" som=\"\" sl=\"\" an.=\"\" handout.=\"\" bildet=\"\" inng=\"\" i=\"\" ntbs=\"\" tilbud=\"\" til=\"\" abonnenter=\"\" nyhetsfoto.=\"\" skal=\"\" kun=\"\" benyttes=\"\" forbindelse=\"\" med=\"\" angitt=\"\" sak.=\"\" foto:=\"\" torbj=\"\" sundal=\"\" holen=\"\" anti=\"\" handout=\"\" ntb=\"\" class=\"brick-c-cFOWSL\" style=\"--brick-image-ratio: 2159 \/ 1407;\"\/><\/p>\n<p>      Elli M\u00fcller Osbourne spiller hovedrollen som Selina i \u00abRekviem for Selina\u00bb.<br \/>\n      Foto: Torbj\u00f8rn Sundal Holen \/ Anti \/ NRK\n    <\/p>\n<p>Serien delvis basert p\u00e5 Sophie Elises liv skapte store overskrifter da den kom i mars 2025. Serien er ikke bare for de som har fulgt \u00abrosabloggerne\u00bb fra starten, men noe for alle som lar seg fascinere av et liv som leves offentlig p\u00e5 internett. Se serien, om du ikke har gjort det allerede.<\/p>\n<p>Denne ligger ogs\u00e5 p\u00e5 <b>NRK<\/b>.<\/p>\n<p><b>Les ogs\u00e5: <\/b><a class=\"simple-relation related-teaser article--c-eRUmMG article--c-eRUmMG-fZoQSp-design-nettavisen article--c-eRUmMG-gwthdJ-cv\" href=\"https:\/\/www.nettavisen.no\/rekviem-for-selina-vant-internasjonal-pris\/s\/5-95-2360788\" rel=\"nofollow noopener\" target=\"_blank\">\u00abRekviem for Selina\u00bb vant internasjonal pris<\/a><\/p>\n","protected":false},"excerpt":{"rendered":"Fra fantastiske oppf\u00f8lger-sesonger til splitter nye, overraskende serier. 2025 er snart over, og vi har plukket ut det&hellip;\n","protected":false},"author":2,"featured_media":117847,"comment_status":"","ping_status":"","sticky":false,"template":"","format":"standard","meta":{"footnotes":""},"categories":[58],"tags":[71,30,28,29,72],"class_list":{"0":"post-117846","1":"post","2":"type-post","3":"status-publish","4":"format-standard","5":"has-post-thumbnail","7":"category-underholdning","8":"tag-entertainment","9":"tag-no","10":"tag-norge","11":"tag-norway","12":"tag-underholdning"},"share_on_mastodon":{"url":"https:\/\/pubeurope.com\/@no\/115748733517759530","error":""},"_links":{"self":[{"href":"https:\/\/www.europesays.com\/no\/wp-json\/wp\/v2\/posts\/117846","targetHints":{"allow":["GET"]}}],"collection":[{"href":"https:\/\/www.europesays.com\/no\/wp-json\/wp\/v2\/posts"}],"about":[{"href":"https:\/\/www.europesays.com\/no\/wp-json\/wp\/v2\/types\/post"}],"author":[{"embeddable":true,"href":"https:\/\/www.europesays.com\/no\/wp-json\/wp\/v2\/users\/2"}],"replies":[{"embeddable":true,"href":"https:\/\/www.europesays.com\/no\/wp-json\/wp\/v2\/comments?post=117846"}],"version-history":[{"count":0,"href":"https:\/\/www.europesays.com\/no\/wp-json\/wp\/v2\/posts\/117846\/revisions"}],"wp:featuredmedia":[{"embeddable":true,"href":"https:\/\/www.europesays.com\/no\/wp-json\/wp\/v2\/media\/117847"}],"wp:attachment":[{"href":"https:\/\/www.europesays.com\/no\/wp-json\/wp\/v2\/media?parent=117846"}],"wp:term":[{"taxonomy":"category","embeddable":true,"href":"https:\/\/www.europesays.com\/no\/wp-json\/wp\/v2\/categories?post=117846"},{"taxonomy":"post_tag","embeddable":true,"href":"https:\/\/www.europesays.com\/no\/wp-json\/wp\/v2\/tags?post=117846"}],"curies":[{"name":"wp","href":"https:\/\/api.w.org\/{rel}","templated":true}]}}