{"id":117848,"date":"2025-12-19T23:06:14","date_gmt":"2025-12-19T23:06:14","guid":{"rendered":"https:\/\/www.europesays.com\/no\/117848\/"},"modified":"2025-12-19T23:06:14","modified_gmt":"2025-12-19T23:06:14","slug":"kristen-kvinne-straffeforfolges-pa-nytt-for-stille-bonn","status":"publish","type":"post","link":"https:\/\/www.europesays.com\/no\/117848\/","title":{"rendered":"Kristen kvinne straffeforf\u00f8lges p\u00e5 nytt for stille b\u00f8nn"},"content":{"rendered":"<p>\n        ETTERFORSKER: For tredje gang m\u00e5 den kristne kvinnen t\u00e5le etterforskning etter b\u00f8nn.<br \/>\n        ADF UK\n    <\/p>\n<p>    \u2013 Det er utrolig at jeg nok en gang blir tiltalt for \u00e5 st\u00e5 p\u00e5 et offentlig sted og ha pro-life-overbevisninger, sier kvinnen selv.\u00a0<\/p>\n<p>Den frivillige veldedighetsarbeideren Isabel Vaughan-Spruce blir igjen strafferettslig tiltalt. Det melder ADF International i en <a href=\"https:\/\/adfinternational.org\/news\/uk-christian-woman-criminally-charged-for-standing-silently-praying\" rel=\"nofollow noopener\" target=\"_blank\">pressemelding<\/a>.\u00a0<\/p>\n<p>Grunnen? I januar i \u00e5r ba hun stille b\u00f8nnen p\u00e5 en offentlig gate i n\u00e6rheten av en abortklinikk i Birmingham i England.\u00a0<\/p>\n<p>Hun er tidligere frikjent i retten og mottok erstatning fra politiet etter \u00e5 ha blitt urettmessig arrestert to ganger for sine stille b\u00f8nner.<\/p>\n","protected":false},"excerpt":{"rendered":"ETTERFORSKER: For tredje gang m\u00e5 den kristne kvinnen t\u00e5le etterforskning etter b\u00f8nn. ADF UK \u2013 Det er utrolig&hellip;\n","protected":false},"author":2,"featured_media":117849,"comment_status":"","ping_status":"","sticky":false,"template":"","format":"standard","meta":{"footnotes":""},"categories":[12],"tags":[20,21,24,25,15,22,23,13,30,28,29,14,16,26,27,42,43,44,45],"class_list":{"0":"post-117848","1":"post","2":"type-post","3":"status-publish","4":"format-standard","5":"has-post-thumbnail","7":"category-verden","8":"tag-breaking-news","9":"tag-breakingnews","10":"tag-featured-news","11":"tag-featurednews","12":"tag-headlines","13":"tag-latest-news","14":"tag-latestnews","15":"tag-news","16":"tag-no","17":"tag-norge","18":"tag-norway","19":"tag-nyheter","20":"tag-overskrifter","21":"tag-top-stories","22":"tag-topstories","23":"tag-verden","24":"tag-world","25":"tag-world-news","26":"tag-worldnews"},"share_on_mastodon":{"url":"https:\/\/pubeurope.com\/@no\/115748744902727189","error":""},"_links":{"self":[{"href":"https:\/\/www.europesays.com\/no\/wp-json\/wp\/v2\/posts\/117848","targetHints":{"allow":["GET"]}}],"collection":[{"href":"https:\/\/www.europesays.com\/no\/wp-json\/wp\/v2\/posts"}],"about":[{"href":"https:\/\/www.europesays.com\/no\/wp-json\/wp\/v2\/types\/post"}],"author":[{"embeddable":true,"href":"https:\/\/www.europesays.com\/no\/wp-json\/wp\/v2\/users\/2"}],"replies":[{"embeddable":true,"href":"https:\/\/www.europesays.com\/no\/wp-json\/wp\/v2\/comments?post=117848"}],"version-history":[{"count":0,"href":"https:\/\/www.europesays.com\/no\/wp-json\/wp\/v2\/posts\/117848\/revisions"}],"wp:featuredmedia":[{"embeddable":true,"href":"https:\/\/www.europesays.com\/no\/wp-json\/wp\/v2\/media\/117849"}],"wp:attachment":[{"href":"https:\/\/www.europesays.com\/no\/wp-json\/wp\/v2\/media?parent=117848"}],"wp:term":[{"taxonomy":"category","embeddable":true,"href":"https:\/\/www.europesays.com\/no\/wp-json\/wp\/v2\/categories?post=117848"},{"taxonomy":"post_tag","embeddable":true,"href":"https:\/\/www.europesays.com\/no\/wp-json\/wp\/v2\/tags?post=117848"}],"curies":[{"name":"wp","href":"https:\/\/api.w.org\/{rel}","templated":true}]}}