{"id":117850,"date":"2025-12-19T23:10:15","date_gmt":"2025-12-19T23:10:15","guid":{"rendered":"https:\/\/www.europesays.com\/no\/117850\/"},"modified":"2025-12-19T23:10:15","modified_gmt":"2025-12-19T23:10:15","slug":"ode-nerdrum-forelsket-ode-nerdrum-roper-ny-flamme","status":"publish","type":"post","link":"https:\/\/www.europesays.com\/no\/117850\/","title":{"rendered":"\u00d6de Nerdrum, Forelsket | \u00d6de Nerdrum r\u00f8per ny flamme"},"content":{"rendered":"\n<p>Kunstneren \u00e5pner opp om den nye flammen i influenser Anniken J\u00f8rgensens podkast.<\/p>\n<p>\u2013 Jeg er i en situasjon, ja. En overgang til \u00e5 bli kj\u00e6reste. Hun er privat, men det er veldig fint. Jeg er jo en amat\u00f8r i kj\u00e6rligheten, men jeg er forelsket, forteller han.<\/p>\n<p><a href=\"https:\/\/www.dagbladet.no\/kjendis\/jeg-er-forelsket\/84011519\" rel=\"Follow nofollow noopener\" target=\"_blank\">Dagbladet <\/a>omtalte saken f\u00f8rst.<\/p>\n<p>Nerdrum og J\u00f8rgensen figurerte sammen i \u00abFarmen kjendis\u00bb for fire \u00e5r siden.<\/p>\n<p>Siden har det rent inn med frierbrev, noe Nerdrum ikke synes nevneverdig om.<\/p>\n<p>\u2013 Frierbrev gj\u00f8r meg stresset, s\u00e5 de la jeg ned i en skuff, forteller han.<\/p>\n<p>    Vil du se neste video?<\/p>\n<p>    <a href=\"https:\/\/www.nettavisen.no\/nyheter\/ville-donald-trump-spekulasjoner-det-er-noe-galt\/v\/5-95-2784982\" class=\"recommend-poster\" data-adp-clicklabel=\"video-recommend\" data-adp-clickvalue=\"poster\" rel=\"nofollow noopener\" target=\"_blank\"><br \/>\n      <img decoding=\"async\" width=\"200\" height=\"200\" loading=\"lazy\" src=\"https:\/\/www.europesays.com\/no\/wp-content\/uploads\/2025\/12\/Forvirret+Trump+2.jpg\" alt=\"\" class=\"brick-c-cFOWSL\" style=\"--brick-image-ratio: 200 \/ 200;\"\/><\/p>\n<p>Ville Trump-spekulasjoner: \u2013 Det er noe galt0:57<\/p>\n<p>    <\/a><\/p>\n<p>Det var likevel et som skal ha skilt seg ut i mengden.<\/p>\n<p>\u2013 Jeg hadde tenkt \u00e5 kaste det, men \u00e5pnet og s\u00e5 p\u00e5 m\u00e5ten det var laget. Jeg leste det ikke, men det var et veldig flott oppsett med fin l\u00f8kkeskrift, forklarer han.<\/p>\n<p><b>Les ogs\u00e5: <a href=\"https:\/\/www.nettavisen.no\/kjendis\/bekrefter-ny-sesong-av-familien-nerdrum\/s\/5-95-2636938\" rel=\"Follow nofollow noopener\" target=\"_blank\">Bekrefter ny sesong av \u00abFamilien Nerdrum\u00bb<\/a><\/b><\/p>\n<p>Nerdrum har ogs\u00e5 sammen med resten av sin popul\u00e6re kunstnerfamilie v\u00e6rt \u00e5 se i TV-serien \u00abFamilien Nerdrum\u00bb.<\/p>\n<p>I september bekrefter NRK at det vil komme en ny sesong av serien, som vil bli vist p\u00e5 TV h\u00f8sten 2026.<\/p>\n<p>\u2013 Jeg er overbevist om at vi holder p\u00e5 med noen unike geskjefter som den norske befolkning b\u00e5de kan le og l\u00e6re av, sa \u00d6de til NRK.<\/p>\n<p>Over 1,1 millioner seere s\u00e5 i snitt hver episode av den f\u00f8rste sesongen.<\/p>\n<p>    Vil du se neste video?<\/p>\n<p>    <a href=\"https:\/\/www.nettavisen.no\/nyheter\/ville-donald-trump-spekulasjoner-det-er-noe-galt\/v\/5-95-2784982\" class=\"recommend-poster\" data-adp-clicklabel=\"video-recommend\" data-adp-clickvalue=\"poster\" rel=\"nofollow noopener\" target=\"_blank\"><br \/>\n      <img decoding=\"async\" width=\"200\" height=\"200\" loading=\"lazy\" src=\"https:\/\/www.europesays.com\/no\/wp-content\/uploads\/2025\/12\/Forvirret+Trump+2.jpg\" alt=\"\" class=\"brick-c-cFOWSL\" style=\"--brick-image-ratio: 200 \/ 200;\"\/><\/p>\n<p>Ville Trump-spekulasjoner: \u2013 Det er noe galt0:57<\/p>\n<p>    <\/a><\/p>\n","protected":false},"excerpt":{"rendered":"Kunstneren \u00e5pner opp om den nye flammen i influenser Anniken J\u00f8rgensens podkast. \u2013 Jeg er i en situasjon,&hellip;\n","protected":false},"author":2,"featured_media":117851,"comment_status":"","ping_status":"","sticky":false,"template":"","format":"standard","meta":{"footnotes":""},"categories":[58],"tags":[71,30,28,29,72],"class_list":{"0":"post-117850","1":"post","2":"type-post","3":"status-publish","4":"format-standard","5":"has-post-thumbnail","7":"category-underholdning","8":"tag-entertainment","9":"tag-no","10":"tag-norge","11":"tag-norway","12":"tag-underholdning"},"share_on_mastodon":{"url":"https:\/\/pubeurope.com\/@no\/115748760933024411","error":""},"_links":{"self":[{"href":"https:\/\/www.europesays.com\/no\/wp-json\/wp\/v2\/posts\/117850","targetHints":{"allow":["GET"]}}],"collection":[{"href":"https:\/\/www.europesays.com\/no\/wp-json\/wp\/v2\/posts"}],"about":[{"href":"https:\/\/www.europesays.com\/no\/wp-json\/wp\/v2\/types\/post"}],"author":[{"embeddable":true,"href":"https:\/\/www.europesays.com\/no\/wp-json\/wp\/v2\/users\/2"}],"replies":[{"embeddable":true,"href":"https:\/\/www.europesays.com\/no\/wp-json\/wp\/v2\/comments?post=117850"}],"version-history":[{"count":0,"href":"https:\/\/www.europesays.com\/no\/wp-json\/wp\/v2\/posts\/117850\/revisions"}],"wp:featuredmedia":[{"embeddable":true,"href":"https:\/\/www.europesays.com\/no\/wp-json\/wp\/v2\/media\/117851"}],"wp:attachment":[{"href":"https:\/\/www.europesays.com\/no\/wp-json\/wp\/v2\/media?parent=117850"}],"wp:term":[{"taxonomy":"category","embeddable":true,"href":"https:\/\/www.europesays.com\/no\/wp-json\/wp\/v2\/categories?post=117850"},{"taxonomy":"post_tag","embeddable":true,"href":"https:\/\/www.europesays.com\/no\/wp-json\/wp\/v2\/tags?post=117850"}],"curies":[{"name":"wp","href":"https:\/\/api.w.org\/{rel}","templated":true}]}}