{"id":117852,"date":"2025-12-19T23:18:44","date_gmt":"2025-12-19T23:18:44","guid":{"rendered":"https:\/\/www.europesays.com\/no\/117852\/"},"modified":"2025-12-19T23:18:44","modified_gmt":"2025-12-19T23:18:44","slug":"intervju-med-forfatter-og-kulturkritiker-w-david-marx","status":"publish","type":"post","link":"https:\/\/www.europesays.com\/no\/117852\/","title":{"rendered":"Intervju med forfatter og kulturkritiker W. David Marx. (+)"},"content":{"rendered":"<p>                        <img class=\"lazyload-image\" data- alt=\"W. David Marx\" \/><\/p>\n<p>\n                            W. David Marx<\/p>\n<p>                                Foto: Seishi Shirakawa<\/p>\n<p class=\"vrs-article-header__title\" itemprop=\"headline\">\n              \u00abDet er vanskeligere \u00e5 forestille seg slutten p\u00e5 Taylor Swift enn verdens ende\u00bb\n            <\/p>\n<p>                        Tekst<br \/>\n                        <a class=\"vrs-article-header__author-name\" rel=\"author nofollow noopener\" itemprop=\"author\" href=\"https:\/\/www.dn.no\/d2\/kultur\/mote\/bok\/taylor-swift\/det-er-vanskeligere-a-forestille-seg-slutten-pa-taylor-swift-enn-verdens-ende\/mailto:simen.v.gonsholt@dn.no\" target=\"_blank\">Simen V. Gonsholt<\/a><\/p>\n<p>                    18. desember 2025<\/p>\n<p class=\"vrs-article-header__summary\">\n                W. David Marx har skrevet kulturhistorien om de f\u00f8rste 25 \u00e5rene av det 21. \u00e5rhundret. Konklusjonen hans er at han ikke orker 25 \u00e5r til med det her\n              <\/p>\n","protected":false},"excerpt":{"rendered":"W. David Marx Foto: Seishi Shirakawa \u00abDet er vanskeligere \u00e5 forestille seg slutten p\u00e5 Taylor Swift enn verdens&hellip;\n","protected":false},"author":2,"featured_media":117853,"comment_status":"","ping_status":"","sticky":false,"template":"","format":"standard","meta":{"footnotes":""},"categories":[58],"tags":[71,30,28,29,72],"class_list":{"0":"post-117852","1":"post","2":"type-post","3":"status-publish","4":"format-standard","5":"has-post-thumbnail","7":"category-underholdning","8":"tag-entertainment","9":"tag-no","10":"tag-norge","11":"tag-norway","12":"tag-underholdning"},"share_on_mastodon":{"url":"https:\/\/pubeurope.com\/@no\/115748792091841009","error":""},"_links":{"self":[{"href":"https:\/\/www.europesays.com\/no\/wp-json\/wp\/v2\/posts\/117852","targetHints":{"allow":["GET"]}}],"collection":[{"href":"https:\/\/www.europesays.com\/no\/wp-json\/wp\/v2\/posts"}],"about":[{"href":"https:\/\/www.europesays.com\/no\/wp-json\/wp\/v2\/types\/post"}],"author":[{"embeddable":true,"href":"https:\/\/www.europesays.com\/no\/wp-json\/wp\/v2\/users\/2"}],"replies":[{"embeddable":true,"href":"https:\/\/www.europesays.com\/no\/wp-json\/wp\/v2\/comments?post=117852"}],"version-history":[{"count":0,"href":"https:\/\/www.europesays.com\/no\/wp-json\/wp\/v2\/posts\/117852\/revisions"}],"wp:featuredmedia":[{"embeddable":true,"href":"https:\/\/www.europesays.com\/no\/wp-json\/wp\/v2\/media\/117853"}],"wp:attachment":[{"href":"https:\/\/www.europesays.com\/no\/wp-json\/wp\/v2\/media?parent=117852"}],"wp:term":[{"taxonomy":"category","embeddable":true,"href":"https:\/\/www.europesays.com\/no\/wp-json\/wp\/v2\/categories?post=117852"},{"taxonomy":"post_tag","embeddable":true,"href":"https:\/\/www.europesays.com\/no\/wp-json\/wp\/v2\/tags?post=117852"}],"curies":[{"name":"wp","href":"https:\/\/api.w.org\/{rel}","templated":true}]}}