{"id":117859,"date":"2025-12-19T23:34:36","date_gmt":"2025-12-19T23:34:36","guid":{"rendered":"https:\/\/www.europesays.com\/no\/117859\/"},"modified":"2025-12-19T23:34:36","modified_gmt":"2025-12-19T23:34:36","slug":"inngar-kontrakt-pa-50-mill-med-lokalt-selskap-fvn-no","status":"publish","type":"post","link":"https:\/\/www.europesays.com\/no\/117859\/","title":{"rendered":"(+) Inng\u00e5r kontrakt p\u00e5 50 mill. med lokalt selskap &#8211; fvn.no"},"content":{"rendered":"<ol>\n<li><a href=\"https:\/\/news.google.com\/rss\/articles\/CBMiogFBVV95cUxPNVUtR25nS1N3VnpUTmVpUXpEb01IQjZiLTdRcmEtRVpWWGsyOUt4cGk5NlFEcUlDU3VaM3ZJRFh3SWxnS3dFN3l2UXFJY1FRR2JuUlNkZks5SkxHZmtIcUxwZkc1dERNOF9aNmF6YXVnT3ZaNzl1MExmN0FKVjU5M0JJYWQzOGs2V3psLUZEcW5nZ0U3TjZjUVR0Rzk2ZXM3ZGc?oc=5\" target=\"_blank\" rel=\"nofollow noopener\">(+) Inng\u00e5r kontrakt p\u00e5 50 mill. med lokalt selskap<\/a>&nbsp;&nbsp;fvn.no<\/li>\n<li><a href=\"https:\/\/news.google.com\/rss\/articles\/CBMifEFVX3lxTE5PaDdkeF9XX3ViU1FfNmdSdkFrTlF4WVRoNkxpTGhqeGJHZUVTSXVKMXNjdnhKMjV2YU9MX2hMMnpXcDkydjFjaUVneVgyNFI0ODNwU1ozeDU3WnZJLXF5c2FmeUJJNFZpTE5VaTVBOTgzbDdYa25yZ3JqYkg?oc=5\" target=\"_blank\" rel=\"nofollow noopener\">Lokale nyheter, Kristiansand | Entrepren\u00f8ren er valgt &#8211; veien legges om<\/a>&nbsp;&nbsp;KRS &#8211; Avisen Kristiansand<\/li>\n<li><a href=\"https:\/\/news.google.com\/rss\/articles\/CBMixwFBVV95cUxNcHNZaG5NVHFKdmRtY3ZXemR6TTgwSGo4d2Fxc3RKVXNfSkZhTURUbXoyRHRNMVdWS09xZ0UtRVdWLVBKSzNaNXI1M1p0dmFzcTFZODg3RUxQTkFWZllxRW1EVTZXUWtSVENwRGE2bklEbTJVUm01ZWl3TUZnV0xrQ0VtZ3hMMnRuWWxndWpJRG9oZHBESkNYMzlQS2diWlRUZmUxTks5N2RmZ0poZk9sWWxBdzg0VkplWXpqWGFyZ0xaeXh2UzNN?oc=5\" target=\"_blank\" rel=\"nofollow noopener\">Konkurranse om \u00e5 bygge ny containerterminal<\/a>&nbsp;&nbsp;MTLogistikk.no<\/li>\n<li><a href=\"https:\/\/news.google.com\/rss\/articles\/CBMinAFBVV95cUxPYUR6WElxeEJETlJvNmI2UTQzMk1NRWhXUHl0N2IwYWZMV2s2dzNiMnBTeGV0SUpBZUd3bDlyZ2FQV2lmT0hFUl9tOGFXaVJyWFY0WEhqRk9McG9vN3dpckwxVjFteUx1djZSUkk5YVkweEZybkFrUnJxa2ItMHZBSi1vVUxtMjhrTms5bUticDdOQlNQUmk2SHVfSkk?oc=5\" target=\"_blank\" rel=\"nofollow noopener\">Inng\u00e5r Glencore-avtale: \u2013 Viktig steg for havnas videre utvikling<\/a>&nbsp;&nbsp;KRS &#8211; Avisen Kristiansand<\/li>\n<li><a href=\"https:\/\/news.google.com\/rss\/articles\/CBMimAFBVV95cUxQUVpuTmQ3a1JTRGg3QXhiVjV1eDZrUzlYTTlpcmdjb1UtdkI4V3FkcVFrS0RQTmg5YlJFdHZMd1huV0oxdVVMb2ZVSXJ1T2hZSlY2MGFCZkFjaEV5WF9FU0ozUURTdi03SzFqYmFKek1Gc0h2MWNxU3dEaFVfdWk2UUNFQmlPeGJ4ekNWdFZyQUhxbkZGZVFoeg?oc=5\" target=\"_blank\" rel=\"nofollow noopener\">Skal konkurrere om kontrakt verdt 250 millioner kroner<\/a>&nbsp;&nbsp;fvn.no<\/li>\n<\/ol>\n","protected":false},"excerpt":{"rendered":"(+) Inng\u00e5r kontrakt p\u00e5 50 mill. med lokalt selskap&nbsp;&nbsp;fvn.no Lokale nyheter, Kristiansand | Entrepren\u00f8ren er valgt &#8211; veien&hellip;\n","protected":false},"author":2,"featured_media":117860,"comment_status":"","ping_status":"","sticky":false,"template":"","format":"standard","meta":{"footnotes":""},"categories":[56],"tags":[60,61,331,62,30,28,29],"class_list":{"0":"post-117859","1":"post","2":"type-post","3":"status-publish","4":"format-standard","5":"has-post-thumbnail","7":"category-naeringsliv","8":"tag-business","9":"tag-economy","10":"tag-kristiansand","11":"tag-naeringsliv","12":"tag-no","13":"tag-norge","14":"tag-norway"},"share_on_mastodon":{"url":"https:\/\/pubeurope.com\/@no\/115748855052015902","error":""},"_links":{"self":[{"href":"https:\/\/www.europesays.com\/no\/wp-json\/wp\/v2\/posts\/117859","targetHints":{"allow":["GET"]}}],"collection":[{"href":"https:\/\/www.europesays.com\/no\/wp-json\/wp\/v2\/posts"}],"about":[{"href":"https:\/\/www.europesays.com\/no\/wp-json\/wp\/v2\/types\/post"}],"author":[{"embeddable":true,"href":"https:\/\/www.europesays.com\/no\/wp-json\/wp\/v2\/users\/2"}],"replies":[{"embeddable":true,"href":"https:\/\/www.europesays.com\/no\/wp-json\/wp\/v2\/comments?post=117859"}],"version-history":[{"count":0,"href":"https:\/\/www.europesays.com\/no\/wp-json\/wp\/v2\/posts\/117859\/revisions"}],"wp:featuredmedia":[{"embeddable":true,"href":"https:\/\/www.europesays.com\/no\/wp-json\/wp\/v2\/media\/117860"}],"wp:attachment":[{"href":"https:\/\/www.europesays.com\/no\/wp-json\/wp\/v2\/media?parent=117859"}],"wp:term":[{"taxonomy":"category","embeddable":true,"href":"https:\/\/www.europesays.com\/no\/wp-json\/wp\/v2\/categories?post=117859"},{"taxonomy":"post_tag","embeddable":true,"href":"https:\/\/www.europesays.com\/no\/wp-json\/wp\/v2\/tags?post=117859"}],"curies":[{"name":"wp","href":"https:\/\/api.w.org\/{rel}","templated":true}]}}