{"id":117861,"date":"2025-12-19T23:36:27","date_gmt":"2025-12-19T23:36:27","guid":{"rendered":"https:\/\/www.europesays.com\/no\/117861\/"},"modified":"2025-12-19T23:36:27","modified_gmt":"2025-12-19T23:36:27","slug":"politi-buss-kjorte-buss-uten-gyldig-forerkort","status":"publish","type":"post","link":"https:\/\/www.europesays.com\/no\/117861\/","title":{"rendered":"Politi, Buss | Kj\u00f8rte buss uten gyldig f\u00f8rerkort"},"content":{"rendered":"\n<p>Klokken 18:17 melder operasjonsleder June Strand Jensen hos politiet i Nordland at de har stanset en f\u00f8rer av buss som ikke hadde gyldig f\u00f8rerkortklasse for buss. <\/p>\n<p>F\u00f8rer av bussen var forut for kontrollen involvert i ett mindre trafikkuhell. <\/p>\n<p>De melder videre at det ikke var noen personskade og at f\u00f8rer av bussen blir anmeldt.<\/p>\n<p>Bussen ble stanset p\u00e5 M\u00f8rkved i Bod\u00f8.<\/p>\n<p>\u2013 Det skal ha v\u00e6rt en vanlig rutebuss som kj\u00f8rer i Bod\u00f8, forteller Strand Jensen til Avisa Nordland.<\/p>\n<p>Videre opplyser hun at selve uhellet skjedde f\u00f8r de ankom og da hadde partene forlatt stedet.<\/p>\n<p>\u2013 Vi har snakket med sj\u00e5f\u00f8ren av bussen. Sj\u00e5f\u00f8ren av bilen kan anmelde saken, s\u00e5 f\u00e5r hun forklart seg.<\/p>\n<p>Sj\u00e5f\u00f8ren av bussen hadde f\u00f8rerkort klasse B, og det er alts\u00e5 ikke gyldig for buss.<\/p>\n<p>\u2013 Vi ser alvorlig p\u00e5 saken og gj\u00f8r de tiltak vi m\u00e5. Han blir anmeldt av politiet, sier Strand Jensen.<\/p>\n","protected":false},"excerpt":{"rendered":"Klokken 18:17 melder operasjonsleder June Strand Jensen hos politiet i Nordland at de har stanset en f\u00f8rer av&hellip;\n","protected":false},"author":2,"featured_media":4285,"comment_status":"","ping_status":"","sticky":false,"template":"","format":"standard","meta":{"footnotes":""},"categories":[10],"tags":[36,20,21,2760,24,25,15,22,23,13,30,28,29,14,16,254,1510,26,27,2889],"class_list":{"0":"post-117861","1":"post","2":"type-post","3":"status-publish","4":"format-standard","5":"has-post-thumbnail","7":"category-norge","8":"tag-art","9":"tag-breaking-news","10":"tag-breakingnews","11":"tag-buss","12":"tag-featured-news","13":"tag-featurednews","14":"tag-headlines","15":"tag-latest-news","16":"tag-latestnews","17":"tag-news","18":"tag-no","19":"tag-norge","20":"tag-norway","21":"tag-nyheter","22":"tag-overskrifter","23":"tag-politi","24":"tag-story","25":"tag-top-stories","26":"tag-topstories","27":"tag-trafikkuhell"},"share_on_mastodon":{"url":"https:\/\/pubeurope.com\/@no\/115748862911075811","error":""},"_links":{"self":[{"href":"https:\/\/www.europesays.com\/no\/wp-json\/wp\/v2\/posts\/117861","targetHints":{"allow":["GET"]}}],"collection":[{"href":"https:\/\/www.europesays.com\/no\/wp-json\/wp\/v2\/posts"}],"about":[{"href":"https:\/\/www.europesays.com\/no\/wp-json\/wp\/v2\/types\/post"}],"author":[{"embeddable":true,"href":"https:\/\/www.europesays.com\/no\/wp-json\/wp\/v2\/users\/2"}],"replies":[{"embeddable":true,"href":"https:\/\/www.europesays.com\/no\/wp-json\/wp\/v2\/comments?post=117861"}],"version-history":[{"count":0,"href":"https:\/\/www.europesays.com\/no\/wp-json\/wp\/v2\/posts\/117861\/revisions"}],"wp:featuredmedia":[{"embeddable":true,"href":"https:\/\/www.europesays.com\/no\/wp-json\/wp\/v2\/media\/4285"}],"wp:attachment":[{"href":"https:\/\/www.europesays.com\/no\/wp-json\/wp\/v2\/media?parent=117861"}],"wp:term":[{"taxonomy":"category","embeddable":true,"href":"https:\/\/www.europesays.com\/no\/wp-json\/wp\/v2\/categories?post=117861"},{"taxonomy":"post_tag","embeddable":true,"href":"https:\/\/www.europesays.com\/no\/wp-json\/wp\/v2\/tags?post=117861"}],"curies":[{"name":"wp","href":"https:\/\/api.w.org\/{rel}","templated":true}]}}