{"id":117863,"date":"2025-12-19T23:43:27","date_gmt":"2025-12-19T23:43:27","guid":{"rendered":"https:\/\/www.europesays.com\/no\/117863\/"},"modified":"2025-12-19T23:43:27","modified_gmt":"2025-12-19T23:43:27","slug":"me-haper-at-alt-gar-roleg-og-fint-for-seg-utan-ulykker-og-hendingar-hallingdolen-no","status":"publish","type":"post","link":"https:\/\/www.europesays.com\/no\/117863\/","title":{"rendered":"\u2013 Me h\u00e5per at alt g\u00e5r roleg og fint for seg, utan ulykker og hendingar &#8211; hallingdolen.no"},"content":{"rendered":"<ol>\n<li><a href=\"https:\/\/news.google.com\/rss\/articles\/CBMitgFBVV95cUxQZ25fQUwycUVJd2N0enBid0szUjlFa21ucFE5ZlJ1ZU0zQnlPdWxpODd5dFNvX2FoOTVheGZwNThtdlQzRnJMX0V3LUJOVG01OFdJMkxUT2ZqYXk5TkZ1aWRWUVpxNmVCeUNobmJJcWZLakpNZTJoMUZRTHdjWlU0blRzQWFjYldVMC1fWmdpUnhFb0JaZ2s1bHhLMEhxRXNZS3JZVGlWTXczLUgyUXZkWW4yT3hrZw?oc=5\" target=\"_blank\" rel=\"nofollow noopener\">\u2013 Me h\u00e5per at alt g\u00e5r roleg og fint for seg, utan ulykker og hendingar<\/a>&nbsp;&nbsp;hallingdolen.no<\/li>\n<li><a href=\"https:\/\/news.google.com\/rss\/articles\/CBMiZEFVX3lxTE9CbXV4WGY3QWtvdHFOaW1KODBrOVhuV0g1bUNobzloUVI2WGJNSkxVT0FYR2RjSUwzQTdZbE02dFR0a0FqNjBocnR5em1fU3BLVkdJOTlaVkhnVDBaRV80aHJabms?oc=5\" target=\"_blank\" rel=\"nofollow noopener\">&#8211; Overraskende<\/a>&nbsp;&nbsp;Dagbladet<\/li>\n<li><a href=\"https:\/\/news.google.com\/rss\/articles\/CBMilAFBVV95cUxQSnpvMFlQOEw5RTRVMkV4b3Faa1haVldQNVQ5elc5UEVVYS15WnNXMHpnRDg5U2NlVFFVUDl2Z2pnLUhfTExFT2dlbXpaNTFzelVUeDJ2WVQ5c0tGSlJpY2pXeVJUMklzenhzOS1Nc0JZQm1ScjhhdG1TZWlmRUFMS2ljaGFnSzduRXRyTTdWd09ENzZZ?oc=5\" target=\"_blank\" rel=\"nofollow noopener\">Advarte mot \u00e5 kj\u00f8re fredag \u2013 n\u00e5 snur Veivesenet<\/a>&nbsp;&nbsp;Aftenposten<\/li>\n<li><a href=\"https:\/\/news.google.com\/rss\/articles\/CBMigwFBVV95cUxOZmtsUjJoVmhuMHRsVTJPM25UeXB4Q282eWFVeU91MFpyc2dEVU9uc3hlWE1nM0FPYWplNnJpNFk4b3FWYkNLSS05elp6Tjd1T1E4NmZJU3k3dWc2Y0gyQktZUElpM3JKTk9lUDJhaGN6em52cjJ3UWJVRERJVlFoeGpOVQ?oc=5\" target=\"_blank\" rel=\"nofollow noopener\">Trafikk og samferdsel, V\u00e6r | N\u00e5 starter juleutfarten: Her kan det bli k\u00f8<\/a>&nbsp;&nbsp;Hamar Arbeiderblad<\/li>\n<li><a href=\"https:\/\/news.google.com\/rss\/articles\/CBMirAFBVV95cUxQX3ZaLTYtY09DOTRXck9RNmE0Wnk4eDhrb095ZUYtX3E4LUo2NU5PMjJRblVxZ1VTaWRVQ2NyUGtGR0VVUExOMlNSalJZZUYwWkZlcjlEWVdsRmxzVGNsVEJCSUxNOU1VR3JhUlptRmM4emUxTjdJX2pmUEpQUzZfZDdaZzZGb0k4QWFsbFdIb1VYa3psYTBTN1VsczN6Z2N6SlpxZXBkS01ELWoy?oc=5\" target=\"_blank\" rel=\"nofollow noopener\">Hjem til jul: F\u00e5 oversikt over endrede rutetider og ekstraferjer<\/a>&nbsp;&nbsp;Stavanger Aftenblad<\/li>\n<\/ol>\n","protected":false},"excerpt":{"rendered":"\u2013 Me h\u00e5per at alt g\u00e5r roleg og fint for seg, utan ulykker og hendingar&nbsp;&nbsp;hallingdolen.no &#8211; Overraskende&nbsp;&nbsp;Dagbladet Advarte&hellip;\n","protected":false},"author":2,"featured_media":117864,"comment_status":"","ping_status":"","sticky":false,"template":"","format":"standard","meta":{"footnotes":""},"categories":[10],"tags":[20,21,24,25,15,22,23,13,30,28,29,14,16,26,27],"class_list":{"0":"post-117863","1":"post","2":"type-post","3":"status-publish","4":"format-standard","5":"has-post-thumbnail","7":"category-norge","8":"tag-breaking-news","9":"tag-breakingnews","10":"tag-featured-news","11":"tag-featurednews","12":"tag-headlines","13":"tag-latest-news","14":"tag-latestnews","15":"tag-news","16":"tag-no","17":"tag-norge","18":"tag-norway","19":"tag-nyheter","20":"tag-overskrifter","21":"tag-top-stories","22":"tag-topstories"},"share_on_mastodon":{"url":"https:\/\/pubeurope.com\/@no\/115748890387467680","error":""},"_links":{"self":[{"href":"https:\/\/www.europesays.com\/no\/wp-json\/wp\/v2\/posts\/117863","targetHints":{"allow":["GET"]}}],"collection":[{"href":"https:\/\/www.europesays.com\/no\/wp-json\/wp\/v2\/posts"}],"about":[{"href":"https:\/\/www.europesays.com\/no\/wp-json\/wp\/v2\/types\/post"}],"author":[{"embeddable":true,"href":"https:\/\/www.europesays.com\/no\/wp-json\/wp\/v2\/users\/2"}],"replies":[{"embeddable":true,"href":"https:\/\/www.europesays.com\/no\/wp-json\/wp\/v2\/comments?post=117863"}],"version-history":[{"count":0,"href":"https:\/\/www.europesays.com\/no\/wp-json\/wp\/v2\/posts\/117863\/revisions"}],"wp:featuredmedia":[{"embeddable":true,"href":"https:\/\/www.europesays.com\/no\/wp-json\/wp\/v2\/media\/117864"}],"wp:attachment":[{"href":"https:\/\/www.europesays.com\/no\/wp-json\/wp\/v2\/media?parent=117863"}],"wp:term":[{"taxonomy":"category","embeddable":true,"href":"https:\/\/www.europesays.com\/no\/wp-json\/wp\/v2\/categories?post=117863"},{"taxonomy":"post_tag","embeddable":true,"href":"https:\/\/www.europesays.com\/no\/wp-json\/wp\/v2\/tags?post=117863"}],"curies":[{"name":"wp","href":"https:\/\/api.w.org\/{rel}","templated":true}]}}