{"id":117869,"date":"2025-12-19T23:53:19","date_gmt":"2025-12-19T23:53:19","guid":{"rendered":"https:\/\/www.europesays.com\/no\/117869\/"},"modified":"2025-12-19T23:53:19","modified_gmt":"2025-12-19T23:53:19","slug":"jul-julaften-alexandra-joners-forste-jul-med-kjaeresten-stakkars","status":"publish","type":"post","link":"https:\/\/www.europesays.com\/no\/117869\/","title":{"rendered":"Jul, Julaften | Alexandra Joners f\u00f8rste jul med kj\u00e6resten: \u2013 Stakkars"},"content":{"rendered":"\n<p>Juletiden kommer med forventninger, faste tradisjoner og et h\u00e5p om julefred midt i alt som skal rekke \u00e5 bli ferdig.<\/p>\n<p>For Norges kjente fjes feires julen p\u00e5 like mange ulike m\u00e5ter og mens noen holder hardt ved tradisjonene, snur andre alt p\u00e5 hodet.<\/p>\n<p><b>Les ogs\u00e5: <a href=\"https:\/\/www.nettavisen.no\/kjendis\/sanna-sarromaa-slakter-norsk-julemat\/s\/5-95-2768570\" rel=\"Follow nofollow noopener\" target=\"_blank\">Sanna Sarromaa om norsk julemat: \u2013 Helt j\u00e6vlig<\/a><\/b><\/p>\n<p>Enten det er jul i varmere str\u00f8k, p\u00e5 jobb eller i helt nye familiesammensetninger. Slik blir \u00e5rets julefeiring for kjendisene!<\/p>\n<p>    Vil du se neste video?<\/p>\n<p>    <a href=\"https:\/\/www.nettavisen.no\/nyheter\/ville-donald-trump-spekulasjoner-det-er-noe-galt\/v\/5-95-2784982\" class=\"recommend-poster\" data-adp-clicklabel=\"video-recommend\" data-adp-clickvalue=\"poster\" rel=\"nofollow noopener\" target=\"_blank\"><br \/>\n      <img decoding=\"async\" width=\"200\" height=\"200\" loading=\"lazy\" src=\"https:\/\/www.europesays.com\/no\/wp-content\/uploads\/2025\/12\/Forvirret+Trump+2.jpg\" alt=\"\" class=\"brick-c-cFOWSL\" style=\"--brick-image-ratio: 200 \/ 200;\"\/><\/p>\n<p>Ville Trump-spekulasjoner: \u2013 Det er noe galt0:57<\/p>\n<p>    <\/a><\/p>\n<p>        Anny Isabella \u00d8vrehus f\u00e5r gaver til flere hundre tusen.<br \/>\n        Velger syden-jul<\/p>\n<p>Realityprofil AnneMa Yuvali (65) har hatt litt av et \u00e5r. I april ble det kjent at <a rel=\"Follow nofollow noopener\" href=\"https:\/\/www.nettavisen.no\/kjendis\/brudd-for-annema-og-d-ndar\/s\/5-95-2373085\" target=\"_blank\">hun og D\u00fcndar Yuvali (31) gikk fra hverandre<\/a> etter fem \u00e5r.<\/p>\n<p>Tiden etter bruddet har ikke v\u00e6rt lett for AnneMa, som har v\u00e6rt \u00e5pen om <a rel=\"Follow nofollow noopener\" href=\"https:\/\/www.nettavisen.no\/kjendis\/full-pengekrangel-mellom-annema-65-og-d-ndar-yuvali-31-etter-bruddet-odelagt-livet-mitt\/s\/5-95-2377103\" target=\"_blank\">\u00f8konomiske utfordringer<\/a> og <a rel=\"Follow nofollow noopener\" href=\"https:\/\/www.nettavisen.no\/kjendis\/annema-yuvali-65-fra-grenselost-forelsket-pagrepet-av-politiet-i-tyrkia-risikerer-fem-ar\/s\/5-95-2587311\" target=\"_blank\">p\u00e5gripelsen i Tyrkia.<\/a> Hun har ogs\u00e5 <a rel=\"Follow nofollow noopener\" href=\"https:\/\/www.nettavisen.no\/kjendis\/annema-yuvali-har-flyttet-utenlands-ingenting-til-overs-for-norge\/s\/5-95-2758076\" target=\"_blank\">flyttet<\/a>, f\u00f8rst til G\u00f6teborg og deretter til Torrevieja i Spania.<\/p>\n<p>Det er nettopp p\u00e5 det sistnevnte solfylte stedet AnneMa skal tilbringe julen, for hun har ingen planer om \u00e5 reise hjem til jul:<\/p>\n<p>\u2013 Jeg har ingen planer med \u00e5 reise, verken hit eller dit. Jeg blir her i sola, sier hun til Nettavisen.<\/p>\n<p>65-\u00e5ringen slipper riktignok \u00e5 feire jul alene i solen. Hun f\u00e5r godt selskap av s\u00f8nnen sin som skal begi seg ut p\u00e5 en kj\u00f8retur fra Norge til Spania i f\u00f8rjulstiden.<\/p>\n<p>\u2013 Jeg f\u00e5r bes\u00f8k av s\u00f8nnen min her i Spania. Han reiser 19. desember og kj\u00f8rer helt hit, s\u00e5 han bruker vel noen dager p\u00e5 \u00e5 kj\u00f8re.<\/p>\n<p>\u2013 Da kj\u00f8per vi kalkun, vet du. Det blir veldig koselig.<\/p>\n<p>   <img decoding=\"async\" width=\"1152\" height=\"1014\" fetchpriority=\"low\"  loading=\"lazy\"  src=\"https:\/\/www.europesays.com\/no\/wp-content\/uploads\/2025\/12\/annema.jpg\" alt=\"\" class=\"brick-c-cFOWSL\" style=\"--brick-image-ratio: 1152 \/ 1014;\"\/><\/p>\n<p>      TROPISK JUL: Selv om det er mild jul i Norge, vil AnneMa Yuvali f\u00e5 en het jul i Spania.<br \/>\n      Foto: Privat\n    <\/p>\n<p>  F\u00f8rste jul med kj\u00e6resten: \u2013 Stakkars<\/p>\n<p>For f\u00f8rste gang skal Alexandra Joner (35) feire jul med kj\u00e6resten, Joachim Lindbo. Sammen med venner og Joners mor skal de tilbringe en relativ mild og sn\u00f8l\u00f8s jul p\u00e5 Gr\u00fcnerl\u00f8kka.<\/p>\n<p>Men til tross for at det er parets aller f\u00f8rste julaften sammen, har Joner v\u00e6rt n\u00e5del\u00f8s n\u00e5r det gjelder kj\u00e6restens julemat-tradisjoner.<\/p>\n<p>\u2013 Det er v\u00e5r f\u00f8rste jul og det blir skikkelig koselig. Men stakkars, han fikk ikke lov til \u00e5 beholde sine juletradisjoner fordi jeg trumfet gjennom at jeg m\u00e5 ha pinnekj\u00f8tt og s\u00e5nn er det. De pleier \u00e5 spise fugl, men det skjer ikke, sier hun og ler.<\/p>\n<p>   <img decoding=\"async\" width=\"1600\" height=\"900\" fetchpriority=\"low\"  loading=\"lazy\"  src=\"https:\/\/www.europesays.com\/no\/wp-content\/uploads\/2025\/12\/NTB_YF-msJ_OIVI1.jpg\" alt=\"Alexandra Joner og Joachim Lindbo p\u00e5 r\u00f8d l\u00f8per under premieren av storfilmen Troll 2 p\u00e5 Colosseum.\" class=\"brick-c-cFOWSL\" style=\"--brick-image-ratio: 1600 \/ 900;\"\/><\/p>\n<p>      F\u00c5R IKKE LOV: Alexandra Joner sl\u00e5r ned p\u00e5 Joachims jule-\u00f8nske.<br \/>\n      Foto: Thomas Fure (NTB)\n    <\/p>\n<p>  \u2013 Julen blir annerledes<\/p>\n<p>Kjendismanager David Eriksen (58) har mange juletradisjoner han holder fast ved, men i \u00e5r blir noen av tradisjonene endret p\u00e5.<\/p>\n<p>Eriksen har to barn med ekskona, Brita Agnethe Johansen, som har barna p\u00e5 julaften. I tillegg skal han heller ikke feire med stes\u00f8nnen, Colin (5).<\/p>\n<p>Julen blir derfor annerledes for Eriksen p\u00e5 flere m\u00e5ter i \u00e5r:<\/p>\n<p>\u2013 Julen blir litt annerledes, jeg og barna skal ha \u00abjulaften\u00bb hos meg p\u00e5 lille julaften. Selve julaften blir hos faren til Louise og deres familie. Det er ogs\u00e5 Louises f\u00f8rste jul uten Colin i \u00e5r, fordi han skal til John Arne. S\u00e5 det blir ogs\u00e5 litt spesielt, sier Eriksen til Nettavisen.<\/p>\n<p><b>Les ogs\u00e5: <a href=\"https:\/\/www.nettavisen.no\/kjendis\/katarina-flatland-om-forste-jul-uten-moren-blir-annerledes\/s\/5-95-2756414\" rel=\"Follow nofollow noopener\" target=\"_blank\">F\u00f8rste jul uten moren: \u2013 En vanskelig jul<\/a><\/b><\/p>\n<p>S\u00f8nnen, Lucas (21), p\u00e5peker ogs\u00e5 at \u00e5rets jul ikke blir som tidligere \u00e5r:<\/p>\n<p>\u2013 Vi skal ikke ha den sv\u00e6re julen vi pleier \u00e5 ha. Vi pleier \u00e5 ha sang rundt storbordet p\u00e5 g\u00e5rden i Enebakk, sier Lucas.<\/p>\n<p>   <img decoding=\"async\" width=\"1600\" height=\"900\" fetchpriority=\"low\"  loading=\"lazy\"  src=\"https:\/\/www.europesays.com\/no\/wp-content\/uploads\/2025\/12\/NTB_xgoRbA1RgiY1.jpg\" alt=\"V 2: V\u00e5rslipp. Foto: Espen Solli&#10;TV 2: V\u00e5rslipp. Foto: Espen Solli Alle elsker David: David Eriksen Luise Riise, Lucas Eriksen\" class=\"brick-c-cFOWSL\" style=\"--brick-image-ratio: 1600 \/ 900;\"\/><\/p>\n<p>      ANNERLEDES JUL: David Eriksen feirer jul med s\u00f8nnen Lucas Eriksen hos kj\u00e6resten Louise Angelica Riise og hennes familie.<br \/>\n      Foto: Espen Solli (TV 2)\n    <\/p>\n<p>I romjulen blir derimot storfamilien gjenforent, og Eriksen forteller at familie og venner samles til et stort selskap hjemme hos ham, f\u00f8r det b\u00e6rer videre til hytta.<\/p>\n<p>R\u00f8per Ringnes-tradisjon: \u2013 Den er selvskutt<\/p>\n<p>Apropos juletradisjoner s\u00e5 er det ingen tvil om at Isabelle Ringnes (37) og hennes familie har en rekke faste tradisjoner, og julen tilbringes p\u00e5 stort sett samme m\u00e5te hvert \u00e5r.<\/p>\n<p>Akkurat slik 37-\u00e5ringen foretrekker det:<\/p>\n<p>\u2013 Vi feirer med hele v\u00e5r moderne familie p\u00e5 Norefjell. Vi feirer med brask og bram, akkurat som vi alltid gj\u00f8r og det er akkurat s\u00e5nn jeg vil ha julen: Helt kliss lik fra \u00e5r til \u00e5r.<\/p>\n<p>   <img decoding=\"async\" width=\"1200\" height=\"675\" fetchpriority=\"low\"  loading=\"lazy\"  src=\"https:\/\/www.europesays.com\/no\/wp-content\/uploads\/2025\/12\/IsabelleRingnes.jpeg\" alt=\"Isabelle Ringnes foran peisen i julen.\" class=\"brick-c-cFOWSL\" style=\"--brick-image-ratio: 1200 \/ 675;\"\/><\/p>\n<p>      JULEMENNESKE: If\u00f8lge Isabelle Ringnes elsker hun h\u00f8ytiden pinlig mye, og m\u00e5 ofte dempe ned julestemningen.<br \/>\n      Foto: Privat\n    <\/p>\n<p>Blant de mange tradisjonene for Ringnes-familien er det mye dans og sang, og 37-\u00e5ringen legger ikke skjul p\u00e5 at Ringnes-julen kan minne om en julefilm.<\/p>\n<p>\u2013 Vi g\u00e5r rundt juletreet og det er veldig mye sang og dans, sier hun og fortsetter:<\/p>\n<p>\u2013 Vi spiser alltid ryper som min far har skutt. Den er selvskutt selvf\u00f8lgelig, og det er stor stas for familien. Det er litt tatt ut av en julefilm, vil jeg si.<\/p>\n<p>   <img decoding=\"async\" width=\"1200\" height=\"675\" fetchpriority=\"low\"  loading=\"lazy\"  src=\"https:\/\/www.europesays.com\/no\/wp-content\/uploads\/2025\/12\/IsabelleRingnes2.jpeg\" alt=\"Isabelle og far Christian Ringnes p\u00e5 julaften. \" class=\"brick-c-cFOWSL\" style=\"--brick-image-ratio: 1200 \/ 675;\"\/><\/p>\n<p>      SELVSKUTT: Isabelle Ringnes og familien spiser alltid ryper som Christian Ringnes selv har skutt.<br \/>\n      Foto: Privat\n    <\/p>\n<p>  Jobber hver julaften<\/p>\n<p>Hvert \u00e5r har \u00abSkal vi danse\u00bb-Viggo Venn (36) de samme juleplanene klare, og det er s\u00e6rlig en tradisjon han holder fast ved.<\/p>\n<p>Han er nemlig p\u00e5 jobb hver julaften, og man finner Venn p\u00e5 sykehuset som sykehusklovn der han sprer latter og glede:<\/p>\n<p>\u2013 Jeg har jobbet som sykehusklovn i mange \u00e5r, s\u00e5 det er en tradisjon for meg \u00e5 jobbe med det p\u00e5 julaften. De som er der er de som ikke kan dra hjem til jul, og jul handler om \u00e5 v\u00e6re med familie.<\/p>\n<p>\u2013 Det er dessverre noen barn som m\u00e5 v\u00e6re p\u00e5 sykehuset i julen, og det er ekstra fint at man kan spre juleglede der. Men p\u00e5 kvelden drar jeg hjem til familien igjen, Viggo Venn.<\/p>\n<p>   <img decoding=\"async\" width=\"4500\" height=\"3000\" fetchpriority=\"low\"  loading=\"lazy\"  src=\"https:\/\/www.europesays.com\/no\/wp-content\/uploads\/2025\/12\/NTB_L0d-E4iksmI.jpg\" alt=\"Viggo Venn og Rikke Lund opptrer under generalpr\u00f8ven til program 10 av Skal vi danse 2025.&#10;Foto: Jesper Malthus-Andersen  \/ TV 2\" class=\"brick-c-cFOWSL\" style=\"--brick-image-ratio: 4500 \/ 3000;\"\/><\/p>\n<p>      VIKTIG TRADISJON: Hver julaften jobber Viggo Venn som sykehusklovn for \u00e5 glede barn som ikke f\u00e5r feire jul hjemme.<br \/>\n      Foto: Jesper Malthus-Andersen (TV 2)\n    <\/p>\n<p><b>Les ogs\u00e5: <a rel=\"Follow nofollow noopener\" href=\"https:\/\/www.nettavisen.no\/kjendis\/vita-og-wanda-mashadi-leier-inn-hjelp-til-jul-nekter-a-avslore-prislappen\/s\/5-95-2752607\" target=\"_blank\">Brukte 20.000 kroner p\u00e5 julepynt: \u2013 En misforst\u00e5else<\/a><\/b><\/p>\n<p>Julen er som oftest hektisk for musikere, og det samme gjelder for Carina Dahl (40). Hun pleier \u00e5 ha flere konserter tett opp mot julen.<\/p>\n<p>\u00abSkal vi danse\u00bb-deltakelsen har riktignok tatt opp mye av tiden til Dahl de siste m\u00e5nedene, men n\u00e5 som julen n\u00e6rmer seg ser hun fram til en roligere tid.<\/p>\n<p>\u2013 Jeg spiller ofte i julen, men har ogs\u00e5 noen dager hjemme med familien. Da g\u00e5r jeg i pysj hele dagen og slapper av mest mulig. Den viktigste tradisjonen for meg er \u00e5 bare slappe helt av, sier Dahl.<\/p>\n<p>    Vil du se neste video?<\/p>\n<p>    <a href=\"https:\/\/www.nettavisen.no\/nyheter\/ville-donald-trump-spekulasjoner-det-er-noe-galt\/v\/5-95-2784982\" class=\"recommend-poster\" data-adp-clicklabel=\"video-recommend\" data-adp-clickvalue=\"poster\" rel=\"nofollow noopener\" target=\"_blank\"><br \/>\n      <img decoding=\"async\" width=\"200\" height=\"200\" loading=\"lazy\" src=\"https:\/\/www.europesays.com\/no\/wp-content\/uploads\/2025\/12\/Forvirret+Trump+2.jpg\" alt=\"\" class=\"brick-c-cFOWSL\" style=\"--brick-image-ratio: 200 \/ 200;\"\/><\/p>\n<p>Ville Trump-spekulasjoner: \u2013 Det er noe galt0:57<\/p>\n<p>    <\/a><\/p>\n<p>        Carina Dahl r\u00f8per sitt st\u00f8rste jule\u00f8nske.<\/p>\n<p>I likhet med Venn og Dahl har ogs\u00e5 Emilie Enger Mehl (32) v\u00e6rt opptatt med \u00e5 svinge seg p\u00e5 parketten i h\u00f8st.<\/p>\n<p>Hun gleder seg til \u00e5 reise hjem til skogs, der hun vil f\u00e5 etterlengtet tid familie og venner \u2013 og dyrene i fj\u00f8set:<\/p>\n<p>\u2013 Jeg skal feire jul p\u00e5 Finnskogen med familien. Jeg har ikke v\u00e6rt hjemme siden \u00abSkal vi danse\u00bb med daglige treninger, s\u00e5 det blir fint \u00e5 f\u00e5 tid til venner og familie.<\/p>\n<p>\u2013 Jeg h\u00e5per jeg f\u00e5r v\u00e6rt i fj\u00f8set p\u00e5 julaften. Noen m\u00e5 ta den jobben ogs\u00e5, og det er veldig koselig. Jeg synes det er fint \u00e5 v\u00e6re sammen med dyrene og f\u00f8le p\u00e5 den stemningen der.<\/p>\n<p>   <img decoding=\"async\" width=\"4500\" height=\"3000\" fetchpriority=\"low\"  loading=\"lazy\"  src=\"https:\/\/www.europesays.com\/no\/wp-content\/uploads\/2025\/11\/1EpZ81IpQgI.jpg\" alt=\"Emilie Enger Mehl og J\u00f8rgen Nilsen opptrer under program 8 av Skal vi danse 2025.&#10;Foto: Thomas Andersen \/ TV 2\" class=\"brick-c-cFOWSL\" style=\"--brick-image-ratio: 4500 \/ 3000;\"\/><\/p>\n<p>      HJEM TIL JUL: Emilie Enger Mehl bytter ut glitter og glam med fj\u00f8s og dyr i julen.<br \/>\n      Foto: Thomas Andersen \/ TV 2\n    <\/p>\n<p>  Klar jule-regel<\/p>\n<p>Det blir ogs\u00e5 en moderne familie-vri for julen til \u00abSkal vi danse\u00bb-paret Iselin Guttormsen (38) og Catalin Mihu (31).<\/p>\n<p>De skal feire med Guttormsens familie i Drammen, men det blir ogs\u00e5 en d\u00e6sj av Romania da Mihus mor og hennes kj\u00e6reste kommer p\u00e5 Norgesbes\u00f8k.<\/p>\n<p>\u2013 Vi skal feire sammen hos mine foreldre. Vi feirer ogs\u00e5 f\u00f8rste juledag hos mine foreldre, men da kommer moren til Catalin og kj\u00e6resten hennes, og barna selvf\u00f8lgelig.<\/p>\n<p>   <img decoding=\"async\" width=\"4764\" height=\"2886\" fetchpriority=\"low\"  loading=\"lazy\"  src=\"https:\/\/www.europesays.com\/no\/wp-content\/uploads\/2025\/12\/1766188398_961_5_95_1322038_NTB_haFA_1aoDoo.jpg\" alt=\"Oslo 20220809. Iselin Guttormsen og Catalin Mihu er deltaker i \u00e5rets utgave p\u00e5 TV2s h\u00f8stlansering 2022 Skal vi danse. Deltakerne blir presentert p\u00e5 Clarion Hotel i Bj\u00f8rvika.Foto: Javad Parsa \/ NTB\" class=\"brick-c-cFOWSL\" style=\"--brick-image-ratio: 4764 \/ 2886;\"\/><\/p>\n<p>      BLANDET JUL: Catalin Mihu og Iselin Guttormsen feirer jul sammen med b\u00e5de norsk og rumensk familie.<br \/>\n      Foto: Javad Parsa (NTB)\n    <\/p>\n<p>If\u00f8lge Guttormsen har hun ikke vane for mange juletradisjoner, men hun er klar p\u00e5 at det er visse ting hun m\u00e5 gj\u00f8re i julen.<\/p>\n<p>\u2013 Vi har ikke s\u00e5 mange tradisjoner utenom at vi spiser j\u00e6vlig mye julegodt. Vi har ogs\u00e5 en klar regel i jula: Det er pysj, t\u00f8fler og fyr i peisen.<\/p>\n<p>\u2013 Og at man skal kose seg og slappe av. I \u00e5r skal julen nytes, ikke stresses, fortsetter hun.<\/p>\n<p>    Vil du se neste video?<\/p>\n<p>    <a href=\"https:\/\/www.nettavisen.no\/kjendis\/kongefamilien-i-2026-et-morkt-teppe-over-det-nye-aret\/v\/5-95-2790490\" class=\"recommend-poster\" data-adp-clicklabel=\"video-recommend\" data-adp-clickvalue=\"poster\" rel=\"nofollow noopener\" target=\"_blank\"><br \/>\n      <img decoding=\"async\" width=\"200\" height=\"200\" loading=\"lazy\" src=\"https:\/\/www.europesays.com\/no\/wp-content\/uploads\/2025\/12\/Kongefamilien_NTB_2G8agX_wppY+copy.jpg\" alt=\"\" class=\"brick-c-cFOWSL\" style=\"--brick-image-ratio: 200 \/ 200;\"\/><\/p>\n<p>Kongefamilien i 2026: \u2013 Et m\u00f8rkt teppe over det nye \u00e5ret1:06:31<\/p>\n<p>    <\/a><\/p>\n<p>        Kongehusekspert Tove Taalesen avsl\u00f8rer kongefamiliens julegavetradisjoner &#8211; og spekulerer &#8211; sp\u00f8kefullt &#8211; hva som muligens venter Marius Borg H\u00f8iby hvis han er invitert p\u00e5 julaften. Se hele episoden av \u00abAudiens\u00bb hos Nettavisen eller h\u00f8r den der du finner podkaster.<\/p>\n<p>Influenser Martine Halvorsen (27) pr\u00f8ver \u00e5 sl\u00e5 gjennom med en ny juletradisjon i \u00e5r. \u00c5rets julegaver kom tidlig for henne i \u00e5r da hun <a href=\"https:\/\/www.nettavisen.no\/kjendis\/martine-halvorsen-og-robert-brankovic-har-blitt-foreldre\/s\/5-95-2530119\" rel=\"Follow nofollow noopener\" target=\"_blank\">ble mamma til tvillinger i september.<\/a><\/p>\n<p>Derfor blir det en rolig jul hos Halvorsen-familien:<\/p>\n<p>\u2013 Det er den f\u00f8rste julen til tvillingene og det er veldig, veldig stas. Vi skal feire jul med familien og vi skal bare kose oss og ta det helt med ro, sier en blid Halvorsen.<\/p>\n<p>Men 27-\u00e5ringen har et spesielt \u00f8nske for julaften, men hun m\u00e5 f\u00f8rst f\u00e5 overtalt familien:<\/p>\n<p>\u2013 Jeg h\u00e5per egentlig det blir julaften i pysj. Men jeg vet ikke helt om jeg har f\u00e5tt gjennomslag for det i familien enn\u00e5, men jeg skal kjempe for det. Julaften i pysj virker helt nydelig.<\/p>\n","protected":false},"excerpt":{"rendered":"Juletiden kommer med forventninger, faste tradisjoner og et h\u00e5p om julefred midt i alt som skal rekke \u00e5&hellip;\n","protected":false},"author":2,"featured_media":117870,"comment_status":"","ping_status":"","sticky":false,"template":"","format":"standard","meta":{"footnotes":""},"categories":[10],"tags":[20,21,24,25,15,22,23,13,30,28,29,14,16,26,27],"class_list":{"0":"post-117869","1":"post","2":"type-post","3":"status-publish","4":"format-standard","5":"has-post-thumbnail","7":"category-norge","8":"tag-breaking-news","9":"tag-breakingnews","10":"tag-featured-news","11":"tag-featurednews","12":"tag-headlines","13":"tag-latest-news","14":"tag-latestnews","15":"tag-news","16":"tag-no","17":"tag-norge","18":"tag-norway","19":"tag-nyheter","20":"tag-overskrifter","21":"tag-top-stories","22":"tag-topstories"},"share_on_mastodon":{"url":"https:\/\/pubeurope.com\/@no\/115748930092535805","error":""},"_links":{"self":[{"href":"https:\/\/www.europesays.com\/no\/wp-json\/wp\/v2\/posts\/117869","targetHints":{"allow":["GET"]}}],"collection":[{"href":"https:\/\/www.europesays.com\/no\/wp-json\/wp\/v2\/posts"}],"about":[{"href":"https:\/\/www.europesays.com\/no\/wp-json\/wp\/v2\/types\/post"}],"author":[{"embeddable":true,"href":"https:\/\/www.europesays.com\/no\/wp-json\/wp\/v2\/users\/2"}],"replies":[{"embeddable":true,"href":"https:\/\/www.europesays.com\/no\/wp-json\/wp\/v2\/comments?post=117869"}],"version-history":[{"count":0,"href":"https:\/\/www.europesays.com\/no\/wp-json\/wp\/v2\/posts\/117869\/revisions"}],"wp:featuredmedia":[{"embeddable":true,"href":"https:\/\/www.europesays.com\/no\/wp-json\/wp\/v2\/media\/117870"}],"wp:attachment":[{"href":"https:\/\/www.europesays.com\/no\/wp-json\/wp\/v2\/media?parent=117869"}],"wp:term":[{"taxonomy":"category","embeddable":true,"href":"https:\/\/www.europesays.com\/no\/wp-json\/wp\/v2\/categories?post=117869"},{"taxonomy":"post_tag","embeddable":true,"href":"https:\/\/www.europesays.com\/no\/wp-json\/wp\/v2\/tags?post=117869"}],"curies":[{"name":"wp","href":"https:\/\/api.w.org\/{rel}","templated":true}]}}