{"id":11788,"date":"2025-08-19T00:32:09","date_gmt":"2025-08-19T00:32:09","guid":{"rendered":"https:\/\/www.europesays.com\/no\/11788\/"},"modified":"2025-08-19T00:32:09","modified_gmt":"2025-08-19T00:32:09","slug":"matthew-perry-ketamindronningen-erkjenner-skyld","status":"publish","type":"post","link":"https:\/\/www.europesays.com\/no\/11788\/","title":{"rendered":"Matthew Perry: \u00abKetamindronningen\u00bb erkjenner skyld"},"content":{"rendered":"\n<p class=\"_lead_1bvmi_2 _lead_xtcu6_50 layout-component text-serif-m layout-normal text-serif-l layout-component layout-wide layout-padded _wide_17hqh_1 layout-padded\">Jasveen Sangha blir den femte tiltalte som inng\u00e5r en avtale med p\u00e5talemyndigheten.<\/p>\n<p><img alt=\"Matthew Perry i 2017. Foto: Evan Agostini \/ AP \/ NTB\" class=\"_image_qp4xg_65 layout-component layout-wide\" data-fullscreen- data-track-element-type=\"Article image fullscreen\" data-track-name=\"ImageFullscreen\" fetchpriority=\"high\" decoding=\"sync\" loading=\"eager\" height=\"1661\" itemprop=\"image\"  src=\"https:\/\/www.europesays.com\/no\/wp-content\/uploads\/2025\/08\/a8120b0f-dc64-44cc-9228-20b81a91c66e\"  style=\"object-position:0% 0%\" width=\"2288\"\/>Matthew Perry i 2017. Foto: Evan Agostini \/ AP \/ NTB<\/p>\n<ul aria-hidden=\"true\" class=\"_images_1y6fe_106\">\n<li><a class=\"_link_1y6fe_111\" href=\"https:\/\/www.vg.no\/forfatter\/vilde-elgaaen\" style=\"z-index:1\" title=\"Vilde Elgaaen\" rel=\"nofollow noopener\" target=\"_blank\"><img alt=\"Bilde av Vilde Elgaaen\" class=\"_image_1y6fe_88\" fetchpriority=\"low\" loading=\"lazy\" decoding=\"async\" itemprop=\"image\"  src=\"https:\/\/www.europesays.com\/no\/wp-content\/uploads\/2025\/08\/1755563529_68_d7abc11e-e453-4b15-b473-933209ff5fea\"  width=\"480\"\/><\/a><\/li>\n<\/ul>\n<p> Oppdatert mandag 18. august kl. 22:13     <\/p>\n<p class=\"_paragraph_1bvmi_4 _paragraph_xtcu6_10 layout-component text-serif-m layout-normal text-serif-m layout-padded\">Kvinnen som ble kalt \u00abKetamindronningen\u00bb har n\u00e5 g\u00e5tt med p\u00e5 \u00e5 erkjenne skyld for \u00e5 ha solgt ketamin til \u00abFriends\u00bb-stjernen <a href=\"https:\/\/www.vg.no\/tag\/matthew-perry?utm_source=vg-article&amp;utm_medium=auto-tagger&amp;utm_campaign=zAmq99\" class=\"_link_1bvmi_39\" rel=\"nofollow noopener\" target=\"_blank\">Matthew Perry<\/a>.<\/p>\n<p class=\"_paragraph_1bvmi_4 _paragraph_xtcu6_10 layout-component text-serif-m layout-normal text-serif-m layout-padded\">Jasveen Sangha (41) blir dermed den siste av fem tiltalte som inng\u00e5r forliksavtale med p\u00e5talemyndigheten, melder <a href=\"https:\/\/apnews.com\/article\/matthew-perry-ketamine-queen-jasveen-sangha-plea-86fc25a95831068fd83f0448a973a300\" class=\"_link_1bvmi_39\" rel=\"nofollow noopener\" target=\"_blank\">Associated Press<\/a>.<\/p>\n<p class=\"_paragraph_1bvmi_4 _paragraph_xtcu6_10 layout-component text-serif-m layout-normal text-serif-m layout-padded\">Sangha erkjenner skyld for \u00e5 ha drevet narkotikasalg fra hjemmet sitt, tre tilfeller av ketaminsalg og ett tilfelle av ketaminsalg som f\u00f8rte til d\u00f8d eller alvorlig skade.<\/p>\n<p class=\"_paragraph_1bvmi_4 _paragraph_xtcu6_10 layout-component text-serif-m layout-normal layout-padded\"><strong class=\"_strong_1bvmi_25\">Les ogs\u00e5:<\/strong> <a href=\"https:\/\/www.vg.no\/i\/zAlbmb\" data-track-element-type=\"Link\" data-track-id=\"link:zAlbmb\" class=\"_link_1bvmi_39\" rel=\"nofollow noopener\" target=\"_blank\">\u00abKetamindronningen\u00bb siktet etter Matthew Perrys d\u00f8d<\/a><\/p>\n<p class=\"_paragraph_1bvmi_4 _paragraph_xtcu6_10 layout-component text-serif-m layout-normal text-serif-m layout-padded\">Hun hadde opprinnelig nektet straffskyld, men endrer n\u00e5 forklaring for \u00e5 unng\u00e5 en rettssak som var planlagt til august.<\/p>\n<p class=\"_paragraph_1bvmi_4 _paragraph_xtcu6_10 layout-component text-serif-m layout-normal text-serif-m layout-padded\">P\u00e5talemyndigheten hevder Sangha var en omfattende narkotikaselger som kundene kalte \u00abKetamindronningen\u00bb. <\/p>\n<p class=\"_paragraph_1bvmi_4 _paragraph_xtcu6_10 layout-component text-serif-m layout-normal text-serif-m layout-padded\">Hun innr\u00f8mmer ogs\u00e5 \u00e5 ha solgt fire ampuller ketamin til en annen mann, Cody McLaury, timer f\u00f8r han d\u00f8de av overdose i 2019.<\/p>\n<p class=\"_paragraph_1bvmi_4 _paragraph_xtcu6_10 layout-component text-serif-m layout-normal text-serif-m layout-padded\">Perry ble funnet d\u00f8d i sitt hjem i Los Angeles 28. oktober 2023. Obduksjonen viste at ketamin var hoved\u00e5rsaken til d\u00f8dsfallet. <\/p>\n<p class=\"_paragraph_1bvmi_4 _paragraph_xtcu6_10 layout-component text-serif-m layout-normal text-serif-m layout-padded\">Skuespilleren hadde f\u00e5tt ketaminbehandling mot depresjon gjennom sin vanlige lege, men s\u00f8kte mer av stoffet enn legen ville gi ham.<\/p>\n<p class=\"_paragraph_1bvmi_4 _paragraph_xtcu6_10 layout-component text-serif-m layout-normal text-serif-m layout-padded\">If\u00f8lge p\u00e5talemyndigheten begynte Perry \u00e5 f\u00e5 ketamin fra lege Salvador Plasencia rundt en m\u00e5ned f\u00f8r d\u00f8dsfallet, og startet deretter \u00e5 kj\u00f8pe enda mer fra Sangha to uker f\u00f8r han d\u00f8de.<\/p>\n<p class=\"_paragraph_1bvmi_4 _paragraph_xtcu6_10 layout-component text-serif-m layout-normal text-serif-m layout-padded\">Fire dager f\u00f8r Perry d\u00f8de, kj\u00f8pte han 25 ampuller ketamin for 6000 dollar kontant fra Sangha. Denne leveransen inkluderte dosene som drepte ham, hevder p\u00e5talemyndigheten.<\/p>\n<p class=\"_paragraph_1bvmi_4 _paragraph_xtcu6_10 layout-component text-serif-m layout-normal text-serif-m layout-padded\">Sangha risikerer opptil 45 \u00e5rs fengsel n\u00e5r straffen blir avsagt.<\/p>\n<p>Les ogs\u00e5<\/p>\n","protected":false},"excerpt":{"rendered":"Jasveen Sangha blir den femte tiltalte som inng\u00e5r en avtale med p\u00e5talemyndigheten. Matthew Perry i 2017. Foto: Evan&hellip;\n","protected":false},"author":2,"featured_media":11789,"comment_status":"","ping_status":"","sticky":false,"template":"","format":"standard","meta":{"footnotes":""},"categories":[58],"tags":[31,71,1285,30,28,29,72],"class_list":{"0":"post-11788","1":"post","2":"type-post","3":"status-publish","4":"format-standard","5":"has-post-thumbnail","7":"category-underholdning","8":"tag-breaking","9":"tag-entertainment","10":"tag-matthew-perry","11":"tag-no","12":"tag-norge","13":"tag-norway","14":"tag-underholdning"},"share_on_mastodon":{"url":"","error":""},"_links":{"self":[{"href":"https:\/\/www.europesays.com\/no\/wp-json\/wp\/v2\/posts\/11788","targetHints":{"allow":["GET"]}}],"collection":[{"href":"https:\/\/www.europesays.com\/no\/wp-json\/wp\/v2\/posts"}],"about":[{"href":"https:\/\/www.europesays.com\/no\/wp-json\/wp\/v2\/types\/post"}],"author":[{"embeddable":true,"href":"https:\/\/www.europesays.com\/no\/wp-json\/wp\/v2\/users\/2"}],"replies":[{"embeddable":true,"href":"https:\/\/www.europesays.com\/no\/wp-json\/wp\/v2\/comments?post=11788"}],"version-history":[{"count":0,"href":"https:\/\/www.europesays.com\/no\/wp-json\/wp\/v2\/posts\/11788\/revisions"}],"wp:featuredmedia":[{"embeddable":true,"href":"https:\/\/www.europesays.com\/no\/wp-json\/wp\/v2\/media\/11789"}],"wp:attachment":[{"href":"https:\/\/www.europesays.com\/no\/wp-json\/wp\/v2\/media?parent=11788"}],"wp:term":[{"taxonomy":"category","embeddable":true,"href":"https:\/\/www.europesays.com\/no\/wp-json\/wp\/v2\/categories?post=11788"},{"taxonomy":"post_tag","embeddable":true,"href":"https:\/\/www.europesays.com\/no\/wp-json\/wp\/v2\/tags?post=11788"}],"curies":[{"name":"wp","href":"https:\/\/api.w.org\/{rel}","templated":true}]}}