{"id":117881,"date":"2025-12-20T00:43:30","date_gmt":"2025-12-20T00:43:30","guid":{"rendered":"https:\/\/www.europesays.com\/no\/117881\/"},"modified":"2025-12-20T00:43:30","modified_gmt":"2025-12-20T00:43:30","slug":"knivstikking-i-steinkjer-nrk-trondelag-lokale-nyheter-tv-og-radio","status":"publish","type":"post","link":"https:\/\/www.europesays.com\/no\/117881\/","title":{"rendered":"Knivstikking i Steinkjer \u2013 NRK Tr\u00f8ndelag \u2013 Lokale nyheter, TV og radio"},"content":{"rendered":"<p>Klokka 17.37 fikk politiet melding om en knivstikking i Steinkjer. Politiet rykket ut med flere patruljer til togstasjonen i Steinkjer.<\/p>\n<p>\u2013 V\u00e5r forst\u00e5else er at det har skjedd utend\u00f8rs p\u00e5 togstasjonen. I hvert fall i n\u00e6rheten av togstasjonen, sier politiets operasjonsleder Wenche Johnsen til NRK.<\/p>\n<p>En mann i ten\u00e5rene er lettere skadd og blir tatt h\u00e5nd om av helsevesenet.<\/p>\n<p><img decoding=\"async\"   src=\"data:image\/gif;base64,R0lGODlhAQABAIAAAAAAAP\/\/\/yH5BAEAAAAALAAAAAABAAEAAAIBRAA7\" loading=\"eager\" alt=\"En politibil st\u00e5r parkert foran en bygning med r\u00f8d murfasade og h\u00f8ye vinduer i nattbelysning. Bygningen er en togstasjon. Det er lite aktivitet synlig i omgivelsene, med kun noen lys fra omkringliggende bygninger. Kj\u00f8ret\u00f8yet er merket med &quot;POLITI&quot; (Bildebeskrivelsen er laget av en KI-tjeneste)\" title=\"Foto: Randi Wilsg\u00e5rd \/ NRK\"\/><\/p>\n<p class=\"\">Knivstikkinga skal ha skjedd i n\u00e6rheten av togstasjonen.<\/p>\n<p>Foto: Randi Wilsg\u00e5rd \/ NRK<\/p>\n<p><strong>\u2013 Det er en uavklart hendelse mellom flere unge menn p\u00e5 stasjonen p\u00e5 Steinkjer. Vi har grunn til \u00e5 tro at noen har blitt skadet med en skarp gjenstand. En person er kj\u00f8rt inn til legevakta, sier innsatsleder Olav Strid til NRK.<\/strong><\/p>\n<p>I den f\u00f8rste meldinga fra politiet sto det at det dreide seg om en knivstikking.<\/p>\n<p>Det var forn\u00e6rmede selv som hadde ringt inn til politiet og forklart at han hadde blitt knivstukket og at mistenkte hadde stukket av. Forn\u00e6rmede ga politiet et navn.<\/p>\n<p><img decoding=\"async\"   src=\"data:image\/gif;base64,R0lGODlhAQABAIAAAAAAAP\/\/\/yH5BAEAAAAALAAAAAABAAEAAAIBRAA7\" loading=\"eager\" alt=\"En politibetjent st\u00e5r foran en politibil p\u00e5 en gate om natten. Betjenten har p\u00e5 seg en gr\u00f8nn vest og to kommunikasjonsenheter. I bakgrunnen er det flere bygninger og et gatelys. Det er lite folk synlig i omr\u00e5det. (Bildebeskrivelsen er laget av en KI-tjeneste)\" title=\"Foto: Randi Wilsg\u00e5rd \/ NRK\"\/><\/p>\n<p class=\"\">Innsatsleder Olav Strid sier at det er en uavklart mellom flere unge menn p\u00e5 stasjonen.<\/p>\n<p>Foto: Randi Wilsg\u00e5rd \/ NRK<\/p>\n<p>Mann i 20-\u00e5ra siktet<\/p>\n<p>\u2013 Mistenkte er n\u00e5 regnet som siktet og har blitt p\u00e5grepet av en patrulje, sier Johnsen.<\/p>\n<p>Det er en mann i 20-\u00e5ra som er siktet for knivstikkinga.<\/p>\n<p>Politiet avh\u00f8rer vitner i saken og kan ikke si noe om hvor siktede ble p\u00e5grepet, annet enn at han ble p\u00e5grepet innend\u00f8rs et sted.<\/p>\n<p>Johnsen sier til <a href=\"https:\/\/www.adressa.no\/nyheter\/trondelag\/i\/Ardlqr\/knivstikking-i-steinkjer\" ec-id=\"https:\/\/www.adressa.no\/nyheter\/trondelag\/i\/Ardlqr\/knivstikking-i-steinkjer\" ec-name=\"Adresseavisen\" rel=\"nofollow noopener\" target=\"_blank\">Adresseavisen<\/a> at de to involverte kjenner til hverandre, men at det er usikkert hvilken relasjon de har.<\/p>\n<p>Det var politioppbud utenfor en bensinstasjon i omr\u00e5det. Det var her politiet m\u00f8tte forn\u00e6rmede.<\/p>\n<p>Politiet gj\u00f8r s\u00f8k med politihund utenfor stasjonen.<\/p>\n<p>\u2013 Vi s\u00f8ker etter en mulig gjenstand som er brukt, sier Strid.<\/p>\n<p>Publisert<\/p>\n<p>19.12.2025, kl. 17.51<\/p>\n<p>Oppdatert<\/p>\n<p>19.12.2025, kl. 20.00<\/p>\n","protected":false},"excerpt":{"rendered":"Klokka 17.37 fikk politiet melding om en knivstikking i Steinkjer. Politiet rykket ut med flere patruljer til togstasjonen&hellip;\n","protected":false},"author":2,"featured_media":117882,"comment_status":"","ping_status":"","sticky":false,"template":"","format":"standard","meta":{"footnotes":""},"categories":[10],"tags":[20,21,24,25,15,22,23,13,30,28,29,14,16,26,27],"class_list":{"0":"post-117881","1":"post","2":"type-post","3":"status-publish","4":"format-standard","5":"has-post-thumbnail","7":"category-norge","8":"tag-breaking-news","9":"tag-breakingnews","10":"tag-featured-news","11":"tag-featurednews","12":"tag-headlines","13":"tag-latest-news","14":"tag-latestnews","15":"tag-news","16":"tag-no","17":"tag-norge","18":"tag-norway","19":"tag-nyheter","20":"tag-overskrifter","21":"tag-top-stories","22":"tag-topstories"},"share_on_mastodon":{"url":"https:\/\/pubeurope.com\/@no\/115749126305435623","error":""},"_links":{"self":[{"href":"https:\/\/www.europesays.com\/no\/wp-json\/wp\/v2\/posts\/117881","targetHints":{"allow":["GET"]}}],"collection":[{"href":"https:\/\/www.europesays.com\/no\/wp-json\/wp\/v2\/posts"}],"about":[{"href":"https:\/\/www.europesays.com\/no\/wp-json\/wp\/v2\/types\/post"}],"author":[{"embeddable":true,"href":"https:\/\/www.europesays.com\/no\/wp-json\/wp\/v2\/users\/2"}],"replies":[{"embeddable":true,"href":"https:\/\/www.europesays.com\/no\/wp-json\/wp\/v2\/comments?post=117881"}],"version-history":[{"count":0,"href":"https:\/\/www.europesays.com\/no\/wp-json\/wp\/v2\/posts\/117881\/revisions"}],"wp:featuredmedia":[{"embeddable":true,"href":"https:\/\/www.europesays.com\/no\/wp-json\/wp\/v2\/media\/117882"}],"wp:attachment":[{"href":"https:\/\/www.europesays.com\/no\/wp-json\/wp\/v2\/media?parent=117881"}],"wp:term":[{"taxonomy":"category","embeddable":true,"href":"https:\/\/www.europesays.com\/no\/wp-json\/wp\/v2\/categories?post=117881"},{"taxonomy":"post_tag","embeddable":true,"href":"https:\/\/www.europesays.com\/no\/wp-json\/wp\/v2\/tags?post=117881"}],"curies":[{"name":"wp","href":"https:\/\/api.w.org\/{rel}","templated":true}]}}