{"id":117885,"date":"2025-12-20T01:00:40","date_gmt":"2025-12-20T01:00:40","guid":{"rendered":"https:\/\/www.europesays.com\/no\/117885\/"},"modified":"2025-12-20T01:00:40","modified_gmt":"2025-12-20T01:00:40","slug":"butikk-naeringsliv-kleskjeden-trekker-seg-helt-ut-av-trondheim","status":"publish","type":"post","link":"https:\/\/www.europesays.com\/no\/117885\/","title":{"rendered":"Butikk, N\u00e6ringsliv | Kleskjeden trekker seg helt ut av Trondheim"},"content":{"rendered":"\n<p>Nidaros omtalte i forrige uke at klesbutikken <a href=\"https:\/\/www.nidaros.no\/to-butikker-stenger-dorene-ansatte-mister-jobben-veldig-trist\/s\/5-113-795579\" rel=\"Follow nofollow noopener\" target=\"_blank\">Zizzi p\u00e5 Sirkus shopping legges ned<\/a>. Siste \u00e5pningsdag er f\u00f8rstkommende l\u00f8rdag. Tidligere i \u00e5r <a href=\"https:\/\/www.nidaros.no\/butikk-legges-ned-de-gjor-alt-de-kan-for-a-legge-ned-midtbyen\/s\/5-113-708542\" rel=\"Follow nofollow noopener\" target=\"_blank\">stengte Zizzi sin avdeling p\u00e5 Byhaven<\/a>.<\/p>\n<p>N\u00e5 bekrefter regionsleder i Zizzi, Charl\u00e9n Wedvik Homme, at den siste av deres butikker i Trondheim, Zizzi p\u00e5 City Syd ogs\u00e5 legges ned og at kleskjeden trekker seg helt ut av Trondheim. Siste \u00e5pningsdag er nytt\u00e5rsaften.<\/p>\n<p>Butikken har selv annonsert nedleggelsen p\u00e5 sosiale medier.<\/p>\n<p>   <img decoding=\"async\" width=\"610\" height=\"133\" fetchpriority=\"low\"  loading=\"lazy\"  src=\"https:\/\/www.europesays.com\/no\/wp-content\/uploads\/2025\/12\/Skjermbilde+2025-12-18+112205.png\" alt=\"\" class=\"brick-c-cFOWSL\" style=\"--brick-image-ratio: 610 \/ 133;\"\/><\/p>\n<p>      Foto: Skjermbilde Facebook\n    <\/p>\n<p>I kommentarfeltet under annonseringen er det flere som uttrykker tristhet over nyheten:<\/p>\n<p>\u2013 Dette er selvf\u00f8lgelig ikke noe vi \u00f8nsker \u00e5 gj\u00f8re, men noe vi m\u00e5 gj\u00f8re p\u00e5 grunn av l\u00f8nnsomheten til butikkene, sier Wedvik Homme til Nidaros.<\/p>\n<p>\u2013 Det er kjempe trist, virkelig. B\u00e5de for de ansatte og oss i ledelsen.<\/p>\n<p>Regionlederen henviser videre til svarene hun kom med i forbindelse med nedleggelsen av butikken p\u00e5 Sirkus shopping om at butikkene over tid har hatt for lav inntjening, samtidig som driftskostnadene har \u00f8kt.<\/p>\n<p>Zizzi er eid av det tyske konsernet Findos Investor GmbH med hovedsete i M\u00fcnchen. Kleskjeden spesialiserer seg p\u00e5 mote for kvinner i store st\u00f8rrelser.<\/p>\n<p>Wedvik Homme har forklart at kjeden er i en konsolideringsprosess, at de sl\u00e5r sammen alle regnskap fra alle butikkene, og at de i denne prosessen har valgt \u00e5 legge ned butikkene i Trondheim.<\/p>\n<p>\u2013 Trondheim er et viktig omr\u00e5de for oss, men de \u00f8konomiske resultatene gjennom de siste \u00e5rene viser at ingen av butikkene i regionen har hatt tilstrekkelig l\u00f8nnsomhet. V\u00e5r beslutning er derfor basert p\u00e5 dokumenterte \u00f8konomiske forhold og ikke mangel p\u00e5 \u00f8nske om \u00e5 v\u00e6re i Trondheim, sa hun.<\/p>\n<p>Hun har ikke besvart sp\u00f8rsm\u00e5let om hvor mange som mister jobben i nedleggelsene.<\/p>\n<p>  <a href=\"https:\/\/www.nidaros.no\/5-113-708542\" class=\"related-teaser has-image default-story-teaser article--c-eRUmMG article--c-eRUmMG-jKCPdD-design-default\" rel=\"nofollow noopener\" target=\"_blank\"><\/p>\n<p>    <img decoding=\"async\" loading=\"lazy\"  src=\"https:\/\/www.europesays.com\/no\/wp-content\/uploads\/2025\/12\/DSC_9359.JPG\" alt=\"\" class=\"brick-c-cFOWSL\" style=\"\"\/><\/p>\n<p>\n            Les ogs\u00e5<\/p>\n<p>              Butikk legges ned: \u2013 De gj\u00f8r alt de kan for \u00e5 legge ned Midtbyen\n        <\/p>\n<p>  <\/a><\/p>\n","protected":false},"excerpt":{"rendered":"Nidaros omtalte i forrige uke at klesbutikken Zizzi p\u00e5 Sirkus shopping legges ned. Siste \u00e5pningsdag er f\u00f8rstkommende l\u00f8rdag.&hellip;\n","protected":false},"author":2,"featured_media":117886,"comment_status":"","ping_status":"","sticky":false,"template":"","format":"standard","meta":{"footnotes":""},"categories":[56],"tags":[36,60,3884,5550,61,463,62,30,28,29,6808,1510,14174,7538,14173],"class_list":{"0":"post-117885","1":"post","2":"type-post","3":"status-publish","4":"format-standard","5":"has-post-thumbnail","7":"category-naeringsliv","8":"tag-art","9":"tag-business","10":"tag-butikk","11":"tag-city-syd","12":"tag-economy","13":"tag-midtbyen","14":"tag-naeringsliv","15":"tag-no","16":"tag-norge","17":"tag-norway","18":"tag-sirkus-shopping","19":"tag-story","20":"tag-strindheim","21":"tag-tiller","22":"tag-zizzi"},"share_on_mastodon":{"url":"https:\/\/pubeurope.com\/@no\/115749193519844513","error":""},"_links":{"self":[{"href":"https:\/\/www.europesays.com\/no\/wp-json\/wp\/v2\/posts\/117885","targetHints":{"allow":["GET"]}}],"collection":[{"href":"https:\/\/www.europesays.com\/no\/wp-json\/wp\/v2\/posts"}],"about":[{"href":"https:\/\/www.europesays.com\/no\/wp-json\/wp\/v2\/types\/post"}],"author":[{"embeddable":true,"href":"https:\/\/www.europesays.com\/no\/wp-json\/wp\/v2\/users\/2"}],"replies":[{"embeddable":true,"href":"https:\/\/www.europesays.com\/no\/wp-json\/wp\/v2\/comments?post=117885"}],"version-history":[{"count":0,"href":"https:\/\/www.europesays.com\/no\/wp-json\/wp\/v2\/posts\/117885\/revisions"}],"wp:featuredmedia":[{"embeddable":true,"href":"https:\/\/www.europesays.com\/no\/wp-json\/wp\/v2\/media\/117886"}],"wp:attachment":[{"href":"https:\/\/www.europesays.com\/no\/wp-json\/wp\/v2\/media?parent=117885"}],"wp:term":[{"taxonomy":"category","embeddable":true,"href":"https:\/\/www.europesays.com\/no\/wp-json\/wp\/v2\/categories?post=117885"},{"taxonomy":"post_tag","embeddable":true,"href":"https:\/\/www.europesays.com\/no\/wp-json\/wp\/v2\/tags?post=117885"}],"curies":[{"name":"wp","href":"https:\/\/api.w.org\/{rel}","templated":true}]}}