{"id":117887,"date":"2025-12-20T01:01:11","date_gmt":"2025-12-20T01:01:11","guid":{"rendered":"https:\/\/www.europesays.com\/no\/117887\/"},"modified":"2025-12-20T01:01:11","modified_gmt":"2025-12-20T01:01:11","slug":"flere-land-snur-ryggen-til-kina","status":"publish","type":"post","link":"https:\/\/www.europesays.com\/no\/117887\/","title":{"rendered":"Flere land snur ryggen til Kina"},"content":{"rendered":"<p>    N\u00e5 er det Taiwan som gjelder.<\/p>\n<p>\n        Kinas president Xi Jinping.<br \/>\n        Adek Berry \/ AP \/ NTB\n    <\/p>\n<p>If\u00f8lge <a href=\"https:\/\/www.theguardian.com\/world\/2025\/dec\/19\/honduras-rethinking-china-ties\" rel=\"nofollow noopener\" target=\"_blank\">The Guardian<\/a> er det flere land som n\u00e5 revurderer b\u00e5ndene med Kina.<\/p>\n<p>Ett av landene er Honduras. De er inne i et valg og de to store favorittene vil begge kutte b\u00e5ndene med Kina.<\/p>\n<p>\u2013 Honduras har ikke hatt noen fordeler av forholdet med Kina, sier Salvador Nasralla til The Guardian.\u00a0<\/p>\n<p>Han er medlem av det liberale partiet i Honduras, og var visepresident i landet fra 2022 til 2024.<\/p>\n<p>\u2013 100 ganger bedre<\/p>\n<p>Nasrallas hovedmotstander, Nasry Asfura, er enig.<\/p>\n<p>\u2013 Vi hadde det 100 ganger bedre med Taiwan, sier han.<\/p>\n<p>                <img decoding=\"async\" src=\"https:\/\/www.europesays.com\/no\/wp-content\/uploads\/2025\/12\/1340881.webp\" width=\"480\" height=\"274\" title=\"Salvador Nasralla er ikke begreiset over Kina.\" alt=\"\" loading=\"lazy\" style=\"\"\/><\/p>\n<p>\n            Salvador Nasralla er ikke begreiset over Kina.<br \/>\n            Fredy Rodriguez \/ Reuters \/ NTB\n        <\/p>\n<p>I 2023 br\u00f8t Honduras forholdet med Taiwan til fordel for Kina, men n\u00e5 virker det som Honduras f\u00f8yer seg inn i rekken av land i S\u00f8r- og Mellom-Amerika som velger \u00e5 gi sin st\u00f8tte til Taiwan.<\/p>\n<p>        <a itemprop=\"url\" class=\"\" href=\"https:\/\/www.abcnyheter.no\/nyheter\/spiller-pa-putins-storste-frykt-kinas-verste-mareritt\/1314940\" data-k5a-url=\"https:\/\/www.abcnyheter.no\/a\/1314940\" rel=\"nofollow noopener\" target=\"_blank\"><\/p>\n<p>            Spiller p\u00e5 Putins st\u00f8rste frykt: Kinas verste mareritt<\/p>\n<p itemprop=\"section\" class=\"section\" data-tag=\"nyheter\">nyheter<\/p>\n<p>        <\/a><\/p>\n<p>Flere av \u00f8yene i Karibia, Guatemala, Belize og Paraguay skal ha et godt forhold til Taiwan.<\/p>\n<p>If\u00f8lge The Guardian er det bare 12 land som anerkjenner Taiwan som egen stat, og har et godt diplomatisk forhold.<\/p>\n<p>V\u00e5pen fra USA<\/p>\n<p>Tidligere i desember <a href=\"https:\/\/www.abcnyheter.no\/nyheter\/usa-godkjenner-stort-vapensalg-til-taiwan-kina-fordommer\/1337657\" rel=\"nofollow noopener\" target=\"_blank\">godkjente USA et stort v\u00e5pensalg til Taiwan<\/a>.<\/p>\n<p>Det var Kina ikke forn\u00f8yd med.<\/p>\n<p>                <img decoding=\"async\" src=\"https:\/\/www.europesays.com\/no\/wp-content\/uploads\/2025\/12\/1340883.webp\" width=\"480\" height=\"274\" title=\"President p\u00e5 Taiwan, Lai Ching-te.\" alt=\"\" loading=\"lazy\" style=\"\"\/><\/p>\n<p>\n            President p\u00e5 Taiwan, Lai Ching-te.<br \/>\n            Ann Wang \/ Reuters \/ NTB\n        <\/p>\n<p>President Donald Trumps administrasjon ga gr\u00f8nt lys for salget til en verdi p\u00e5 11 milliarder dollar. Dette er det andre amerikanske v\u00e5pensalget til \u00f8ya siden Trump overtok som president for snart et \u00e5r siden.<\/p>\n<p>Fra Kina, som gj\u00f8r krav p\u00e5 Taiwan, var det ikke en positiv respons.<\/p>\n<p>\u2013 Det amerikanske salget gj\u00f8r stor skade p\u00e5 freden og stabiliteten i Taiwanstredet. Kina er sterke motstandere av og ford\u00f8mmer p\u00e5 det sterkeste salget, sier en talsperson for det kinesiske utenriksdepartementet if\u00f8lge Reuters.<\/p>\n","protected":false},"excerpt":{"rendered":"N\u00e5 er det Taiwan som gjelder. Kinas president Xi Jinping. Adek Berry \/ AP \/ NTB If\u00f8lge The&hellip;\n","protected":false},"author":2,"featured_media":117888,"comment_status":"","ping_status":"","sticky":false,"template":"","format":"standard","meta":{"footnotes":""},"categories":[12],"tags":[20,21,24,25,15,22,23,13,30,28,29,14,16,26,27,42,43,44,45],"class_list":{"0":"post-117887","1":"post","2":"type-post","3":"status-publish","4":"format-standard","5":"has-post-thumbnail","7":"category-verden","8":"tag-breaking-news","9":"tag-breakingnews","10":"tag-featured-news","11":"tag-featurednews","12":"tag-headlines","13":"tag-latest-news","14":"tag-latestnews","15":"tag-news","16":"tag-no","17":"tag-norge","18":"tag-norway","19":"tag-nyheter","20":"tag-overskrifter","21":"tag-top-stories","22":"tag-topstories","23":"tag-verden","24":"tag-world","25":"tag-world-news","26":"tag-worldnews"},"share_on_mastodon":{"url":"https:\/\/pubeurope.com\/@no\/115749197416600437","error":""},"_links":{"self":[{"href":"https:\/\/www.europesays.com\/no\/wp-json\/wp\/v2\/posts\/117887","targetHints":{"allow":["GET"]}}],"collection":[{"href":"https:\/\/www.europesays.com\/no\/wp-json\/wp\/v2\/posts"}],"about":[{"href":"https:\/\/www.europesays.com\/no\/wp-json\/wp\/v2\/types\/post"}],"author":[{"embeddable":true,"href":"https:\/\/www.europesays.com\/no\/wp-json\/wp\/v2\/users\/2"}],"replies":[{"embeddable":true,"href":"https:\/\/www.europesays.com\/no\/wp-json\/wp\/v2\/comments?post=117887"}],"version-history":[{"count":0,"href":"https:\/\/www.europesays.com\/no\/wp-json\/wp\/v2\/posts\/117887\/revisions"}],"wp:featuredmedia":[{"embeddable":true,"href":"https:\/\/www.europesays.com\/no\/wp-json\/wp\/v2\/media\/117888"}],"wp:attachment":[{"href":"https:\/\/www.europesays.com\/no\/wp-json\/wp\/v2\/media?parent=117887"}],"wp:term":[{"taxonomy":"category","embeddable":true,"href":"https:\/\/www.europesays.com\/no\/wp-json\/wp\/v2\/categories?post=117887"},{"taxonomy":"post_tag","embeddable":true,"href":"https:\/\/www.europesays.com\/no\/wp-json\/wp\/v2\/tags?post=117887"}],"curies":[{"name":"wp","href":"https:\/\/api.w.org\/{rel}","templated":true}]}}