{"id":117893,"date":"2025-12-20T01:09:17","date_gmt":"2025-12-20T01:09:17","guid":{"rendered":"https:\/\/www.europesays.com\/no\/117893\/"},"modified":"2025-12-20T01:09:17","modified_gmt":"2025-12-20T01:09:17","slug":"en-av-tre-er-apen-for-a-forby-islam-i-landet","status":"publish","type":"post","link":"https:\/\/www.europesays.com\/no\/117893\/","title":{"rendered":"\u00c9n av tre er \u00e5pen for \u00e5 forby islam i landet"},"content":{"rendered":"<p>\n        FREDAGSB\u00d8NN: Unders\u00f8kelse i Danmark avdekker at dansker \u00f8nsker \u00e5 forby islam. Bildet er fra en fredagsb\u00f8nn i en moske i Oslo. Illustrasjonsfoto<br \/>\n        Foto: Cornelius Poppe \/ NTB\n    <\/p>\n<p>    En unders\u00f8kelse viser at nesten hver tredje danske ville lagt ned forbud om det var mulig.<\/p>\n<p>Den danske grunnloven ville stanset en slik innf\u00f8ring, men kartleggingen forteller likevel noe om mange danskers holdning til islam.\u00a0<\/p>\n<p>Den danske\u00a0<a href=\"https:\/\/www.weekendavisen.dk\/samfund\/over-graensen\" rel=\"nofollow noopener\" target=\"_blank\">Weekendavisen <\/a>har f\u00e5tt utf\u00f8rt unders\u00f8kelsen som ogs\u00e5 er gjengitt i Kristeligt Dagblad.\u00a0<\/p>\n<p>I kartleggingen har et utvalg p\u00e5\u00a01.390 personer deltatt, og konklusjonen er at nesten hver tredje danske vil forby islam i Danmark.<\/p>\n","protected":false},"excerpt":{"rendered":"FREDAGSB\u00d8NN: Unders\u00f8kelse i Danmark avdekker at dansker \u00f8nsker \u00e5 forby islam. Bildet er fra en fredagsb\u00f8nn i en&hellip;\n","protected":false},"author":2,"featured_media":117894,"comment_status":"","ping_status":"","sticky":false,"template":"","format":"standard","meta":{"footnotes":""},"categories":[12],"tags":[20,21,24,25,15,22,23,13,30,28,29,14,16,26,27,42,43,44,45],"class_list":{"0":"post-117893","1":"post","2":"type-post","3":"status-publish","4":"format-standard","5":"has-post-thumbnail","7":"category-verden","8":"tag-breaking-news","9":"tag-breakingnews","10":"tag-featured-news","11":"tag-featurednews","12":"tag-headlines","13":"tag-latest-news","14":"tag-latestnews","15":"tag-news","16":"tag-no","17":"tag-norge","18":"tag-norway","19":"tag-nyheter","20":"tag-overskrifter","21":"tag-top-stories","22":"tag-topstories","23":"tag-verden","24":"tag-world","25":"tag-world-news","26":"tag-worldnews"},"share_on_mastodon":{"url":"https:\/\/pubeurope.com\/@no\/115749228626722578","error":""},"_links":{"self":[{"href":"https:\/\/www.europesays.com\/no\/wp-json\/wp\/v2\/posts\/117893","targetHints":{"allow":["GET"]}}],"collection":[{"href":"https:\/\/www.europesays.com\/no\/wp-json\/wp\/v2\/posts"}],"about":[{"href":"https:\/\/www.europesays.com\/no\/wp-json\/wp\/v2\/types\/post"}],"author":[{"embeddable":true,"href":"https:\/\/www.europesays.com\/no\/wp-json\/wp\/v2\/users\/2"}],"replies":[{"embeddable":true,"href":"https:\/\/www.europesays.com\/no\/wp-json\/wp\/v2\/comments?post=117893"}],"version-history":[{"count":0,"href":"https:\/\/www.europesays.com\/no\/wp-json\/wp\/v2\/posts\/117893\/revisions"}],"wp:featuredmedia":[{"embeddable":true,"href":"https:\/\/www.europesays.com\/no\/wp-json\/wp\/v2\/media\/117894"}],"wp:attachment":[{"href":"https:\/\/www.europesays.com\/no\/wp-json\/wp\/v2\/media?parent=117893"}],"wp:term":[{"taxonomy":"category","embeddable":true,"href":"https:\/\/www.europesays.com\/no\/wp-json\/wp\/v2\/categories?post=117893"},{"taxonomy":"post_tag","embeddable":true,"href":"https:\/\/www.europesays.com\/no\/wp-json\/wp\/v2\/tags?post=117893"}],"curies":[{"name":"wp","href":"https:\/\/api.w.org\/{rel}","templated":true}]}}