{"id":117897,"date":"2025-12-20T01:17:44","date_gmt":"2025-12-20T01:17:44","guid":{"rendered":"https:\/\/www.europesays.com\/no\/117897\/"},"modified":"2025-12-20T01:17:44","modified_gmt":"2025-12-20T01:17:44","slug":"humoretaten-javad-el-bakali-javad-el-bakali-og-kristine-graendsen-er-nye-komikere-i-humoretaten","status":"publish","type":"post","link":"https:\/\/www.europesays.com\/no\/117897\/","title":{"rendered":"Humoretaten, Javad El Bakali | Javad El Bakali og Kristine Gr\u00e6ndsen er nye komikere i \u00abHumoretaten\u00bb"},"content":{"rendered":"\n<p>\u00abHumoretaten\u00bb er tilbake p\u00e5 TV-skjermen fredag 9. januar.<\/p>\n<p>Denne gangen f\u00e5r humorensemblet to nye tilskudd: Javad El Bakali og Kristine Gr\u00e6ndsen.<\/p>\n<p>   <img decoding=\"async\" width=\"3840\" height=\"2561\" fetchpriority=\"low\"  loading=\"lazy\"  src=\"https:\/\/www.europesays.com\/no\/wp-content\/uploads\/2025\/12\/etaten.jpg\" alt=\"\" class=\"brick-c-cFOWSL\" style=\"--brick-image-ratio: 3840 \/ 2561;\"\/><\/p>\n<p>      SESONG TRE: Humorensemblet er klare for \u00e5 levere mer dagsaktuell humor foran live publikum i 2026.<br \/>\n      Foto: Tom \u00d8verli, NRK\n    <\/p>\n<p>Det kommer frem i en pressemelding fra NRK, fredag ettermiddag.<\/p>\n<p>\u2013 Humoretaten er det sjukeste som har hendt meg. Jeg er klar for \u00e5 ha det g\u00f8y med den beste gjengen du f\u00e5r p\u00e5 TV, sier Bakali i pressemeldingen.<\/p>\n<p>\u2013 Det er jo en liten dr\u00f8m \u00e5 f\u00e5 spille masse forskjellige roller hele tiden, og med s\u00e5 flinke folk! En glede!, sier Gr\u00e6ndsen.<\/p>\n<p><b>Les ogs\u00e5: <a href=\"https:\/\/www.nettavisen.no\/kjendis\/vill-festing-bak-kulissene-ikke-n-avholdskveld\/s\/5-95-2786588\" rel=\"Follow nofollow noopener\" target=\"_blank\">Vill festing bak kulissene: \u2013 Ikke \u00e9n avholdskveld<\/a><\/b><\/p>\n<p>Sammen med Maria Stavang, Christian Mikkelsen, Sigrid Bonde Tusvik, John Brungot, Arman Surizehi, Mathea Josefsen og David Mokel, er gjengen klare for sesong tre av \u00abHumoretaten\u00bb.<\/p>\n","protected":false},"excerpt":{"rendered":"\u00abHumoretaten\u00bb er tilbake p\u00e5 TV-skjermen fredag 9. januar. Denne gangen f\u00e5r humorensemblet to nye tilskudd: Javad El Bakali&hellip;\n","protected":false},"author":2,"featured_media":117898,"comment_status":"","ping_status":"","sticky":false,"template":"","format":"standard","meta":{"footnotes":""},"categories":[12],"tags":[20,21,24,25,15,22,23,13,30,28,29,14,16,26,27,42,43,44,45],"class_list":{"0":"post-117897","1":"post","2":"type-post","3":"status-publish","4":"format-standard","5":"has-post-thumbnail","7":"category-verden","8":"tag-breaking-news","9":"tag-breakingnews","10":"tag-featured-news","11":"tag-featurednews","12":"tag-headlines","13":"tag-latest-news","14":"tag-latestnews","15":"tag-news","16":"tag-no","17":"tag-norge","18":"tag-norway","19":"tag-nyheter","20":"tag-overskrifter","21":"tag-top-stories","22":"tag-topstories","23":"tag-verden","24":"tag-world","25":"tag-world-news","26":"tag-worldnews"},"share_on_mastodon":{"url":"https:\/\/pubeurope.com\/@no\/115749260168651723","error":""},"_links":{"self":[{"href":"https:\/\/www.europesays.com\/no\/wp-json\/wp\/v2\/posts\/117897","targetHints":{"allow":["GET"]}}],"collection":[{"href":"https:\/\/www.europesays.com\/no\/wp-json\/wp\/v2\/posts"}],"about":[{"href":"https:\/\/www.europesays.com\/no\/wp-json\/wp\/v2\/types\/post"}],"author":[{"embeddable":true,"href":"https:\/\/www.europesays.com\/no\/wp-json\/wp\/v2\/users\/2"}],"replies":[{"embeddable":true,"href":"https:\/\/www.europesays.com\/no\/wp-json\/wp\/v2\/comments?post=117897"}],"version-history":[{"count":0,"href":"https:\/\/www.europesays.com\/no\/wp-json\/wp\/v2\/posts\/117897\/revisions"}],"wp:featuredmedia":[{"embeddable":true,"href":"https:\/\/www.europesays.com\/no\/wp-json\/wp\/v2\/media\/117898"}],"wp:attachment":[{"href":"https:\/\/www.europesays.com\/no\/wp-json\/wp\/v2\/media?parent=117897"}],"wp:term":[{"taxonomy":"category","embeddable":true,"href":"https:\/\/www.europesays.com\/no\/wp-json\/wp\/v2\/categories?post=117897"},{"taxonomy":"post_tag","embeddable":true,"href":"https:\/\/www.europesays.com\/no\/wp-json\/wp\/v2\/tags?post=117897"}],"curies":[{"name":"wp","href":"https:\/\/api.w.org\/{rel}","templated":true}]}}