{"id":11790,"date":"2025-08-19T00:46:09","date_gmt":"2025-08-19T00:46:09","guid":{"rendered":"https:\/\/www.europesays.com\/no\/11790\/"},"modified":"2025-08-19T00:46:09","modified_gmt":"2025-08-19T00:46:09","slug":"bbc-trekker-ozzy-osbourne-dokumentar-uten-forklaring","status":"publish","type":"post","link":"https:\/\/www.europesays.com\/no\/11790\/","title":{"rendered":"BBC trekker Ozzy Osbourne-dokumentar uten forklaring"},"content":{"rendered":"\n<p class=\"_lead_1bvmi_2 _lead_xtcu6_50 layout-component text-serif-m layout-normal text-serif-l layout-component layout-wide layout-padded _wide_17hqh_1 layout-padded\">Filmen skulle egentlig vises p\u00e5 BBC One mandag kveld. N\u00e5 er den utsatt p\u00e5 ubestemt tid.<\/p>\n<p><img alt=\" Foto: Jack Taylor \/ Reuters \/ NTB\" class=\"_image_qp4xg_65 layout-component layout-wide\" data-fullscreen- data-track-element-type=\"Article image fullscreen\" data-track-name=\"ImageFullscreen\" fetchpriority=\"high\" decoding=\"sync\" loading=\"eager\" height=\"3252\" itemprop=\"image\"  src=\"https:\/\/www.europesays.com\/no\/wp-content\/uploads\/2025\/08\/6f0243dd-3ee1-440f-b676-ef648944fade\"  style=\"object-position:0% 0%\" width=\"4885\"\/> Foto: Jack Taylor \/ Reuters \/ NTB<\/p>\n<ul aria-hidden=\"true\" class=\"_images_1y6fe_106\">\n<li><a class=\"_link_1y6fe_111\" href=\"https:\/\/www.vg.no\/forfatter\/isak-loeve-pilskog-loe\" style=\"z-index:1\" title=\"Isak L\u00f8ve Pilskog Loe\" rel=\"nofollow noopener\" target=\"_blank\"><img alt=\"Bilde av Isak L\u00f8ve Pilskog Loe\" class=\"_image_1y6fe_88\" fetchpriority=\"low\" loading=\"lazy\" decoding=\"async\" itemprop=\"image\"  src=\"https:\/\/www.europesays.com\/no\/wp-content\/uploads\/2025\/08\/1755564369_623_8b0354e3-bf53-460c-9c1c-790321a0c923\"  width=\"480\"\/><\/a><\/li>\n<\/ul>\n<p> Oppdatert tirsdag 19. august kl. 02:10     <\/p>\n<p class=\"_paragraph_1bvmi_4 _paragraph_xtcu6_10 layout-component text-serif-m layout-normal text-serif-m layout-padded\">BBC har fjernet en dokumentar om <a href=\"https:\/\/www.vg.no\/tag\/ozzy-osbourne?utm_source=vg-article&amp;utm_medium=auto-tagger&amp;utm_campaign=LMKV7q\" class=\"_link_1bvmi_39\" rel=\"nofollow noopener\" target=\"_blank\">Ozzy Osbournes<\/a> siste \u00e5r fra sendeskjemaet uten forklaring.<\/p>\n<p class=\"_paragraph_1bvmi_4 _paragraph_xtcu6_10 layout-component text-serif-m layout-normal text-serif-m layout-padded\">Filmen Ozzy Osbourne: Coming Home skulle sendes mandag kveld p\u00e5 BBC One, men ble i stedet erstattet av et program om kunstsvindel, melder Sky News. <\/p>\n<p class=\"_paragraph_1bvmi_4 _paragraph_xtcu6_10 layout-component text-serif-m layout-normal text-serif-m layout-padded\">En BBC-talsperson opplyste bare at filmen \u00aber flyttet i sendeskjemaet\u00bb, og at nye sendetider vil bli annonsert senere.<\/p>\n<p class=\"_paragraph_1bvmi_4 _paragraph_xtcu6_10 layout-component text-serif-m layout-normal text-serif-m layout-padded\">Dokumentaren f\u00f8lger de siste tre \u00e5rene av metallegendens liv, fra familiens retur til Storbritannia til oppkj\u00f8ringen til avskjedskonserten i Birmingham i juli.<\/p>\n<p class=\"_paragraph_1bvmi_4 _paragraph_xtcu6_10 layout-component text-serif-m layout-normal text-serif-m layout-padded\"><a href=\"https:\/\/www.vg.no\/nyheter\/i\/4BP1mR\/ozzy-osbourne-er-doed\" data-track-element-type=\"Link\" data-track-id=\"link:4BP1mR\" class=\"_link_1bvmi_39\" rel=\"nofollow noopener\" target=\"_blank\">Osbourne d\u00f8de i august<\/a>, 76 \u00e5r gammel, etter lengre tids sykdom.<\/p>\n<p class=\"_paragraph_1bvmi_4 _paragraph_xtcu6_10 layout-component text-serif-m layout-normal layout-padded\"><strong class=\"_strong_1bvmi_25\">Les ogs\u00e5:<\/strong> <a href=\"https:\/\/www.vg.no\/i\/lwqEQL\" data-track-element-type=\"Link\" data-track-id=\"link:lwqEQL\" class=\"_link_1bvmi_39\" rel=\"nofollow noopener\" target=\"_blank\">Ozzy Asbj\u00f8rn Walde: \u2013 Har betydd absolutt alt<\/a><\/p>\n<p>Foto: Chris Pizzello \/ AP \/ NTB<\/p>\n<p class=\"_paragraph_1bvmi_4 _paragraph_xtcu6_10 layout-component text-serif-m layout-normal text-serif-m layout-padded\">Prosjektet startet som en ti episoders serie med tittelen Home to Roost, men ble til slutt gjort om til en enkelt film etter at Osbournes helse ble d\u00e5rligere. <\/p>\n<p class=\"_paragraph_1bvmi_4 _paragraph_xtcu6_10 layout-component text-serif-m layout-normal text-serif-m layout-padded\">BBC har omtalt dokumentaren som en \u00abr\u00f8rende og inspirerende beretning\u00bb med \u00abunik og intim tilgang\u00bb til hele familien, inkludert kona Sharon og barna Jack og Kelly.<\/p>\n<p class=\"_paragraph_1bvmi_4 _paragraph_xtcu6_10 layout-component text-serif-m layout-normal text-serif-m layout-padded\">Filmen skulle ha premiere mindre enn en m\u00e5ned etter rockeikonets d\u00f8d, og kort tid etter at familien hans holdt en f\u00f8lelsesladet opptreden for tusenvis av fans i Birmingham.<\/p>\n<p class=\"_paragraph_1bvmi_4 _paragraph_xtcu6_10 layout-component text-serif-m layout-normal layout-padded\"><strong class=\"_strong_1bvmi_25\">Les ogs\u00e5:<\/strong> <a href=\"https:\/\/www.vg.no\/i\/QMVm38\" data-track-element-type=\"Link\" data-track-id=\"link:QMVm38\" class=\"_link_1bvmi_39\" rel=\"nofollow noopener\" target=\"_blank\">Ozzys liv i bilder<\/a><\/p>\n<p class=\"_paragraph_1bvmi_4 _paragraph_xtcu6_10 layout-component text-serif-m layout-normal text-serif-m layout-padded\"><a href=\"https:\/\/www.vg.no\/rampelys\/i\/eMVwOO\/naa-tar-fansen-farvel-med-ozzy-osbourne?utm_source=sdrn%3Avg%3Alisting%3Ac14b19d4-d203-4636-95e0-79608e7c09d5&amp;utm_medium=Teaser&amp;utm_content=teaser%3AeMVwOO\" data-track-element-type=\"Link\" data-track-id=\"link:eMVwOO\" class=\"_link_1bvmi_39\" rel=\"nofollow noopener\" target=\"_blank\">Tusenvis av fans fylte gatene i hjembyen<\/a> da likvognen kj\u00f8rte gjennom byen 30. juli.<\/p>\n<p class=\"_paragraph_1bvmi_4 _paragraph_xtcu6_10 layout-component text-serif-m layout-normal layout-padded\"><strong class=\"_strong_1bvmi_25\">Les ogs\u00e5:<\/strong> <a href=\"https:\/\/www.vg.no\/i\/nyqQdo\" data-track-element-type=\"Link\" data-track-id=\"link:nyqQdo\" class=\"_link_1bvmi_39\" rel=\"nofollow noopener\" target=\"_blank\">Minnes Ozzy p\u00e5 hjemmebane<\/a><\/p>\n","protected":false},"excerpt":{"rendered":"Filmen skulle egentlig vises p\u00e5 BBC One mandag kveld. N\u00e5 er den utsatt p\u00e5 ubestemt tid. Foto: Jack&hellip;\n","protected":false},"author":2,"featured_media":11791,"comment_status":"","ping_status":"","sticky":false,"template":"","format":"standard","meta":{"footnotes":""},"categories":[58],"tags":[154,71,30,28,29,2390,72],"class_list":{"0":"post-11790","1":"post","2":"type-post","3":"status-publish","4":"format-standard","5":"has-post-thumbnail","7":"category-underholdning","8":"tag-bbc","9":"tag-entertainment","10":"tag-no","11":"tag-norge","12":"tag-norway","13":"tag-ozzy-osbourne","14":"tag-underholdning"},"share_on_mastodon":{"url":"","error":""},"_links":{"self":[{"href":"https:\/\/www.europesays.com\/no\/wp-json\/wp\/v2\/posts\/11790","targetHints":{"allow":["GET"]}}],"collection":[{"href":"https:\/\/www.europesays.com\/no\/wp-json\/wp\/v2\/posts"}],"about":[{"href":"https:\/\/www.europesays.com\/no\/wp-json\/wp\/v2\/types\/post"}],"author":[{"embeddable":true,"href":"https:\/\/www.europesays.com\/no\/wp-json\/wp\/v2\/users\/2"}],"replies":[{"embeddable":true,"href":"https:\/\/www.europesays.com\/no\/wp-json\/wp\/v2\/comments?post=11790"}],"version-history":[{"count":0,"href":"https:\/\/www.europesays.com\/no\/wp-json\/wp\/v2\/posts\/11790\/revisions"}],"wp:featuredmedia":[{"embeddable":true,"href":"https:\/\/www.europesays.com\/no\/wp-json\/wp\/v2\/media\/11791"}],"wp:attachment":[{"href":"https:\/\/www.europesays.com\/no\/wp-json\/wp\/v2\/media?parent=11790"}],"wp:term":[{"taxonomy":"category","embeddable":true,"href":"https:\/\/www.europesays.com\/no\/wp-json\/wp\/v2\/categories?post=11790"},{"taxonomy":"post_tag","embeddable":true,"href":"https:\/\/www.europesays.com\/no\/wp-json\/wp\/v2\/tags?post=11790"}],"curies":[{"name":"wp","href":"https:\/\/api.w.org\/{rel}","templated":true}]}}