{"id":117905,"date":"2025-12-20T02:12:18","date_gmt":"2025-12-20T02:12:18","guid":{"rendered":"https:\/\/www.europesays.com\/no\/117905\/"},"modified":"2025-12-20T02:12:18","modified_gmt":"2025-12-20T02:12:18","slug":"norges-raeste-derby-er-tilbake-i-2026-valerenga","status":"publish","type":"post","link":"https:\/\/www.europesays.com\/no\/117905\/","title":{"rendered":"Norges r\u00e5este derby er tilbake i 2026 \/ V\u00e5lerenga"},"content":{"rendered":"<p>    Norges r\u00e5este derby er tilbake i 2026 \/ V\u00e5lerenga<\/p>\n<p>\t\t\t<img decoding=\"async\" src=\"https:\/\/www.europesays.com\/no\/wp-content\/uploads\/2025\/12\/A7C06885.JPG.jpg\"\/><\/p>\n<p class=\"excerpt excerpt--article\">N\u00e5 kan du starte planleggingen av neste sesong. Se hele kampoppsettet her!<\/p>\n<p>Etter et oppl\u00f8ftende comeback i Eliteserien, er V\u00e5lerenga klare for \u00e5 gyve l\u00f8s p\u00e5 \u00e5r to n\u00e5r 2026-sesongen sparkes i gang rekordtidlig 15. mars.\u00a0<\/p>\n<p><a href=\"https:\/\/www.vif-fotball.no\/nyheter\/norges-raeste-derby-er-tilbake-i-2026\/_\/attachment\/inline\/ee33595d-f845-405f-8c65-46d6d7b66000:74220098396ba8f94421a3c08a3ec7e564534de6\/Eliteserien%202026.xlsx\" rel=\"nofollow noopener\" target=\"_blank\"><strong>Trykk her for \u00e5 se hele terminlista i Excel<\/strong><\/a><\/p>\n<p>Norges r\u00e5este fotballderby er, med to \u00e5r uten, endelig tilbake, og gultr\u00f8yene fra stasjonsbygda kommer p\u00e5 bes\u00f8k til Oslo \u00f8st allerede i april. Returoppgj\u00f8ret p\u00e5 \u00c5r\u00e5sen er runde 21, og spilles enten l\u00f8rdag 12. eller s\u00f8ndag 13. september. Skal du f\u00e5 med deg den fra tribuneplass, M\u00c5 du ha sesongkort.\u00a0<\/p>\n<p><img decoding=\"async\" class=\"figure__img\" src=\"https:\/\/www.europesays.com\/no\/wp-content\/uploads\/2025\/12\/NTB_EW9GtwYoG04.jpg\"\/><\/p>\n<p><a href=\"https:\/\/www.vif-fotball.no\/nyheter\/for-oss-er-dette-selve-livet1\" target=\"_blank\" rel=\"nofollow noopener\"><strong>Under to uker igjen av Early Bird-tilbudet<\/strong><\/a><\/p>\n<p>Gutta i kongebl\u00e5tt starter med hjemmekamp mot Sandefjord p\u00e5 Intility Arena, s\u00f8ndag 15. mars klokka 17.00, og har som kjent ogs\u00e5 f\u00e5tt tildelt 16. mai-runden hjemme mot Sarpsborg 08.\u00a0Nyopprykka Start f\u00e5r bes\u00f8k fra hovedstaden i slutten av mai.<\/p>\n<p><strong>Runde 1 til og med runde 9 i Eliteserien er beramma med klokkeslett, mens \u00f8vrige kamper blir fastsatt p\u00e5 et senere tidspunkt.\u00a0<\/strong><\/p>\n<p><img decoding=\"async\" class=\"figure__img\" src=\"https:\/\/www.europesays.com\/no\/wp-content\/uploads\/2025\/12\/Hjemme Slutt.png\"\/><\/p>\n<p><a href=\"https:\/\/www.vif-fotball.no\/nyheter\/norges-raeste-derby-er-tilbake-i-2026\/_\/attachment\/inline\/ee33595d-f845-405f-8c65-46d6d7b66000:74220098396ba8f94421a3c08a3ec7e564534de6\/Eliteserien%202026.xlsx\" rel=\"nofollow noopener\" target=\"_blank\"><strong>Trykk her for \u00e5 se hele terminlista i Excel<\/strong><\/a><\/p>\n<p>                        Publisert: 19.12.2025<\/p>\n<p>Skrevet av: Tina Wulf<br \/>\n                        <br \/>Kontakt:<br \/>\n                            <a href=\"http:\/\/www.vif-fotball.no\/cdn-cgi\/l\/email-protection#2d7944434c035a58414b6d5b444b034342\" rel=\"nofollow noopener\" target=\"_blank\">[email\u00a0protected]<\/a><\/p>\n<p>\t\t\t\t<a class=\"icon\" href=\"https:\/\/fantasy.eliteserien.no\/\" target=\"_blank\" rel=\"nofollow noopener\"><br \/>\n\t\t\t\t\t<img decoding=\"async\" src=\"https:\/\/www.vif-fotball.no\/_\/image\/a034437b-0f73-41ac-b1ef-946f112d133c:878e2f24267c8241a69c9a8befcec7826344136a\/block-24-24\/fantasy-logo_64.svg\"\/><br \/>\n\t\t\t\t<\/a><\/p>\n<p>    &#13;<\/p>\n<p>    <a href=\"https:\/\/www.vif-fotball.no\/nyheter\/javascript:void(0)\" title=\"Close\" class=\"modal-login__close\" rel=\"nofollow noopener\" target=\"_blank\">X<\/a><br \/>\n    Innlogging p\u00e5 V\u00e5lerenga<\/p>\n<p>P\u00e5 denne nettsiden benyttes Idrettens ID til innlogging. Idrettens ID er en enkel og trygg innlogging utviklet av Norges idrettsforbund og Buypass. Les mer om Idrettens ID hos <a href=\"https:\/\/www.idrettsforbundet.no\/digital\/idrettens-id\/\" rel=\"nofollow noopener\" target=\"_blank\">Norges Idrettsforbund<\/a><\/p>\n<p>Jeg har bruker<\/p>\n<p>Hvis du allerede har en bruker: <a href=\"https:\/\/www.vif-fotball.no\/_\/idprovider\/idrettensid\/login?idProvider=idrettensid\" rel=\"nofollow noopener\" target=\"_blank\">logg inn her<\/a><\/p>\n<p>Jeg m\u00e5 lage ny bruker<\/p>\n<p>Ny bruker kan du lage <a href=\"https:\/\/signup.nif.no\/\" target=\"_blank\" rel=\"nofollow noopener\">her<\/a><\/p>\n<p><strong>PS: <\/strong>Hvis du er usikker p\u00e5 om du har en bruker kan du finne ut av det <a href=\"https:\/\/www.nif.buypass.no\/nif-forgot-password\/\" rel=\"nofollow noopener\" target=\"_blank\">hos Norges idrettsforbund.<\/a><\/p>\n<p>\u00a0<\/p>\n","protected":false},"excerpt":{"rendered":"Norges r\u00e5este derby er tilbake i 2026 \/ V\u00e5lerenga N\u00e5 kan du starte planleggingen av neste sesong. Se&hellip;\n","protected":false},"author":2,"featured_media":117906,"comment_status":"","ping_status":"","sticky":false,"template":"","format":"standard","meta":{"footnotes":""},"categories":[59],"tags":[30,28,29,83,82],"class_list":{"0":"post-117905","1":"post","2":"type-post","3":"status-publish","4":"format-standard","5":"has-post-thumbnail","7":"category-sport","8":"tag-no","9":"tag-norge","10":"tag-norway","11":"tag-sport","12":"tag-sports"},"share_on_mastodon":{"url":"https:\/\/pubeurope.com\/@no\/115749476500304175","error":""},"_links":{"self":[{"href":"https:\/\/www.europesays.com\/no\/wp-json\/wp\/v2\/posts\/117905","targetHints":{"allow":["GET"]}}],"collection":[{"href":"https:\/\/www.europesays.com\/no\/wp-json\/wp\/v2\/posts"}],"about":[{"href":"https:\/\/www.europesays.com\/no\/wp-json\/wp\/v2\/types\/post"}],"author":[{"embeddable":true,"href":"https:\/\/www.europesays.com\/no\/wp-json\/wp\/v2\/users\/2"}],"replies":[{"embeddable":true,"href":"https:\/\/www.europesays.com\/no\/wp-json\/wp\/v2\/comments?post=117905"}],"version-history":[{"count":0,"href":"https:\/\/www.europesays.com\/no\/wp-json\/wp\/v2\/posts\/117905\/revisions"}],"wp:featuredmedia":[{"embeddable":true,"href":"https:\/\/www.europesays.com\/no\/wp-json\/wp\/v2\/media\/117906"}],"wp:attachment":[{"href":"https:\/\/www.europesays.com\/no\/wp-json\/wp\/v2\/media?parent=117905"}],"wp:term":[{"taxonomy":"category","embeddable":true,"href":"https:\/\/www.europesays.com\/no\/wp-json\/wp\/v2\/categories?post=117905"},{"taxonomy":"post_tag","embeddable":true,"href":"https:\/\/www.europesays.com\/no\/wp-json\/wp\/v2\/tags?post=117905"}],"curies":[{"name":"wp","href":"https:\/\/api.w.org\/{rel}","templated":true}]}}