{"id":117916,"date":"2025-12-20T02:39:06","date_gmt":"2025-12-20T02:39:06","guid":{"rendered":"https:\/\/www.europesays.com\/no\/117916\/"},"modified":"2025-12-20T02:39:06","modified_gmt":"2025-12-20T02:39:06","slug":"the-wall-street-journal-dette-er-ingen-gullalder","status":"publish","type":"post","link":"https:\/\/www.europesays.com\/no\/117916\/","title":{"rendered":"The Wall Street Journal: \u2013 Dette er ingen gullalder"},"content":{"rendered":"<p><b>Dette skriver utenlandske aviser p\u00e5 lederplass<\/b><\/p>\n<p><b><a href=\"https:\/\/www.wsj.com\/opinion\/donald-trump-economy-real-wages-inflation-labor-department-immigration-e3914b09?mod=opinion_lead_pos1\" target=\"_blank\" rel=\"nofollow noopener\">The Wall Street Journal<\/a><\/b><\/p>\n<p>President Trump har forsikret amerikanerne om at lykkeligere tider vil komme, og vi h\u00e5per han har rett. P\u00e5 12 m\u00e5neder har reall\u00f8nningene \u00f8kt kun med 0,8 prosent, og de holder s\u00e5 vidt tritt med \u00f8kende levekostnader. Det er ingen gullalder. Inflasjonsrapporten fra Arbeidsdepartementet torsdag understreker hvorfor mange amerikanere f\u00f8ler seg nedstemte.<\/p>\n<p>Boligkostnader og husleier vokser i et langsommere tempo etter hvert som effekten av h\u00f8yere renter sl\u00e5r inn i markedet. Men amerikanere opplever fortsatt pris\u00f8kninger p\u00e5 varer og tjenester de bruker jevnlig, som elektrisitet (6,9 prosent), m\u00f8bler og husholdning (4,6 prosent), helsetjenester (3,3 prosent) og mat (2,6 prosent).\u00a0<\/p>\n<p>En Fox News-m\u00e5ling denne uken viser at 72 prosent av amerikanerne vurderer \u00f8konomien som middels eller d\u00e5rlig, i praksis uendret siden Trump tiltr\u00e5dte.<\/p>\n<p>Trump har rett i at han overtok inflasjonsproblemene etter Joe Biden, men amerikanerne f\u00f8ler ikke at situasjonen deres blir bedre. Jobbveksten har stagnert siden v\u00e5ren. Aller viktigst er det at inntektene justert for inflasjon ikke har \u00f8kt raskt nok.<\/p>\n<p>Presidenten satser p\u00e5 at fordelene av skattereformen hans vil sl\u00e5 inn neste \u00e5r. Regler for umiddelbar kostnadsf\u00f8ring kan l\u00f8fte bedriftsinvesteringene, og fritak for tips og overtid samt st\u00f8rre fradrag for statlige og lokale skatter vil \u00f8ke nettoutbetalingen for noen.\u00a0<\/p>\n<p>Men Trumps \u00f8kte tollsatser skaper usikkerhet og \u00f8ker kostnadene for bedriftene. Utvisning av utenlandske arbeidere uten papirene i orden bidrar heller ikke.\u00a0<\/p>\n<p>\u00c5 deportere ryddehjelper og hotellarbeidere vil ikke f\u00e5 amerikanere til \u00e5 f\u00f8le seg rikere. Det vil heller ikke hjelpe at Trump forteller velgerne at de aldri har hatt det bedre. Amerikanerne vil bli mer positive n\u00e5r l\u00f8nns\u00f8kningen ikke blir spist opp av inflasjonen.<\/p>\n<p><img decoding=\"async\" class=\"lazyload \" src=\"https:\/\/www.europesays.com\/no\/wp-content\/uploads\/2025\/12\/1766198346_790_pipe\"  data- alt=\"\"\/><\/p>\n<p>INFLASJONEN BITER: Her fra kj\u00f8pesenterkjeden Target i California. <strong>Foto: Bloomberg<\/strong><\/p>\n<p><b><a href=\"https:\/\/www.ft.com\/content\/0fcdacb4-77ae-435b-9e87-416b29731650\" target=\"_blank\" rel=\"nofollow noopener\">Financial Times<\/a><\/b><\/p>\n<p>S\u00f8ndag ble en skjeggete, tatovert tidligere studentprotestleder erstattet med den dresskledde Jos\u00e9 Antonio Kast som president i Chile. Han er en populist som tidligere har rost diktaturet til general Augusto Pinochet. Valget markerer et skifte til h\u00f8yre i latinamerikansk politikk. Kriminalitet og vold \u00f8ker tiltrekningskraften til sterke menn i hele regionen.<\/p>\n<p><b><a href=\"https:\/\/www.welt.de\/debatte\/plus6943e3b5e23b7abeabf81153\/prorussische-narrative-zensur-in-europa.html\" target=\"_blank\" rel=\"nofollow noopener\">Die Welt<\/a><\/b><\/p>\n<p>I kj\u00f8lvannet av Ukraina-konflikten griper EU stadig dypere inn i ytringsfriheten. N\u00e5 er en sveitsisk sakprosaforfatter blitt sanksjonert for pro-russisk propaganda, med innreiseforbud og frysing av formue. Man kan gjerne kritisere Jacques Baud, men han er ingen forbryter.<\/p>\n<p><b><a href=\"https:\/\/www.di.se\/ledare\/antligen-battre-bolaneregler\/\" target=\"_blank\" rel=\"nofollow noopener\">Dagens Industri<\/a><\/b><\/p>\n<p>Det er bra at regjeringen planlegger \u00e5 lette p\u00e5 avdragskravene og redusere kravet til egenkapital. Det vil gj\u00f8re det enklere for f\u00f8rstegangskj\u00f8pere og stimulere til st\u00f8rre mobilitet i boligmarkedet.<\/p>\n","protected":false},"excerpt":{"rendered":"Dette skriver utenlandske aviser p\u00e5 lederplass The Wall Street Journal President Trump har forsikret amerikanerne om at lykkeligere&hellip;\n","protected":false},"author":2,"featured_media":117917,"comment_status":"","ping_status":"","sticky":false,"template":"","format":"standard","meta":{"footnotes":""},"categories":[12],"tags":[20,21,24,25,15,22,23,13,30,28,29,14,16,26,27,42,43,44,45],"class_list":{"0":"post-117916","1":"post","2":"type-post","3":"status-publish","4":"format-standard","5":"has-post-thumbnail","7":"category-verden","8":"tag-breaking-news","9":"tag-breakingnews","10":"tag-featured-news","11":"tag-featurednews","12":"tag-headlines","13":"tag-latest-news","14":"tag-latestnews","15":"tag-news","16":"tag-no","17":"tag-norge","18":"tag-norway","19":"tag-nyheter","20":"tag-overskrifter","21":"tag-top-stories","22":"tag-topstories","23":"tag-verden","24":"tag-world","25":"tag-world-news","26":"tag-worldnews"},"share_on_mastodon":{"url":"https:\/\/pubeurope.com\/@no\/115749582642815732","error":""},"_links":{"self":[{"href":"https:\/\/www.europesays.com\/no\/wp-json\/wp\/v2\/posts\/117916","targetHints":{"allow":["GET"]}}],"collection":[{"href":"https:\/\/www.europesays.com\/no\/wp-json\/wp\/v2\/posts"}],"about":[{"href":"https:\/\/www.europesays.com\/no\/wp-json\/wp\/v2\/types\/post"}],"author":[{"embeddable":true,"href":"https:\/\/www.europesays.com\/no\/wp-json\/wp\/v2\/users\/2"}],"replies":[{"embeddable":true,"href":"https:\/\/www.europesays.com\/no\/wp-json\/wp\/v2\/comments?post=117916"}],"version-history":[{"count":0,"href":"https:\/\/www.europesays.com\/no\/wp-json\/wp\/v2\/posts\/117916\/revisions"}],"wp:featuredmedia":[{"embeddable":true,"href":"https:\/\/www.europesays.com\/no\/wp-json\/wp\/v2\/media\/117917"}],"wp:attachment":[{"href":"https:\/\/www.europesays.com\/no\/wp-json\/wp\/v2\/media?parent=117916"}],"wp:term":[{"taxonomy":"category","embeddable":true,"href":"https:\/\/www.europesays.com\/no\/wp-json\/wp\/v2\/categories?post=117916"},{"taxonomy":"post_tag","embeddable":true,"href":"https:\/\/www.europesays.com\/no\/wp-json\/wp\/v2\/tags?post=117916"}],"curies":[{"name":"wp","href":"https:\/\/api.w.org\/{rel}","templated":true}]}}