{"id":117920,"date":"2025-12-20T03:44:09","date_gmt":"2025-12-20T03:44:09","guid":{"rendered":"https:\/\/www.europesays.com\/no\/117920\/"},"modified":"2025-12-20T03:44:09","modified_gmt":"2025-12-20T03:44:09","slug":"nasa-har-mistet-kontakt-med-mars-romsonde","status":"publish","type":"post","link":"https:\/\/www.europesays.com\/no\/117920\/","title":{"rendered":"Nasa har mistet kontakt med Mars-romsonde"},"content":{"rendered":"\n<p class=\"_lead_o9xde_2 _lead_xtcu6_50 layout-component text-serif-m layout-normal text-serif-l layout-component layout-wide layout-padded _wide_17hqh_1 layout-padded\">Nasa har mistet kontakten med Mars-romsonden Maven. Sonden har g\u00e5tt i bane rundt den r\u00f8de planeten i ti \u00e5r.<\/p>\n<p><img alt=\"Denne illustrasjonen fra Nasa forestiller Maven-romsonden i bane rundt Mars.  Foto: NASA \/ GSFC \/ AP \/ NTB\" class=\"_image_qp4xg_65 layout-component layout-wide\" data-fullscreen- data-track-element-type=\"Article image fullscreen\" data-track-name=\"ImageFullscreen\" fetchpriority=\"high\" decoding=\"sync\" loading=\"eager\" height=\"720\" itemprop=\"image\"  src=\"https:\/\/www.europesays.com\/no\/wp-content\/uploads\/2025\/12\/7c1830e1-b1ff-4bf3-9e91-df8ffb98db7a\"  style=\"object-position:0% 0%\" width=\"1080\"\/>Denne illustrasjonen fra Nasa forestiller Maven-romsonden i bane rundt Mars.  Foto: NASA \/ GSFC \/ AP \/ NTB<\/p>\n<ul aria-hidden=\"true\" class=\"_images_ntbth_112\">\n<li><a class=\"_link_ntbth_117\" href=\"https:\/\/www.vg.no\/forfatter\/ntb\" style=\"z-index:1\" title=\"NTB\" rel=\"nofollow noopener\" target=\"_blank\"><img alt=\"Bilde av NTB\" class=\"_image_ntbth_93\" fetchpriority=\"low\" loading=\"lazy\" decoding=\"async\" itemprop=\"image\"  src=\"https:\/\/www.europesays.com\/no\/wp-content\/uploads\/2025\/12\/1766202249_891_c33980b0-5d07-4027-84a1-813f90a7c8d6\"  width=\"480\"\/><\/a><\/li>\n<\/ul>\n<p> Oppdatert l\u00f8rdag 20. desember kl. 03:56     <\/p>\n<p class=\"_paragraph_o9xde_4 _paragraph_xtcu6_10 layout-component text-serif-m layout-normal text-serif-m layout-padded\">Nasa har ikke mottatt data fra romsonden p\u00e5 rundt to uker, men pr\u00f8ver fortsatt \u00e5 gjenopprette kontakten med den. <\/p>\n<p class=\"_paragraph_o9xde_4 _paragraph_xtcu6_10 layout-component text-serif-m layout-normal text-serif-m layout-padded\">Det opplyser en talskvinne for Nasa til det tyske nyhetsbyr\u00e5et DPA.<\/p>\n<p class=\"_paragraph_o9xde_4 _paragraph_xtcu6_10 layout-component text-serif-m layout-normal text-serif-m layout-padded\">Mandag uttalte Nasa at \u00abet kort fragment av sporingsdata\u00bb fra tidligere i denne m\u00e5neden tyder p\u00e5 at romsonden trolig \u00abroterer p\u00e5 en uventet m\u00e5te\u00bb.<\/p>\n<p class=\"_paragraph_o9xde_4 _paragraph_xtcu6_10 layout-component text-serif-m layout-normal text-serif-m layout-padded\">Magen, som st\u00e5r for <a href=\"https:\/\/www.vg.no\/tag\/mars?utm_source=vg-article&amp;utm_medium=auto-tagger&amp;utm_campaign=e78Pqg\" class=\"_link_o9xde_39\" rel=\"nofollow noopener\" target=\"_blank\">Mars<\/a> Atmosphere and Volatile Evolution, ble sendt til Mars i slutten av 2013. <\/p>\n<p class=\"_paragraph_o9xde_4 _paragraph_xtcu6_10 layout-component text-serif-m layout-normal text-serif-m layout-padded\">Den har g\u00e5tt i bane rundt Mars i rundt ti \u00e5r og samler inn opplysninger, blant annet om Mars&#8217; atmosf\u00e6re.<\/p>\n<p class=\"_paragraph_o9xde_4 _paragraph_xtcu6_10 layout-component text-serif-m layout-normal text-serif-m layout-padded\">Nasa har ogs\u00e5 to andre romsonder som g\u00e5r i bane rundt planeten \u2013 Mars Odyssey og Mars Reconnaissance Orbiter. P\u00e5 bakken p\u00e5 Mars har Nasa de to roverne Curiosity og Perseverance.<\/p>\n<p class=\"_paragraph_o9xde_4 _paragraph_xtcu6_10 layout-component text-serif-m layout-normal text-serif-m layout-padded\">I tillegg har European Space Agency (ESA) romsonden ExoMars Trace Gas Orbiter i bane rundt planeten.<\/p>\n<p class=\"_paragraph_o9xde_4 _paragraph_xtcu6_10 layout-component text-serif-m layout-normal text-serif-m layout-padded\">Nasas siste ordin\u00e6re kontakt med sonden var 4. desember. Det korte datafragmentet ble fanget opp av Nasa 6. desember.<\/p>\n<p class=\"_paragraph_o9xde_4 _paragraph_xtcu6_10 layout-component text-serif-m layout-normal text-serif-m layout-padded\">Mandag denne uken opplyste Nasa at det n\u00e5 jobbes med \u00e5 unders\u00f8ke om Mavens manglende kommunikasjon kan p\u00e5virke de to roverne p\u00e5 bakken. <\/p>\n<p class=\"_paragraph_o9xde_4 _paragraph_xtcu6_10 layout-component text-serif-m layout-normal text-serif-m layout-padded\">Samtidig justerer Nasa oml\u00f8pet for de \u00f8vrige romsondene som g\u00e5r i bane og koordinerer passeringene med daglige planlagte aktiviteter for roverne, slik at vitenskapelige aktiviteter kan fortsette. <\/p>\n<p class=\"_paragraph_o9xde_4 _paragraph_xtcu6_10 layout-component text-serif-m layout-normal text-serif-m layout-padded\">Romsondenes rolle er blant annet \u00e5 videresende kommunikasjon til og fra roverne p\u00e5 bakken.<\/p>\n","protected":false},"excerpt":{"rendered":"Nasa har mistet kontakten med Mars-romsonden Maven. Sonden har g\u00e5tt i bane rundt den r\u00f8de planeten i ti&hellip;\n","protected":false},"author":2,"featured_media":117921,"comment_status":"","ping_status":"","sticky":false,"template":"","format":"standard","meta":{"footnotes":""},"categories":[12],"tags":[1004,20,21,3394,24,25,15,22,23,5073,13,30,28,29,14,16,14176,26,27,42,2452,43,44,45],"class_list":{"0":"post-117920","1":"post","2":"type-post","3":"status-publish","4":"format-standard","5":"has-post-thumbnail","7":"category-verden","8":"tag-astronomi","9":"tag-breaking-news","10":"tag-breakingnews","11":"tag-esa","12":"tag-featured-news","13":"tag-featurednews","14":"tag-headlines","15":"tag-latest-news","16":"tag-latestnews","17":"tag-mars","18":"tag-news","19":"tag-no","20":"tag-norge","21":"tag-norway","22":"tag-nyheter","23":"tag-overskrifter","24":"tag-romsonde","25":"tag-top-stories","26":"tag-topstories","27":"tag-verden","28":"tag-verdensrommet","29":"tag-world","30":"tag-world-news","31":"tag-worldnews"},"share_on_mastodon":{"url":"https:\/\/pubeurope.com\/@no\/115749838305320863","error":""},"_links":{"self":[{"href":"https:\/\/www.europesays.com\/no\/wp-json\/wp\/v2\/posts\/117920","targetHints":{"allow":["GET"]}}],"collection":[{"href":"https:\/\/www.europesays.com\/no\/wp-json\/wp\/v2\/posts"}],"about":[{"href":"https:\/\/www.europesays.com\/no\/wp-json\/wp\/v2\/types\/post"}],"author":[{"embeddable":true,"href":"https:\/\/www.europesays.com\/no\/wp-json\/wp\/v2\/users\/2"}],"replies":[{"embeddable":true,"href":"https:\/\/www.europesays.com\/no\/wp-json\/wp\/v2\/comments?post=117920"}],"version-history":[{"count":0,"href":"https:\/\/www.europesays.com\/no\/wp-json\/wp\/v2\/posts\/117920\/revisions"}],"wp:featuredmedia":[{"embeddable":true,"href":"https:\/\/www.europesays.com\/no\/wp-json\/wp\/v2\/media\/117921"}],"wp:attachment":[{"href":"https:\/\/www.europesays.com\/no\/wp-json\/wp\/v2\/media?parent=117920"}],"wp:term":[{"taxonomy":"category","embeddable":true,"href":"https:\/\/www.europesays.com\/no\/wp-json\/wp\/v2\/categories?post=117920"},{"taxonomy":"post_tag","embeddable":true,"href":"https:\/\/www.europesays.com\/no\/wp-json\/wp\/v2\/tags?post=117920"}],"curies":[{"name":"wp","href":"https:\/\/api.w.org\/{rel}","templated":true}]}}