{"id":117922,"date":"2025-12-20T03:45:17","date_gmt":"2025-12-20T03:45:17","guid":{"rendered":"https:\/\/www.europesays.com\/no\/117922\/"},"modified":"2025-12-20T03:45:17","modified_gmt":"2025-12-20T03:45:17","slug":"mann-funnet-bevisstlos","status":"publish","type":"post","link":"https:\/\/www.europesays.com\/no\/117922\/","title":{"rendered":"Mann funnet bevisstl\u00f8s"},"content":{"rendered":"<p>En rekke dokumenter er tidligere blitt frigitt, og fredag utl\u00f8p fristen Kongressen hadde satt for offentliggj\u00f8ring av de resterende. Filene er publisert p\u00e5 Justisdepartementets \u00a0<a href=\"https:\/\/www.justice.gov\/epstein\" target=\"_blank\" rel=\"nofollow noopener\">nettsider<\/a>.<\/p>\n<p>If\u00f8lge USAs visejustisminister Todd Blanche gjenst\u00e5r det imidlertid fortsatt flere hundre tusen dokumenter som vil bli offentliggjort i l\u00f8pet av kort tid.<\/p>\n<p>&#8211; I dag er det flere hundre tusen, og i l\u00f8pet av de neste par ukene forventer jeg offentliggj\u00f8ring av flere hundre tusen til, sa Blanche til Fox News fredag.<\/p>\n<p>Raseri: &#8211; Skuffende  <\/p>\n<p>If\u00f8lge CNN er det kun ti prosent av FBIs filer som er sluppet fredag kveld.\u00a0<\/p>\n<p>Loven som ble vedtatt av kongressen krevde at alle dokumentene m\u00e5tte slippes innen 30 dager. Ro Khanna, som var en av demokratene som sto bak forslaget, beskriver fredagens offentliggj\u00f8ring som \u00abskuffende\u00bb.<\/p>\n<p>&#8211; Justisdepartementets dokumentutlevering er ikke i tr\u00e5d med Massie og min innsynslov, skriver Khanna p\u00e5 X.<\/p>\n<p>Han peker blant annet p\u00e5 et dokument med 119 sider der alle sidene er sladdet.\u00a0<\/p>\n<p>&#8211; Loven v\u00e5r krever at de forklarer sladdinger. Det finnes ikke \u00e9n eneste forklaring p\u00e5 hvorfor hele dokumentet er sladdet.<\/p>\n<p>Han f\u00e5r st\u00f8tte av sin republikanske kollega Thomas Massie.\u00a0<\/p>\n<p>&#8211; Dessverre er dagens dokumentutlevering fra Pam Bondi og Todd Blanche et grovt brudd p\u00e5 b\u00e5de \u00e5nden og bokstaven i loven som Donald Trump undertegnet for bare 30 dager siden. Ro Khanna har rett, skriver han p\u00e5 X.<\/p>\n<p>Han sier til CNN at det blant annet var to sentrale dokumenter offrene \u00f8nsket offentliggjort: Et tiltaledokument med 60 tiltalepunkter fra f\u00f8r Epstein fikk sin omstridte \u00absweetheart deal\u00bb, og et notat p\u00e5 82 sider som underbygger dette. Ingen av dem har v\u00e6rt med fredagens offentliggj\u00f8ring.<\/p>\n<p>        <img loading=\"lazy\" decoding=\"async\" src=\"https:\/\/www.europesays.com\/no\/wp-content\/uploads\/2025\/12\/84013113.webp\" width=\"980\" height=\"559\" title=\"SLADDET: Mange av dokumentene som ble sluppet fredag var kraftig sladdet. Foto: U.S. Justice Department\" alt=\"\" class=\"\" style=\"--aspect-ratio-image: 1.75; \"\/><\/p>\n<p>\n        SLADDET: Mange av dokumentene som ble sluppet fredag var kraftig sladdet. Foto: U.S. Justice Department\n    <\/p>\n<p>Khanna sier at duoen n\u00e5 vurderer en rekke tiltak for \u00e5 kreve en full offentliggj\u00f8ring:<\/p>\n<p>&#8211; Det kan dreie seg om riksrett mot personer i Justisdepartementet, iboende forakt for Kongressen (et s\u00e6rskilt amerikansk virkemiddel der Kongressen selv kan straffe forakt), eller \u00e5 henvise dem som hindrer rettspleien til straffeforf\u00f8lgelse, skriver Ro Khanna.\u00a0<\/p>\n<p>Kongressrepresentant Alexandria Ocasio-Cortez mener at justisminister Pam Bondi b\u00f8r g\u00e5 av.\u00a0<\/p>\n<p>&#8211; N\u00e5 er tildekkingen kommet for dagen. Dette er langt fra over. Alle som har v\u00e6rt involvert, m\u00e5 stilles til ansvar. Pam Bondi, Kash Patel \u2013 hele administrasjonen. De beskytter en gruppe voldtektsmenn og pedofile fordi de har penger, makt og forbindelser. Bondi b\u00f8r trekke seg allerede i kveld, skriver Ocazio-Cortez.<\/p>\n<p>        <img loading=\"lazy\" decoding=\"async\" src=\"https:\/\/www.europesays.com\/no\/wp-content\/uploads\/2025\/12\/84013104.webp\" width=\"980\" height=\"559\" title=\"I HARDT V\u00c6R: Justisminister Pam Bondi. Foto: Alex Brandon\/AP\/NTB\" alt=\"\" class=\"\" style=\"--aspect-ratio-image: 1.75; \"\/><\/p>\n<p>\n        I HARDT V\u00c6R: Justisminister Pam Bondi. Foto: Alex Brandon\/AP\/NTB\n    <\/p>\n<p>Over 1200 ofre  <\/p>\n<p>If\u00f8lge Fox News skriver Blanche i et brev til Kongressen at det amerikanske Justisdepartementet har identifisert over 1200 ofre og deres familier under gjennomgangen av Epstein-dokumentene.<\/p>\n<p>Noen av bildene i det frigitte materialet viser Jeffrey Epstein smilende sammen med tidligere president Bill Clinton, samt Clinton i et boblebad sammen med en person som er sladdet.<\/p>\n<p>        <img loading=\"lazy\" decoding=\"async\" src=\"https:\/\/www.europesays.com\/no\/wp-content\/uploads\/2025\/12\/84013087.webp\" width=\"980\" height=\"559\" title=\"Bill Clinton i boblebadet med en sladdet person i bakgrunnen. Foto: Criminal Justice Services\" alt=\"\" class=\"\" style=\"--aspect-ratio-image: 1.75; \"\/><\/p>\n<p>\n        Bill Clinton i boblebadet med en sladdet person i bakgrunnen. Foto: Criminal Justice Services\n    <\/p>\n<p>I en uttalelse p\u00e5 X skriver en talsperson for tidligere president Bill Clinton at Trump-administrasjonen fors\u00f8ker \u00e5 \u00abskjerme seg selv mot det som kommer\u00bb.<\/p>\n<p>&#8211; Det hvite hus har ikke holdt disse dokumentene skjult i m\u00e5nedsvis bare for \u00e5 dumpe dem sent en fredag for \u00e5 beskytte Bill Clinton. Dette handler om \u00e5 skjerme seg selv mot det som kommer, eller mot det de vil fors\u00f8ke \u00e5 skjule for alltid, skriver Angel Ure\u00f1a, vise\u00adstabssjef for president Bill Clinton.<\/p>\n<p>Han fortsetter:<\/p>\n<p>&#8211; De kan publisere s\u00e5 mange kornete bilder som helst, over 20 \u00e5r gamle, men dette handler ikke om Bill Clinton. Det har aldri gjort det, og det vil aldri gj\u00f8re det.<\/p>\n<p>&#8211; Det finnes to typer mennesker her. Den f\u00f8rste gruppen visste ingenting og br\u00f8t med Epstein f\u00f8r forbrytelsene hans ble kjent. Den andre gruppen fortsatte forholdet til ham etterp\u00e5. Vi tilh\u00f8rer den f\u00f8rste. Ingen trenering fra folk i den andre gruppen vil endre det. Alle \u2013 s\u00e6rlig MAGA \u2013 forventer svar, ikke syndebukker, avslutter\u00a0Ure\u00f1a.<\/p>\n<p>        \u00abUTVIST\u00bb: Prins Andrew er ikke lenger prins og er \u00abutvist\u00bb fra kongefamilien p\u00e5 grunn av sine forbindelser til Jeffrey Epstein. Reporter: Sanne Holt\/ R\u00f8d L\u00f8per. Video: NTB\/ Stella Pictures\/ AFP\/ YouTube\/ BBC\/ Netflix\/ 60Minutes Australia<\/p>\n<p>Mange av bildene viser ogs\u00e5 Epstein og hans kj\u00e6reste Ghislaine Maxwell, og ett av bildene viser Clinton i et basseng sammen med Maxwell.<\/p>\n<p>Maxwell ble i 2021 d\u00f8mt for \u00e5 ha rekruttert og tilrettelagt seksuelle overgrep mot mindre\u00e5rige for Epstein.<\/p>\n<p>Ogs\u00e5 kjente musikere som Michael Jackson og Mick Jagger dukker opp i bildematerialet. Jagger er avbildet sammen med Maxwell, mens Jackson er avbildet sammen med Epstein. Det framg\u00e5r ikke hvor bildene er tatt, eller i hvilken sammenheng.<\/p>\n<p>    <a itemprop=\"url\" href=\"https:\/\/www.dagbladet.no\/nyheter\/aldri-sett-for-nye-bilder-fra-epstein-oya\/83935314\" rel=\"nofollow noopener\" target=\"_blank\"><\/p>\n<p>        <img loading=\"lazy\" decoding=\"async\" src=\"https:\/\/www.europesays.com\/no\/wp-content\/uploads\/2025\/12\/1766202317_794_83935339.webp\" width=\"980\" height=\"441\" title=\"Aldri sett f\u00f8r: Nye bilder fra Epstein-\u00f8ya\" alt=\"\" class=\"lazyload\" style=\"--aspect-ratio-image: 2.22; \"\/><\/p>\n<p>        Aldri sett f\u00f8r: Nye bilder fra Epstein-\u00f8ya<\/p>\n<p>    <\/a><\/p>\n<p>Tok sitt eget liv<\/p>\n<p>Jeffrey Epstein pleide omgang med en rekke mektige politikere og kjendiser som han inviterte til sin private \u00f8y i Karibia. Blant dem han var omgangsvenner med var Donald Trump og britenes prins Andrew.<\/p>\n<p>Epstein var tidligere d\u00f8mt for to seksualforbrytelser, blant annet etter \u00e5 ha blitt funnet skyldig i \u00e5 ha oppfordret en mindre\u00e5rig til prostitusjon.<\/p>\n<p>Etter at flere tidligere ofre sto fram ble han i 2019 p\u00e5grepet p\u00e5 nytt, anklaget for seksuelle overgrep mot mindre\u00e5rige. I august 2019 tok han sitt eget liv i fengselet f\u00f8r saken mot ham kom for retten.<\/p>\n","protected":false},"excerpt":{"rendered":"En rekke dokumenter er tidligere blitt frigitt, og fredag utl\u00f8p fristen Kongressen hadde satt for offentliggj\u00f8ring av de&hellip;\n","protected":false},"author":2,"featured_media":765,"comment_status":"","ping_status":"","sticky":false,"template":"","format":"standard","meta":{"footnotes":""},"categories":[10],"tags":[20,21,24,25,15,2539,22,23,13,30,28,29,14,16,26,27],"class_list":{"0":"post-117922","1":"post","2":"type-post","3":"status-publish","4":"format-standard","5":"has-post-thumbnail","7":"category-norge","8":"tag-breaking-news","9":"tag-breakingnews","10":"tag-featured-news","11":"tag-featurednews","12":"tag-headlines","13":"tag-innenriks","14":"tag-latest-news","15":"tag-latestnews","16":"tag-news","17":"tag-no","18":"tag-norge","19":"tag-norway","20":"tag-nyheter","21":"tag-overskrifter","22":"tag-top-stories","23":"tag-topstories"},"share_on_mastodon":{"url":"https:\/\/pubeurope.com\/@no\/115749842125882370","error":""},"_links":{"self":[{"href":"https:\/\/www.europesays.com\/no\/wp-json\/wp\/v2\/posts\/117922","targetHints":{"allow":["GET"]}}],"collection":[{"href":"https:\/\/www.europesays.com\/no\/wp-json\/wp\/v2\/posts"}],"about":[{"href":"https:\/\/www.europesays.com\/no\/wp-json\/wp\/v2\/types\/post"}],"author":[{"embeddable":true,"href":"https:\/\/www.europesays.com\/no\/wp-json\/wp\/v2\/users\/2"}],"replies":[{"embeddable":true,"href":"https:\/\/www.europesays.com\/no\/wp-json\/wp\/v2\/comments?post=117922"}],"version-history":[{"count":0,"href":"https:\/\/www.europesays.com\/no\/wp-json\/wp\/v2\/posts\/117922\/revisions"}],"wp:featuredmedia":[{"embeddable":true,"href":"https:\/\/www.europesays.com\/no\/wp-json\/wp\/v2\/media\/765"}],"wp:attachment":[{"href":"https:\/\/www.europesays.com\/no\/wp-json\/wp\/v2\/media?parent=117922"}],"wp:term":[{"taxonomy":"category","embeddable":true,"href":"https:\/\/www.europesays.com\/no\/wp-json\/wp\/v2\/categories?post=117922"},{"taxonomy":"post_tag","embeddable":true,"href":"https:\/\/www.europesays.com\/no\/wp-json\/wp\/v2\/tags?post=117922"}],"curies":[{"name":"wp","href":"https:\/\/api.w.org\/{rel}","templated":true}]}}