{"id":117923,"date":"2025-12-20T03:53:24","date_gmt":"2025-12-20T03:53:24","guid":{"rendered":"https:\/\/www.europesays.com\/no\/117923\/"},"modified":"2025-12-20T03:53:24","modified_gmt":"2025-12-20T03:53:24","slug":"kongen-til-nrk-om-kronprinsessens-sykdom","status":"publish","type":"post","link":"https:\/\/www.europesays.com\/no\/117923\/","title":{"rendered":"Kongen til NRK om kron\u00adprinsessens sykdom:"},"content":{"rendered":"\n<p class=\"_lead_o9xde_2 _lead_xtcu6_50 layout-component text-serif-m layout-normal text-serif-l layout-component layout-wide layout-padded _wide_17hqh_1 layout-padded\">Kronprinsesse Mette-Marits lunge\u00adsykdom bekymrer hele familien.<\/p>\n<p> <img class=\"_image_qp4xg_65 layout-component layout-wide\" data-fullscreen- data-track-element-type=\"Article image fullscreen\" data-track-name=\"ImageFullscreen\" fetchpriority=\"high\" decoding=\"sync\" loading=\"eager\" height=\"181\" itemprop=\"image\"  src=\"https:\/\/www.europesays.com\/no\/wp-content\/uploads\/2025\/12\/90bf3bb46466966c72fb47838328676c.jpg\"  style=\"object-position:50% 50%;aspect-ratio:1.75;height:auto;object-fit:cover;width:100%\" width=\"102\"\/>  <\/p>\n<ul aria-hidden=\"true\" class=\"_images_ntbth_112\">\n<li><a class=\"_link_ntbth_117\" href=\"https:\/\/www.vg.no\/forfatter\/vilde-elgaaen\" style=\"z-index:2\" title=\"Vilde Elgaaen\" rel=\"nofollow noopener\" target=\"_blank\"><img alt=\"Bilde av Vilde Elgaaen\" class=\"_image_ntbth_93\" fetchpriority=\"low\" loading=\"lazy\" decoding=\"async\" itemprop=\"image\"  src=\"https:\/\/www.europesays.com\/no\/wp-content\/uploads\/2025\/12\/1766202799_193_d7abc11e-e453-4b15-b473-933209ff5fea\"  width=\"480\"\/><\/a><\/li>\n<li><a class=\"_link_ntbth_117\" href=\"https:\/\/www.vg.no\/forfatter\/hanne-kretuz-hansen\" style=\"z-index:1\" title=\"Hanne Kreutz-Hansen\" rel=\"nofollow noopener\" target=\"_blank\"><img alt=\"Bilde av Hanne Kreutz-Hansen\" class=\"_image_ntbth_93\" fetchpriority=\"low\" loading=\"lazy\" decoding=\"async\" itemprop=\"image\"  src=\"https:\/\/www.europesays.com\/no\/wp-content\/uploads\/2025\/12\/1766202800_605_91499188-43f5-43fa-b038-5716eac94ffb\"  width=\"480\"\/><\/a><\/li>\n<\/ul>\n<p> Oppdatert fredag 19. desember kl. 20:29     <\/p>\n<p class=\"_paragraph_o9xde_4 _paragraph_xtcu6_10 layout-component text-serif-m layout-normal text-serif-m layout-padded\">\u2013 Hun gj\u00f8r absolutt det hun kan, og dessverre er det mindre og mindre hun kan. Sykdommen utvikler seg stadig. Det er tungt, sier kong Harald i <a href=\"http:\/\/nrk.no\/norge\/kongen-om-utviklingen-i-kronprinsessens-sykdom_-_-det-er-tungt-1.17699867\" class=\"_link_o9xde_39\" rel=\"nofollow noopener\" target=\"_blank\">NRKs<\/a> \u00ab\u00c5ret med kongefamilien.\u00bb<\/p>\n<p class=\"_paragraph_o9xde_4 _paragraph_xtcu6_10 layout-component text-serif-m layout-normal text-serif-m layout-padded\">\u2013 Men dette m\u00e5 vi leve med, legger han til.<\/p>\n<p class=\"_paragraph_o9xde_4 _paragraph_xtcu6_10 layout-component text-serif-m layout-normal text-serif-m layout-padded\">Fredag ble det kjent at helsen hennes har <a href=\"https:\/\/www.vg.no\/rampelys\/i\/L4A07Q\/kronprinsesse-mette-marit-maa-operere\" data-track-element-type=\"Link\" data-track-id=\"link:L4A07Q\" class=\"_link_o9xde_39\" rel=\"nofollow noopener\" target=\"_blank\">forverret seg<\/a>.<\/p>\n<p class=\"_paragraph_o9xde_4 _paragraph_xtcu6_10 layout-component text-serif-m layout-normal layout-padded\"><strong class=\"_strong_o9xde_25\">Les ogs\u00e5:<\/strong> <a href=\"https:\/\/www.vg.no\/i\/L4A07Q\" data-track-element-type=\"Link\" data-track-id=\"link:L4A07Q\" class=\"_link_o9xde_39\" rel=\"nofollow noopener\" target=\"_blank\">Kronprinsesse Mette-Marit forberedes p\u00e5 lunge\u00adtransplantasjon<\/a><\/p>\n<p><img alt=\"Onsdag var kronprins Haakon, kronprinsesse Mette-Marit, prinsesse Ingrid Alexandra og prins Sverre Magnus  p\u00e5 bes\u00f8k p\u00e5 Langerudhjemmet i Oslo.   Foto: Fredrik Varfjell \/ NTB\" class=\"_image_qp4xg_65 layout-component layout-normal\" data-fullscreen- data-track-element-type=\"Article image fullscreen\" data-track-name=\"ImageFullscreen\" decoding=\"async\" loading=\"lazy\" height=\"4622\" itemprop=\"image\"  src=\"https:\/\/www.europesays.com\/no\/wp-content\/uploads\/2025\/12\/31f9b9aa-08ae-4b50-9e1d-4235698a2d69\"  style=\"object-position:0% 0%\" width=\"6933\"\/>Onsdag var kronprins Haakon, kronprinsesse Mette-Marit, prinsesse Ingrid Alexandra og prins Sverre Magnus  p\u00e5 bes\u00f8k p\u00e5 Langerudhjemmet i Oslo.   Foto: Fredrik Varfjell \/ NTB<\/p>\n<p class=\"_paragraph_o9xde_4 _paragraph_xtcu6_10 layout-component text-serif-m layout-normal text-serif-m layout-padded\">Dronning Sonja sier til NRKs \u00ab\u00c5ret med kongefamilien\u00bb at det er trist \u00e5 se at <a href=\"https:\/\/www.vg.no\/tag\/kronprinsesse-mette-marit?utm_source=vg-article&amp;utm_medium=auto-tagger&amp;utm_campaign=k0JRzB\" class=\"_link_o9xde_39\" rel=\"nofollow noopener\" target=\"_blank\">kronprinsesse Mette-Marit<\/a> er syk.<\/p>\n<p class=\"_paragraph_o9xde_4 _paragraph_xtcu6_10 layout-component text-serif-m layout-normal text-serif-m layout-padded\">\u2013 Denne sykdommen synes ikke s\u00e5 godt utenp\u00e5 heller, s\u00e5 jeg tror det er veldig vanskelig for henne selv, for hun vil gjerne gj\u00f8re en god jobb, men har da ikke krefter. Det ser vi jo er noe som bekymrer hele familien.<\/p>\n<p class=\"_paragraph_o9xde_4 _paragraph_xtcu6_10 layout-component text-serif-m layout-normal text-serif-m layout-padded\"><a href=\"https:\/\/www.vg.no\/tag\/kronprinsesse-mette-marit?utm_source=vg-article&amp;utm_medium=auto-tagger&amp;utm_campaign=L4A07Q\" class=\"_link_o9xde_39\" rel=\"nofollow noopener\" target=\"_blank\">Kronprinsesse Mette-Marits<\/a>\u00a0lungesykdom har utviklet seg dramatisk i l\u00f8pet av h\u00f8sten. N\u00e5 er situasjonen s\u00e5 alvorlig at legene har begynt \u00e5 forberede henne p\u00e5 mulig lungetransplantasjon.<\/p>\n<p class=\"_paragraph_o9xde_4 _paragraph_xtcu6_10 layout-component text-serif-m layout-normal text-serif-m layout-padded\">\u2013 Jeg har brukt mye av dette halv\u00e5ret p\u00e5 Jessheim eller p\u00e5 Rikshospitalet med \u00e5 ta nye tester, og s\u00e5 har vi hatt en del samtaler i h\u00f8st om lungetransplantasjon. Det er det som er nytt, at vi begynner \u00e5 n\u00e6rme oss det steget, sier kronprinsessen til\u00a0<a href=\"https:\/\/www.nrk.no\/norge\/kronprinsessen-apen-om-dramatisk-forverring-av-sykdommen_-_-har-gatt-raskere-enn-jeg-hadde-hapet-1.17699020\" class=\"_link_o9xde_39\" rel=\"nofollow noopener\" target=\"_blank\">NRKs \u00ab\u00c5ret med kongefamilien\u00bb<\/a>.<\/p>\n<p class=\"_paragraph_o9xde_4 _paragraph_xtcu6_10 layout-component text-serif-m layout-normal text-serif-m layout-padded\">\u2013 Utviklingen har g\u00e5tt raskere enn b\u00e5de jeg og legene hadde h\u00e5pet p\u00e5, fortsetter hun.<\/p>\n<p class=\"_paragraph_o9xde_4 _paragraph_xtcu6_10 layout-component text-serif-m layout-normal text-serif-m layout-padded\">Denne uken har v\u00e6rt aktiv for kronprinsessen. Onsdag inviterte kronprins Haakon, kronprinsesse Mette-Marit, prinsesse Ingrid Alexandra og prins Sverre Magnus gjester fra n\u00f8detatene til f\u00f8rjulsstund i Slottskapellet. <\/p>\n<p class=\"_paragraph_o9xde_4 _paragraph_xtcu6_10 layout-component text-serif-m layout-normal text-serif-m layout-padded\">Torsdag bes\u00f8kte de Langerudhjemmet i Oslo<\/p>\n<ul class=\"_gallery_1qa3s_23\" tabindex=\"0\">\n<li class=\"_item_1qa3s_37\" data-index=\"0\"><img decoding=\"async\" class=\"_image_foru8_23 _articleGallery_foru8_39\" data-fullscreen- width=\"6000\" height=\"4000\" itemprop=\"image\" loading=\"lazy\"  src=\"https:\/\/www.europesays.com\/no\/wp-content\/uploads\/2025\/12\/86a7e301-c870-47b6-a753-c46a90c5b9aa\"  style=\"object-position:50% 50%;aspect-ratio:var(--gallery-aspect-ratio, 16 \/ 9)\"\/>Foto: Jonas Been Henriksen \/ NTB<\/li>\n<li class=\"_item_1qa3s_37\" data-index=\"1\"><img decoding=\"async\" class=\"_image_foru8_23 _articleGallery_foru8_39\" data-fullscreen- width=\"7512\" height=\"5008\" itemprop=\"image\" loading=\"lazy\"  src=\"https:\/\/www.europesays.com\/no\/wp-content\/uploads\/2025\/12\/c369d044-b0f3-49c6-bb77-f5754bbe2074\"  style=\"object-position:50% 50%;aspect-ratio:var(--gallery-aspect-ratio, 16 \/ 9)\"\/>Foto: Fredrik Varfjell \/ NTB<\/li>\n<li class=\"_item_1qa3s_37\" data-index=\"2\"><img decoding=\"async\" class=\"_image_foru8_23 _articleGallery_foru8_39\" data-fullscreen- width=\"6730\" height=\"4487\" itemprop=\"image\" loading=\"lazy\"  src=\"https:\/\/www.europesays.com\/no\/wp-content\/uploads\/2025\/12\/e0f46be5-a170-45a8-ace3-0382ec06d9fe\"  style=\"object-position:50% 50%;aspect-ratio:var(--gallery-aspect-ratio, 16 \/ 9)\"\/>Staselig bes\u00f8k av kronprinsesse Mette-Marit og prins Sverre-Magnus  p\u00e5 Langerudhjemmet i Oslo 17. desember.  Foto: Fredrik Varfjell \/ NTB<\/li>\n<\/ul>\n<p>Foto: Jonas Been Henriksen \/ NTB<\/p>\n<p>Hva er lungefibrose?<\/p>\n<ul class=\"_list_o9xde_3 _list_xtcu6_9 _list_16v91_9 _unordered_o9xde_106 layout-component text-serif-m layout-normal text-sans-m layout-padded\">\n<li class=\"_item_o9xde_30\">Lungefibrose er en tilstand med arrdannelse i lungevevet.<\/li>\n<li class=\"_item_o9xde_30\">Arrvevet gj\u00f8r at lungene blir stivere og mindre elastiske.<\/li>\n<li class=\"_item_o9xde_30\">Sykdommen gir \u00f8kt mengde bindevev i lungene.<\/li>\n<li class=\"_item_o9xde_30\">Tilstanden reduserer gassutvekslingen mellom lunge og blod, noe som gj\u00f8r det vanskeligere \u00e5 puste.<\/li>\n<li class=\"_item_o9xde_30\">Har man lett grad av lungefibrose, er det ikke sikkert man merker det p\u00e5 pusten, men jo mer fibrose som dannes, jo tyngre blir det \u00e5 puste.<\/li>\n<li class=\"_item_o9xde_30\">Symptomene kommer som oftest snikende, med tungpustethet og hoste.<\/li>\n<\/ul>\n<p class=\"_paragraph_o9xde_4 _paragraph_xtcu6_10 _paragraph_16v91_10 layout-component text-serif-m layout-normal text-sans-m layout-padded\">Kilde: NHI<\/p>\n<p>Vis mer    <img decoding=\"async\" alt=\"Tips oss illustrasjon\" src=\"https:\/\/www.europesays.com\/no\/wp-content\/uploads\/2025\/10\/pssst-small.webp.webp\"\/>    <\/p>\n<p class=\"title-serif-s\">Har du tips?<\/p>\n<p class=\"text-sans-m\">Send oss informasjon, bilder eller video.<\/p>\n<p>  <a href=\"https:\/\/www.vg.no\/tips-oss\" rel=\"nofollow noopener\" target=\"_blank\"> Tips oss <\/a>      <\/p>\n","protected":false},"excerpt":{"rendered":"Kronprinsesse Mette-Marits lunge\u00adsykdom bekymrer hele familien. Oppdatert fredag 19. desember kl. 20:29 \u2013 Hun gj\u00f8r absolutt det hun&hellip;\n","protected":false},"author":2,"featured_media":117924,"comment_status":"","ping_status":"","sticky":false,"template":"","format":"standard","meta":{"footnotes":""},"categories":[10],"tags":[31,20,21,1560,24,25,15,2590,1222,2293,22,23,13,30,28,29,14,16,26,27],"class_list":{"0":"post-117923","1":"post","2":"type-post","3":"status-publish","4":"format-standard","5":"has-post-thumbnail","7":"category-norge","8":"tag-breaking","9":"tag-breaking-news","10":"tag-breakingnews","11":"tag-dronning-sonja","12":"tag-featured-news","13":"tag-featurednews","14":"tag-headlines","15":"tag-kong-harald","16":"tag-kongefamilien","17":"tag-kronprinsesse-mette-marit","18":"tag-latest-news","19":"tag-latestnews","20":"tag-news","21":"tag-no","22":"tag-norge","23":"tag-norway","24":"tag-nyheter","25":"tag-overskrifter","26":"tag-top-stories","27":"tag-topstories"},"share_on_mastodon":{"url":"https:\/\/pubeurope.com\/@no\/115749874060644411","error":""},"_links":{"self":[{"href":"https:\/\/www.europesays.com\/no\/wp-json\/wp\/v2\/posts\/117923","targetHints":{"allow":["GET"]}}],"collection":[{"href":"https:\/\/www.europesays.com\/no\/wp-json\/wp\/v2\/posts"}],"about":[{"href":"https:\/\/www.europesays.com\/no\/wp-json\/wp\/v2\/types\/post"}],"author":[{"embeddable":true,"href":"https:\/\/www.europesays.com\/no\/wp-json\/wp\/v2\/users\/2"}],"replies":[{"embeddable":true,"href":"https:\/\/www.europesays.com\/no\/wp-json\/wp\/v2\/comments?post=117923"}],"version-history":[{"count":0,"href":"https:\/\/www.europesays.com\/no\/wp-json\/wp\/v2\/posts\/117923\/revisions"}],"wp:featuredmedia":[{"embeddable":true,"href":"https:\/\/www.europesays.com\/no\/wp-json\/wp\/v2\/media\/117924"}],"wp:attachment":[{"href":"https:\/\/www.europesays.com\/no\/wp-json\/wp\/v2\/media?parent=117923"}],"wp:term":[{"taxonomy":"category","embeddable":true,"href":"https:\/\/www.europesays.com\/no\/wp-json\/wp\/v2\/categories?post=117923"},{"taxonomy":"post_tag","embeddable":true,"href":"https:\/\/www.europesays.com\/no\/wp-json\/wp\/v2\/tags?post=117923"}],"curies":[{"name":"wp","href":"https:\/\/api.w.org\/{rel}","templated":true}]}}