{"id":117925,"date":"2025-12-20T04:00:40","date_gmt":"2025-12-20T04:00:40","guid":{"rendered":"https:\/\/www.europesays.com\/no\/117925\/"},"modified":"2025-12-20T04:00:40","modified_gmt":"2025-12-20T04:00:40","slug":"sametinget-ikke-nevnt-i-regjeringens-plan-for-norge-2025-2029-nrk-sapmi","status":"publish","type":"post","link":"https:\/\/www.europesays.com\/no\/117925\/","title":{"rendered":"Sametinget ikke nevnt i regjeringens plan for Norge 2025\u20132029 \u2013 NRK S\u00e1pmi"},"content":{"rendered":"<p><a href=\"https:\/\/www.nrk.no\/sapmi\/sami-a__it-eai-namuhuvvo-ra__ehusa-planas-aigodahkii-2025-2029-1.17695176\" ec-id=\"pp:article:1.17695176\" ec-name=\"Loga s\u00e1megillii.\" rel=\"nofollow noopener\" target=\"_blank\">Loga s\u00e1megillii.<\/a><\/p>\n<p>\u2013 Vi g\u00e5r bort fra lange \u00f8nskelister og over til f\u00e6rre, st\u00f8rre prosjekt med tydelig ansvar.<\/p>\n<p><strong>Det sa statsminister Jonas Gahr St\u00f8re (Ap) tidligere denne uken, da han la frem regjeringens plan for 2025\u20132029.<\/strong><\/p>\n<p>St\u00f8re peker p\u00e5 fem hovedomr\u00e5der som regjeringen vil legge vekt p\u00e5:<\/p>\n<ul>\n<li>Trygghet for \u00f8konomien<\/li>\n<li>Trygghet for arbeids- og n\u00e6ringslivet<\/li>\n<li>Trygghet for barn og unge<\/li>\n<li>Trygghet for helsa<\/li>\n<li>Trygghet for landet<\/li>\n<\/ul>\n<p><img decoding=\"async\"   src=\"data:image\/gif;base64,R0lGODlhAQABAIAAAAAAAP\/\/\/yH5BAEAAAAALAAAAAABAAEAAAIBRAA7\" loading=\"eager\" alt=\"Bildet viser forsiden av et dokument med tittelen &quot;Regjeringens plan for Norge 2025-2029&quot;. Det er et fugleperspektiv av en kystlinje med en vei som slynger seg mellom \u00f8yer. Rundt veien finnes det flere r\u00f8de bygninger og gr\u00f8nne omr\u00e5der. I hj\u00f8rnet er Statsministerens kontors logo synlig. (Bildebeskrivelsen er laget av en KI-tjeneste)\" title=\"Foto: NTB\"\/><\/p>\n<p class=\"\">Regjeringens plan for Norge 2025\u20132029.<\/p>\n<p>Foto: NTB<\/p>\n<p>Sametinget eller samiske interesser ble ikke nevnt i planen, i motsetning til Hurdalsplattformen, der de ble nevnt flere ganger.<\/p>\n<p><strong>Sametingspresidenten Silje Karine Muotka (NSR) trekker frem Gr\u00f8nland, Danmark og stormakter i verden som viser viktigheten av \u00e5 ha en god og hensiktsmessig urfolkspolitikk samtidig som vi planlegger for fremtiden.<\/strong><\/p>\n<p>Men hun sier at det kan v\u00e6re positivt dersom regjeringen vil at Sametinget selv skal legge frem det som ang\u00e5r det samiske samfunnet.<\/p>\n<p>\u2013 Men sett i et kritisk lys er det et stort avvik om man har glemt, eller at det samiske perspektivet er utelatt med vilje, sier Muotka.<\/p>\n<p><img decoding=\"async\"   src=\"data:image\/gif;base64,R0lGODlhAQABAIAAAAAAAP\/\/\/yH5BAEAAAAALAAAAAABAAEAAAIBRAA7\" loading=\"eager\" alt=\"Bildet viser to personer som st\u00e5r sammen i et moderne innend\u00f8rs milj\u00f8 med treverk og lys. Den ene personen er ikledd en tradisjonell kostyme med fargerike dekorasjoner, mens den andre er kledd i en formell dress. Omgivelsene ser ut til \u00e5 v\u00e6re en konferansesal, med stoler og teknologi synlig i bakgrunnen. Det er lavt lys, som gir en varm atmosf\u00e6re i rommet. (Bildebeskrivelsen er laget av en KI-tjeneste)\" title=\"Foto: Jan Langhaug \/ NTB\"\/><\/p>\n<p class=\"\">Sametingspresident Silje Karine Muotka og statsminister Jonas Gahr St\u00f8re p\u00e5 Sametinget.<\/p>\n<p>Foto: Jan Langhaug \/ NTB<\/p>\n<p>\u2013 Omfatter ogs\u00e5 en god urfolkspolitikk<\/p>\n<p>Under punktet \u00abTrygghet for landet\u00bb sl\u00e5r planen fast at nordomr\u00e5dene er Norges viktigste strategiske satsingsomr\u00e5de.<\/p>\n<p>Regjeringen skal bidra til \u00f8kt bosetting i nord og v\u00e6re en ledende og ansvarlig polarnasjon.<\/p>\n<p><strong>\u2013 En god trygghets- og sikkerhetspolitikk omfatter ogs\u00e5 en god urfolkspolitikk, mener sametingspresidenten.<\/strong><\/p>\n<p>I <a href=\"https:\/\/www.regjeringen.no\/no\/om-regjeringa\/noverande\/regjeringen-store\/regjeringens-plan-for-norge\/id3142802\/\" ec-id=\"https:\/\/www.regjeringen.no\/no\/om-regjeringa\/noverande\/regjeringen-store\/regjeringens-plan-for-norge\/id3142802\/\" ec-name=\"regjeringens plan\" rel=\"nofollow noopener\" target=\"_blank\">regjeringens plan<\/a> st\u00e5r det blant annet:<\/p>\n<p>\u2013 Med en endret sikkerhetssituasjon trenger vi infrastruktur som legger bedre til rette for mottak og forflytning av allierte forsterkningsstyrker og milit\u00e6r mobilitet.\n<\/p>\n<p><img decoding=\"async\"   src=\"data:image\/gif;base64,R0lGODlhAQABAIAAAAAAAP\/\/\/yH5BAEAAAAALAAAAAABAAEAAAIBRAA7\" loading=\"eager\" alt=\"En kvinne i kofte som ser inn i kamera\" title=\"Foto: Ida Marja Emilie Marakatt Lindseth \/ NRK\"\/><\/p>\n<p class=\"\">Norges sametingspresident Silje Karine Muotka.<\/p>\n<p>Foto: Ida Marja Emilie Marakatt Lindseth \/ NRK<\/p>\n<p>Vil v\u00e6re med p\u00e5 planarbeidet<\/p>\n<p>Muotka forventer at samene skal v\u00e6re med og utforme strategier og planer ved \u00f8kt forsvarsvirksomhet i samiske omr\u00e5der.<\/p>\n<p>\u2013 Jeg tror at oppf\u00f8lgingen av planen forutsetter at regjeringen forbedrer sin konsultasjonsplikt, og ogs\u00e5 sikrer at Sametinget er med i dette viktige planarbeidet som ber\u00f8rer alle.<\/p>\n<p><img decoding=\"async\"   src=\"data:image\/gif;base64,R0lGODlhAQABAIAAAAAAAP\/\/\/yH5BAEAAAAALAAAAAABAAEAAAIBRAA7\" loading=\"eager\" alt=\"Silje Karine Muotka\" title=\"Foto: Torgeir Varsi \/ NRK\"\/><\/p>\n<p class=\"\">Sametingspresidenten er klar til \u00e5 ta del i oppf\u00f8lgingen av planen.<\/p>\n<p>Foto: Torgeir Varsi \/ NRK<\/p>\n<p>Sametingspresidenten er opptatt av at samene blir h\u00f8rt, fordi hun mener de som bor i omr\u00e5dene har viktig lokal kunnskap.<\/p>\n<p>\u2013 Vi har all mulig informasjon om dette. Vi er ganske klar til \u00e5 ta del i oppf\u00f8lgningen av dette, sier hun.<\/p>\n<p>\u2013 V\u00e5r plan for Norge handler ikke om enkeltgrupper<\/p>\n<p>Statssekret\u00e6r i Kommunal- og distriktsdepartementet, Agnete Masternes Hansen, forteller at nordomr\u00e5dene er denne regjeringens viktigste satsingsomr\u00e5de.<\/p>\n<p>\u2013 Regjeringens plan for Norge har en tydelig profil p\u00e5 Nordomr\u00e5dene og arbeidet fremover, der samiske og kvenske perspektiver blir en naturlig del av dette, skriver Hanssen i en e-post til NRK.<\/p>\n<p>Videre sier hun at livskraftige lokalsamfunn er viktig for regjeringen, og at regjeringen skal bidra til \u00f8kt bosetting i nord.<\/p>\n<p>\u2013 Der tre stammers m\u00f8te er viktig for \u00e5 skape gode lokalsamfunn for alle.<\/p>\n<p><img decoding=\"async\"   src=\"data:image\/gif;base64,R0lGODlhAQABAIAAAAAAAP\/\/\/yH5BAEAAAAALAAAAAABAAEAAAIBRAA7\" loading=\"eager\" alt=\"Agnete Masternes Hanssen p\u00e5 en g\u00e5rd i Indre Billefjord\" title=\"Foto: Irmelin Kulbrandstad \/ NRK\"\/><\/p>\n<p>Foto: Irmelin Kulbrandstad \/ NRK<\/p>\n<p>Hanssen forteller at regjeringen har \u00f8kt tilskuddene til samiske form\u00e5l fra 1,3 milliarder kroner til omtrent 2 milliarder kroner.<\/p>\n<p>\u2013 Dette inkluderer ogs\u00e5 en betydelig styrking av Sametingets bevilgning, og viser en tydelig prioritering av Sametinget fra Arbeiderpartiregjeringens side, sier Statssekret\u00e6ren.<\/p>\n<p>\u2013 V\u00e5r plan for Norge handler ikke om enkeltgrupper, men hvordan vi styrker tryggheten og mulighetene sammen. Derfor er det ikke naturlig \u00e5 omtale \u00e9n enkeltakt\u00f8r, fortsetter hun.<\/p>\n<p>N\u00e5r det gjelder styrkingen av det sivilmilit\u00e6re samarbeidet i nordomr\u00e5dene mener regjeringen at lokalkunnskap er avgj\u00f8rende for den samlede beredskapskapasiteten.<\/p>\n<p>\u2013 Her vil ogs\u00e5 dialogen i regionalt nordomr\u00e5deforum, der ogs\u00e5 Sametinget er representert, v\u00e6re relevant, sier Hanssen.<\/p>\n<p>Er ikke i beredskapsplanene<\/p>\n<p>Trygghet for landet er ogs\u00e5 en utfordring utenfor Norges grenser.<\/p>\n<p>Sametingene i Finland og Sverige er heller ikke nevnt i beredskapsplanene i disse landene.<\/p>\n<p>Seniorr\u00e5dgiver ved \u00c1rran julevs\u00e1me guovd\u00e1sj, Martin Rimpi, mener dette er en utfordring.<\/p>\n<p><img decoding=\"async\"   src=\"data:image\/gif;base64,R0lGODlhAQABAIAAAAAAAP\/\/\/yH5BAEAAAAALAAAAAABAAEAAAIBRAA7\" loading=\"eager\" alt=\"The Arctic Six. Forum p\u00e5 UiT, april 2025. Martin Rimpi\" title=\"Foto: Eirik Hind Sveen \/ NRK\"\/><\/p>\n<p class=\"\">Martin Rimpi er seniorr\u00e5dgiver ved \u00c1rran.<\/p>\n<p>Foto: Eirik Hind Sveen \/ NRK<\/p>\n<p><strong>\u2013 Det betyr at den makten Sametinget skal ha, ikke er der. Det er ikke gitt en oppgave til Sametinget i tilfelle det blir krig eller annen n\u00f8d. Sametinget har ingen rolle i systemet, sier Rimpi.<\/strong><\/p>\n<p>Hans r\u00e5d er \u00e5 l\u00f8fte saken politisk og kreve at staten, sammen med Sametinget, definerer hva de kan gj\u00f8re, og hva Sametingets ansvar er i beredskapssaker.<\/p>\n<p>Forsvar er et aktuelt tema<\/p>\n<p>Sikkerhet og forsvar sto i fokus forrige helg da representanter for samiske organisasjoner m\u00f8ttes p\u00e5 Samer\u00e5dets seminar.<\/p>\n<p>Der ble forsvar og beredskap diskutert fra et samisk st\u00e5sted. Blant annet ble det diskutert hvordan samene b\u00f8r v\u00e6re en del av nasjonal beredskap.<\/p>\n<p><img decoding=\"async\"   src=\"data:image\/gif;base64,R0lGODlhAQABAIAAAAAAAP\/\/\/yH5BAEAAAAALAAAAAABAAEAAAIBRAA7\" loading=\"eager\" alt=\"Per-Olof Nutti&#10;\" title=\"Foto: Dan Robert Larsen \/ NRK\"\/><\/p>\n<p class=\"\">Samer\u00e5dets president, Per-Olof Nutti.<\/p>\n<p>Foto: Dan Robert Larsen \/ NRK<\/p>\n<p>President i Samer\u00e5det, Per-Olof Nutti, mener at forsvar er et aktuelt tema i alle land.<\/p>\n<p><strong>\u2013 Spesielt n\u00e5 som Sverige og Finland har g\u00e5tt inn i Nato. Vi har opplevd stor interesse for nettopp dette, sier han.<\/strong><\/p>\n<p>Se saken p\u00e5 O\u0111\u0111asat \u2013 nyheter p\u00e5 samisk om temaet:<\/p>\n<p>Publisert<\/p>\n<p>19.12.2025, kl. 09.30<\/p>\n","protected":false},"excerpt":{"rendered":"Loga s\u00e1megillii. \u2013 Vi g\u00e5r bort fra lange \u00f8nskelister og over til f\u00e6rre, st\u00f8rre prosjekt med tydelig ansvar.&hellip;\n","protected":false},"author":2,"featured_media":117926,"comment_status":"","ping_status":"","sticky":false,"template":"","format":"standard","meta":{"footnotes":""},"categories":[10],"tags":[20,21,24,25,15,22,23,13,30,28,29,14,16,26,27],"class_list":{"0":"post-117925","1":"post","2":"type-post","3":"status-publish","4":"format-standard","5":"has-post-thumbnail","7":"category-norge","8":"tag-breaking-news","9":"tag-breakingnews","10":"tag-featured-news","11":"tag-featurednews","12":"tag-headlines","13":"tag-latest-news","14":"tag-latestnews","15":"tag-news","16":"tag-no","17":"tag-norge","18":"tag-norway","19":"tag-nyheter","20":"tag-overskrifter","21":"tag-top-stories","22":"tag-topstories"},"share_on_mastodon":{"url":"https:\/\/pubeurope.com\/@no\/115749900970934459","error":""},"_links":{"self":[{"href":"https:\/\/www.europesays.com\/no\/wp-json\/wp\/v2\/posts\/117925","targetHints":{"allow":["GET"]}}],"collection":[{"href":"https:\/\/www.europesays.com\/no\/wp-json\/wp\/v2\/posts"}],"about":[{"href":"https:\/\/www.europesays.com\/no\/wp-json\/wp\/v2\/types\/post"}],"author":[{"embeddable":true,"href":"https:\/\/www.europesays.com\/no\/wp-json\/wp\/v2\/users\/2"}],"replies":[{"embeddable":true,"href":"https:\/\/www.europesays.com\/no\/wp-json\/wp\/v2\/comments?post=117925"}],"version-history":[{"count":0,"href":"https:\/\/www.europesays.com\/no\/wp-json\/wp\/v2\/posts\/117925\/revisions"}],"wp:featuredmedia":[{"embeddable":true,"href":"https:\/\/www.europesays.com\/no\/wp-json\/wp\/v2\/media\/117926"}],"wp:attachment":[{"href":"https:\/\/www.europesays.com\/no\/wp-json\/wp\/v2\/media?parent=117925"}],"wp:term":[{"taxonomy":"category","embeddable":true,"href":"https:\/\/www.europesays.com\/no\/wp-json\/wp\/v2\/categories?post=117925"},{"taxonomy":"post_tag","embeddable":true,"href":"https:\/\/www.europesays.com\/no\/wp-json\/wp\/v2\/tags?post=117925"}],"curies":[{"name":"wp","href":"https:\/\/api.w.org\/{rel}","templated":true}]}}