{"id":117927,"date":"2025-12-20T04:08:21","date_gmt":"2025-12-20T04:08:21","guid":{"rendered":"https:\/\/www.europesays.com\/no\/117927\/"},"modified":"2025-12-20T04:08:21","modified_gmt":"2025-12-20T04:08:21","slug":"kongen-om-kronprinsessens-sykdom-det-er-tungt-men-det-ma-vi-leve-med","status":"publish","type":"post","link":"https:\/\/www.europesays.com\/no\/117927\/","title":{"rendered":"Kongen om kronprinsessens sykdom: \u2013 Det er tungt, men det m\u00e5 vi leve med"},"content":{"rendered":"<p> \u2013 Hun gj\u00f8r absolutt det hun kan, og dessverre er det mindre og mindre hun kan. Sykdommen utvikler seg stadig. Det er tungt, sier kong Harald til <a href=\"https:\/\/www.nrk.no\/norge\/kongen-om-utviklingen-i-kronprinsessens-sykdom_-_-det-er-tungt-1.17699867\" rel=\"noopener nofollow\" target=\"_blank\">NRK<\/a> s \u00ab\u00c5ret med kongefamilien\u00bb.<\/p>\n<p>Fredag ble det kjent at helsen hennes har forverret seg. Legene p\u00e5 Rikshospitalet har derfor startet forberedelser med tanke p\u00e5 utredning for lungetransplantasjon, opplyste Slottet i en pressemelding.<\/p>\n<p>Dronning Sonja f\u00f8ler med svigerdatteren i den vanskelige situasjonen, som preger hele familien.<\/p>\n<p>\u2013 Det er trist \u00e5 biv\u00e5ne at hun er d\u00e5rlig, sier dronning Sonja i det samme intervjuet.<\/p>\n<p>\u2013 Denne sykdommen synes ikke s\u00e5 godt utenp\u00e5 heller, s\u00e5 jeg tror det er veldig vanskelig for henne selv, for hun vil gjerne gj\u00f8re en god jobb, men har da ikke krefter. Det ser vi jo er noe som bekymrer hele familien, sier dronningen.<\/p>\n<p>Sykdommen lungefibrose, som kronprinsessen fikk p\u00e5vist for noen \u00e5r siden, f\u00f8rer til at det dannes arrvev p\u00e5 lungene, s\u00e5 de blir stive og mindre elastiske og skrumper inn. Dermed blir det stadig vanskeligere \u00e5 puste etter hvert som sykdommen utvikler seg.<\/p>\n","protected":false},"excerpt":{"rendered":"\u2013 Hun gj\u00f8r absolutt det hun kan, og dessverre er det mindre og mindre hun kan. Sykdommen utvikler&hellip;\n","protected":false},"author":2,"featured_media":117928,"comment_status":"","ping_status":"","sticky":false,"template":"","format":"standard","meta":{"footnotes":""},"categories":[10],"tags":[20,21,24,25,15,22,23,13,30,28,29,14,16,26,27],"class_list":{"0":"post-117927","1":"post","2":"type-post","3":"status-publish","4":"format-standard","5":"has-post-thumbnail","7":"category-norge","8":"tag-breaking-news","9":"tag-breakingnews","10":"tag-featured-news","11":"tag-featurednews","12":"tag-headlines","13":"tag-latest-news","14":"tag-latestnews","15":"tag-news","16":"tag-no","17":"tag-norge","18":"tag-norway","19":"tag-nyheter","20":"tag-overskrifter","21":"tag-top-stories","22":"tag-topstories"},"share_on_mastodon":{"url":"https:\/\/pubeurope.com\/@no\/115749932415467966","error":""},"_links":{"self":[{"href":"https:\/\/www.europesays.com\/no\/wp-json\/wp\/v2\/posts\/117927","targetHints":{"allow":["GET"]}}],"collection":[{"href":"https:\/\/www.europesays.com\/no\/wp-json\/wp\/v2\/posts"}],"about":[{"href":"https:\/\/www.europesays.com\/no\/wp-json\/wp\/v2\/types\/post"}],"author":[{"embeddable":true,"href":"https:\/\/www.europesays.com\/no\/wp-json\/wp\/v2\/users\/2"}],"replies":[{"embeddable":true,"href":"https:\/\/www.europesays.com\/no\/wp-json\/wp\/v2\/comments?post=117927"}],"version-history":[{"count":0,"href":"https:\/\/www.europesays.com\/no\/wp-json\/wp\/v2\/posts\/117927\/revisions"}],"wp:featuredmedia":[{"embeddable":true,"href":"https:\/\/www.europesays.com\/no\/wp-json\/wp\/v2\/media\/117928"}],"wp:attachment":[{"href":"https:\/\/www.europesays.com\/no\/wp-json\/wp\/v2\/media?parent=117927"}],"wp:term":[{"taxonomy":"category","embeddable":true,"href":"https:\/\/www.europesays.com\/no\/wp-json\/wp\/v2\/categories?post=117927"},{"taxonomy":"post_tag","embeddable":true,"href":"https:\/\/www.europesays.com\/no\/wp-json\/wp\/v2\/tags?post=117927"}],"curies":[{"name":"wp","href":"https:\/\/api.w.org\/{rel}","templated":true}]}}