{"id":117937,"date":"2025-12-20T04:47:10","date_gmt":"2025-12-20T04:47:10","guid":{"rendered":"https:\/\/www.europesays.com\/no\/117937\/"},"modified":"2025-12-20T04:47:10","modified_gmt":"2025-12-20T04:47:10","slug":"lsk-fotball-rb-erfarer-naer-enighet-med-lsk-romerikes-blad","status":"publish","type":"post","link":"https:\/\/www.europesays.com\/no\/117937\/","title":{"rendered":"LSK, Fotball | RB erfarer: N\u00e6r enighet med LSK &#8211; Romerikes Blad"},"content":{"rendered":"<ol>\n<li><a href=\"https:\/\/news.google.com\/rss\/articles\/CBMicEFVX3lxTE1XU1VlcS1HajRTYXZPbHo4bmFpOHlBazJoWnRZV1BTc1lyZmUwV0dkOGVrT29sb0hoNE5seG9ESXZOTjl2dVRLVFA4MkFfN090anlnekxQbXkwdHpJR3RObzFrNE1SRmZqOXlYTDJrRXY?oc=5\" target=\"_blank\" rel=\"nofollow noopener\">LSK, Fotball | RB erfarer: N\u00e6r enighet med LSK<\/a>&nbsp;&nbsp;Romerikes Blad<\/li>\n<li><a href=\"https:\/\/news.google.com\/rss\/articles\/CBMihAFBVV95cUxOZk8wOGdwTzVOa1BacVl5ZjJLMTFnYXdVUWNHdFpoUWU1a3BnQXo2dlpOMzJfbUNZQVg4M0pJVFA2bEtNcTRTMVRscEx5ckY1SDJWV3BBa0trV2RicXpvREFxZV9qYkxBMlJhMUk1LW1JZzR1UEE1LWZvbDFxZXJqR1hvQkg?oc=5\" target=\"_blank\" rel=\"nofollow noopener\">D\u00f8dball (230): Ny keeper, kampoppsett og k\u00e5ringer<\/a>&nbsp;&nbsp;Romerikes Blad<\/li>\n<li><a href=\"https:\/\/news.google.com\/rss\/articles\/CBMiekFVX3lxTE5pQmh6Q2lvYm9oSUNwTFRhcmNvQWo4b21uVUd5dG5MOFVsb2JoZlE3M2FzSVVQMlNYd0JVVjFMR3NTd3gyTjc3bDJKRE1oN0R1UzdqazRoVFZnS05Zb0VFV2xhcjc3U1B0YTZfSGdTQ1duM19KZGhyT0hR?oc=5\" target=\"_blank\" rel=\"nofollow noopener\">Nyheter, Sport | Expressen: LSK sikler p\u00e5 svensk keeper<\/a>&nbsp;&nbsp;Romerikes Blad<\/li>\n<li><a href=\"https:\/\/news.google.com\/rss\/articles\/CBMipAFBVV95cUxNTmlDNDBSVm8wQU5FR3pON29Beks3S3BUNkozWmxFc3lMMGpwWjhjVUM1MnhOMDVGRnoxRElObGZ4LXZwaDlfVTNRLVpRQkR4Y1ZJU0VkZkRtOHdVdVo4UmI2ZTB4S0p0NXpqY1pnMXdNQU9ad1pocU1UZXIwY2lYUWNJREpYSHRwaGNGMU03bDdhSnU4Wm41dk80OGlBR3VxWVFiTg?oc=5\" target=\"_blank\" rel=\"nofollow noopener\">LSK, Mads Hedenstad Christiansen | LSK-keeperen ikke enig om ny kontrakt: \u2013 Det har ikke v\u00e6rt forhandlinger<\/a>&nbsp;&nbsp;Romerikes Blad<\/li>\n<\/ol>\n","protected":false},"excerpt":{"rendered":"LSK, Fotball | RB erfarer: N\u00e6r enighet med LSK&nbsp;&nbsp;Romerikes Blad D\u00f8dball (230): Ny keeper, kampoppsett og k\u00e5ringer&nbsp;&nbsp;Romerikes Blad&hellip;\n","protected":false},"author":2,"featured_media":117938,"comment_status":"","ping_status":"","sticky":false,"template":"","format":"standard","meta":{"footnotes":""},"categories":[59],"tags":[30,28,29,83,82],"class_list":{"0":"post-117937","1":"post","2":"type-post","3":"status-publish","4":"format-standard","5":"has-post-thumbnail","7":"category-sport","8":"tag-no","9":"tag-norge","10":"tag-norway","11":"tag-sport","12":"tag-sports"},"share_on_mastodon":{"url":"https:\/\/pubeurope.com\/@no\/115750085858380540","error":""},"_links":{"self":[{"href":"https:\/\/www.europesays.com\/no\/wp-json\/wp\/v2\/posts\/117937","targetHints":{"allow":["GET"]}}],"collection":[{"href":"https:\/\/www.europesays.com\/no\/wp-json\/wp\/v2\/posts"}],"about":[{"href":"https:\/\/www.europesays.com\/no\/wp-json\/wp\/v2\/types\/post"}],"author":[{"embeddable":true,"href":"https:\/\/www.europesays.com\/no\/wp-json\/wp\/v2\/users\/2"}],"replies":[{"embeddable":true,"href":"https:\/\/www.europesays.com\/no\/wp-json\/wp\/v2\/comments?post=117937"}],"version-history":[{"count":0,"href":"https:\/\/www.europesays.com\/no\/wp-json\/wp\/v2\/posts\/117937\/revisions"}],"wp:featuredmedia":[{"embeddable":true,"href":"https:\/\/www.europesays.com\/no\/wp-json\/wp\/v2\/media\/117938"}],"wp:attachment":[{"href":"https:\/\/www.europesays.com\/no\/wp-json\/wp\/v2\/media?parent=117937"}],"wp:term":[{"taxonomy":"category","embeddable":true,"href":"https:\/\/www.europesays.com\/no\/wp-json\/wp\/v2\/categories?post=117937"},{"taxonomy":"post_tag","embeddable":true,"href":"https:\/\/www.europesays.com\/no\/wp-json\/wp\/v2\/tags?post=117937"}],"curies":[{"name":"wp","href":"https:\/\/api.w.org\/{rel}","templated":true}]}}