{"id":117952,"date":"2025-12-20T06:36:11","date_gmt":"2025-12-20T06:36:11","guid":{"rendered":"https:\/\/www.europesays.com\/no\/117952\/"},"modified":"2025-12-20T06:36:11","modified_gmt":"2025-12-20T06:36:11","slug":"lier-nyhet-fant-bevisstlos-mann-i-trappeoppgang-to-til-sykehus","status":"publish","type":"post","link":"https:\/\/www.europesays.com\/no\/117952\/","title":{"rendered":"Lier, Nyhet | Fant bevisstl\u00f8s mann i trappeoppgang \u2013 to til sykehus"},"content":{"rendered":"\n<p><b>LIER: <\/b>Klokken 02.25 natt til l\u00f8rdag fikk politiet melding om en bevisstl\u00f8s person som l\u00e5 i en trappeoppgang i en boligblokk p\u00e5 Tranby.<\/p>\n<p>\u2013 Publikum har ringt AMK, og vi fikk melding fra AMK, opplyser Espen Reite, operasjonsleder i S\u00f8r-\u00d8st politidistrikt.<\/p>\n<p>Da helsepersonell ankom stedet, ble det startet livreddende f\u00f8rstehjelp p\u00e5 \u00e9n mann.<\/p>\n<p>Kort tid senere fant politiet enda en skadet mann p\u00e5 stedet.<\/p>\n<p>Luftambulansen landet ved blokka, men klokken 03.18 melder politiet at begge de to er kj\u00f8rt til Drammen sykehus med ambulanse. Skadeomfanget p\u00e5 de to er ukjent.<\/p>\n<p>\u2013 Den ene mannen er besluttet p\u00e5grepet, men han er fortsatt til behandling p\u00e5 sykehuset, melder Reite like f\u00f8r klokkan 06.<\/p>\n<p>If\u00f8lge politiet kjenner de to mennene hverandre, og det er ikke mistanke om at flere personer er involvert i hendelsen p\u00e5 n\u00e5v\u00e6rende tidspunkt.<\/p>\n<p>Politiets innsatsleder p\u00e5 stedet, Marius Fredriksen, forteller at politiet kommer til \u00e5 jobbe p\u00e5 stedet utover i morgentimene.<\/p>\n<p>\u2013 Vi jobber teknisk og taktisk, og pr\u00f8ver \u00e5 f\u00e5 oversikt over situasjonen, sier han.<\/p>\n<p>Han forteller at de blant annet snakker med alle som bor i blokka.<\/p>\n<p>Om det er vitner til selve voldshendelsen er forel\u00f8pig uklart, if\u00f8lge politiet.<\/p>\n<p>Kan du si noe om hva slags skader de skadde har? <\/p>\n<p>\u2013 Nei, det kan jeg ikke si noe om p\u00e5 n\u00e5v\u00e6rende tidspunkt, sier Fredriksen.<\/p>\n<p>Saken oppdateres<\/p>\n<p>   <img decoding=\"async\" width=\"2048\" height=\"1536\" fetchpriority=\"low\"  loading=\"lazy\"  src=\"https:\/\/www.europesays.com\/no\/wp-content\/uploads\/2025\/12\/597537744_2427090574373111_997110926620962400_n.jpg\" alt=\"\" class=\"brick-c-cFOWSL\" style=\"--brick-image-ratio: 2048 \/ 1536;\"\/><\/p>\n","protected":false},"excerpt":{"rendered":"LIER: Klokken 02.25 natt til l\u00f8rdag fikk politiet melding om en bevisstl\u00f8s person som l\u00e5 i en trappeoppgang&hellip;\n","protected":false},"author":2,"featured_media":117953,"comment_status":"","ping_status":"","sticky":false,"template":"","format":"standard","meta":{"footnotes":""},"categories":[5],"tags":[36,20,21,24,25,15,19,22,23,5523,17,18,13,30,28,29,447,14,16,1510,26,27],"class_list":{"0":"post-117952","1":"post","2":"type-post","3":"status-publish","4":"format-standard","5":"has-post-thumbnail","7":"category-overskrifter","8":"tag-art","9":"tag-breaking-news","10":"tag-breakingnews","11":"tag-featured-news","12":"tag-featurednews","13":"tag-headlines","14":"tag-hovedoppslag","15":"tag-latest-news","16":"tag-latestnews","17":"tag-lier","18":"tag-main-news","19":"tag-mainnews","20":"tag-news","21":"tag-no","22":"tag-norge","23":"tag-norway","24":"tag-nyhet","25":"tag-nyheter","26":"tag-overskrifter","27":"tag-story","28":"tag-top-stories","29":"tag-topstories"},"share_on_mastodon":{"url":"https:\/\/pubeurope.com\/@no\/115750514531105829","error":""},"_links":{"self":[{"href":"https:\/\/www.europesays.com\/no\/wp-json\/wp\/v2\/posts\/117952","targetHints":{"allow":["GET"]}}],"collection":[{"href":"https:\/\/www.europesays.com\/no\/wp-json\/wp\/v2\/posts"}],"about":[{"href":"https:\/\/www.europesays.com\/no\/wp-json\/wp\/v2\/types\/post"}],"author":[{"embeddable":true,"href":"https:\/\/www.europesays.com\/no\/wp-json\/wp\/v2\/users\/2"}],"replies":[{"embeddable":true,"href":"https:\/\/www.europesays.com\/no\/wp-json\/wp\/v2\/comments?post=117952"}],"version-history":[{"count":0,"href":"https:\/\/www.europesays.com\/no\/wp-json\/wp\/v2\/posts\/117952\/revisions"}],"wp:featuredmedia":[{"embeddable":true,"href":"https:\/\/www.europesays.com\/no\/wp-json\/wp\/v2\/media\/117953"}],"wp:attachment":[{"href":"https:\/\/www.europesays.com\/no\/wp-json\/wp\/v2\/media?parent=117952"}],"wp:term":[{"taxonomy":"category","embeddable":true,"href":"https:\/\/www.europesays.com\/no\/wp-json\/wp\/v2\/categories?post=117952"},{"taxonomy":"post_tag","embeddable":true,"href":"https:\/\/www.europesays.com\/no\/wp-json\/wp\/v2\/tags?post=117952"}],"curies":[{"name":"wp","href":"https:\/\/api.w.org\/{rel}","templated":true}]}}