{"id":117954,"date":"2025-12-20T06:42:12","date_gmt":"2025-12-20T06:42:12","guid":{"rendered":"https:\/\/www.europesays.com\/no\/117954\/"},"modified":"2025-12-20T06:42:12","modified_gmt":"2025-12-20T06:42:12","slug":"nyheter-forbruker-coop-tilbakekaller-produkt-etter-funn-gjort-av-finske-myndigheter","status":"publish","type":"post","link":"https:\/\/www.europesays.com\/no\/117954\/","title":{"rendered":"Nyheter, Forbruker | Coop tilbakekaller produkt etter funn gjort av finske myndigheter"},"content":{"rendered":"\n<p>Det er snakk om funn gjort i Xtra jordb\u00e6r dypfryst 500 gram.<\/p>\n<p>N\u00e5 tilbakekaller Coop produktet fra sine butikker.<\/p>\n<p>\u00c5rsaken er funn av pestcidrester over grenseverdien.<\/p>\n<p>Mydigheten i Finland fant rester av pesticidet Oxamyl over grenseverdien i et parti fryste jordb\u00e6r, noe som kan medf\u00f8re helsefare.<\/p>\n<p>   <img decoding=\"async\" width=\"521\" height=\"600\" fetchpriority=\"low\"  loading=\"lazy\"  src=\"https:\/\/www.europesays.com\/no\/wp-content\/uploads\/2025\/12\/1766212932_373_unnamed.jpg\" alt=\"\" class=\"brick-c-cFOWSL\" style=\"--brick-image-ratio: 521 \/ 600;\"\/><\/p>\n<p>      Xtra jordb\u00e6r dypfryst 500 gram.<\/p>\n<p>&#8211; Coops kunder skal f\u00f8le seg trygge p\u00e5 alle produktene de kj\u00f8per, derfor kalles produktet tilbake. Produktet er solgt i Coop-butikker i hele Norge og er fjernet fra butikk, skriver Coop i ei pressemelding.<\/p>\n<p><b>Produktet har best f\u00f8r-stempel 14.04.2027 (Lot V25287) og 17.04.2027 (Lot V25290).<\/b><\/p>\n<p>Coop oppfordrer forbrukere som har kj\u00f8pt produktet om \u00e5 kaste dette, eller levere produktet tilbake til butikk og f\u00e5 pengene tilbake.<\/p>\n","protected":false},"excerpt":{"rendered":"Det er snakk om funn gjort i Xtra jordb\u00e6r dypfryst 500 gram. N\u00e5 tilbakekaller Coop produktet fra sine&hellip;\n","protected":false},"author":2,"featured_media":4285,"comment_status":"","ping_status":"","sticky":false,"template":"","format":"standard","meta":{"footnotes":""},"categories":[10],"tags":[36,20,21,1749,24,25,823,15,22,23,13,30,28,29,14,16,1510,26,27],"class_list":{"0":"post-117954","1":"post","2":"type-post","3":"status-publish","4":"format-standard","5":"has-post-thumbnail","7":"category-norge","8":"tag-art","9":"tag-breaking-news","10":"tag-breakingnews","11":"tag-coop","12":"tag-featured-news","13":"tag-featurednews","14":"tag-forbruker","15":"tag-headlines","16":"tag-latest-news","17":"tag-latestnews","18":"tag-news","19":"tag-no","20":"tag-norge","21":"tag-norway","22":"tag-nyheter","23":"tag-overskrifter","24":"tag-story","25":"tag-top-stories","26":"tag-topstories"},"share_on_mastodon":{"url":"https:\/\/pubeurope.com\/@no\/115750538181863156","error":""},"_links":{"self":[{"href":"https:\/\/www.europesays.com\/no\/wp-json\/wp\/v2\/posts\/117954","targetHints":{"allow":["GET"]}}],"collection":[{"href":"https:\/\/www.europesays.com\/no\/wp-json\/wp\/v2\/posts"}],"about":[{"href":"https:\/\/www.europesays.com\/no\/wp-json\/wp\/v2\/types\/post"}],"author":[{"embeddable":true,"href":"https:\/\/www.europesays.com\/no\/wp-json\/wp\/v2\/users\/2"}],"replies":[{"embeddable":true,"href":"https:\/\/www.europesays.com\/no\/wp-json\/wp\/v2\/comments?post=117954"}],"version-history":[{"count":0,"href":"https:\/\/www.europesays.com\/no\/wp-json\/wp\/v2\/posts\/117954\/revisions"}],"wp:featuredmedia":[{"embeddable":true,"href":"https:\/\/www.europesays.com\/no\/wp-json\/wp\/v2\/media\/4285"}],"wp:attachment":[{"href":"https:\/\/www.europesays.com\/no\/wp-json\/wp\/v2\/media?parent=117954"}],"wp:term":[{"taxonomy":"category","embeddable":true,"href":"https:\/\/www.europesays.com\/no\/wp-json\/wp\/v2\/categories?post=117954"},{"taxonomy":"post_tag","embeddable":true,"href":"https:\/\/www.europesays.com\/no\/wp-json\/wp\/v2\/tags?post=117954"}],"curies":[{"name":"wp","href":"https:\/\/api.w.org\/{rel}","templated":true}]}}