{"id":117957,"date":"2025-12-20T06:50:10","date_gmt":"2025-12-20T06:50:10","guid":{"rendered":"https:\/\/www.europesays.com\/no\/117957\/"},"modified":"2025-12-20T06:50:10","modified_gmt":"2025-12-20T06:50:10","slug":"advarer-om-julelys-dette-bor-du-ikke-gjore-avisa-nordland","status":"publish","type":"post","link":"https:\/\/www.europesays.com\/no\/117957\/","title":{"rendered":"Advarer om julelys &#8211; dette b\u00f8r du ikke gj\u00f8re &#8211; Avisa Nordland"},"content":{"rendered":"<ol>\n<li><a href=\"https:\/\/news.google.com\/rss\/articles\/CBMif0FVX3lxTE1DZmF0ZldLamVuXzhmMk5hS1o4NnVFcTZnSDRrLXpVUGJaVXB0QjJXdzBhZHNVMjVsV0phR0JYcjdfYzdkclBaQVMyN0JZSC02eHhBeFV3dUpaTHpyQko5aG1Vb01fSHhnbWZuZUJyTkVGTHAxOEJMeGs4b1FvMWs?oc=5\" target=\"_blank\" rel=\"nofollow noopener\">Advarer om julelys &#8211; dette b\u00f8r du ikke gj\u00f8re<\/a>&nbsp;&nbsp;Avisa Nordland<\/li>\n<li><a href=\"https:\/\/news.google.com\/rss\/articles\/CBMioAFBVV95cUxPYXVXYlRQVGpJMTQ0QUltUlk0ZTllb3ZwWnA5OFJCZXhCaF9kbmR4ZVBOb1d6YTA4bDdSc3lIUUtyZTFUTG9yRWlZWlRkMzVrM2hYZkZUaDNkX0xQaGxNbEVIdW9kZVlRR0tvZUVYQnVOM2FIMWp0MUEzcWJLcTNwbjlnNV9TaFdFUi05WmhFTkNHUV9BdmlWQ09obHY1SUtV?oc=5\" target=\"_blank\" rel=\"nofollow noopener\">Desember er h\u00f8ysesong for brann \u2013 dette b\u00f8r du tenke p\u00e5<\/a>&nbsp;&nbsp;Stavanger Aftenblad<\/li>\n<li><a href=\"https:\/\/news.google.com\/rss\/articles\/CBMiggFBVV95cUxNR3hVVlc3dmhCb3FiZEM3a3pQQVd1X2NTM04xT2NuRkx1aXZBMkZKaVdhZ3FNdXFQX1VDVWprazZwZ3E2VTk2VC1DRGg5WjZmTDAxUmNHQlRydDdWeWNDU1JZMzNQa2h4amxBbTVDMTNTOXcxbUR6NGxqVkh0R0l1ckVn?oc=5\" target=\"_blank\" rel=\"nofollow noopener\">2 av 3 lar julelysene st\u00e5 p\u00e5 om natta<\/a>&nbsp;&nbsp;Trollheimsporten<\/li>\n<li><a href=\"https:\/\/news.google.com\/rss\/articles\/CBMikwFBVV95cUxNd3hlaVVVUWpBQ04tVDYyT0FfVFZPejQzblQzUDZuOUQwdTMzaXo2alVCSi1fVDZTdzZpanhncWVWQUlkN2xzR256MlpfUUFRTFpGQ0xYVC10dTc0YkRJek1CZHRHU3Vib2hnN24xRTJTaXJLRW95WEd5UklWcXpOTV8xVjBxLXFva29HazdRTzFvbGc?oc=5\" target=\"_blank\" rel=\"nofollow noopener\">Advarer mot gammel julepynt: &#8211; Kan v\u00e6re en brannfelle<\/a>&nbsp;&nbsp;dolen.no<\/li>\n<li><a href=\"https:\/\/news.google.com\/rss\/articles\/CBMiwwFBVV95cUxNNjI5RVdVY1VQMXZrRE9XakZfZ3FHRGdldi1KWFJiYlRlcklfcERNR1FOQUl5YkRuR2hOMDZibzBfTTk5cHM3RHZNVm9oQVdDRGxScHlsX1pwdWQzZ2NWVjVnVVljNk9RVmsyaHgzZVdWVnZ6OXNnd25zTUp4SkdoaXJzajZNOHVFdXlNemI1OHJqUFhSc0Jsbmg3aWU4VGxRTzZ4ckxzckRLN3RjTTFwVkZGeTNnWGFJWFdDY1ozUGFwR3c?oc=5\" target=\"_blank\" rel=\"nofollow noopener\">Nyheter, Brann | H\u00f8ytid for brannfare n\u00e5 &#8211; her er Sandras (24) beste tips: \u2013 Stress er en medvirkende faktor<\/a>&nbsp;&nbsp;Vestby Avis<\/li>\n<\/ol>\n","protected":false},"excerpt":{"rendered":"Advarer om julelys &#8211; dette b\u00f8r du ikke gj\u00f8re&nbsp;&nbsp;Avisa Nordland Desember er h\u00f8ysesong for brann \u2013 dette b\u00f8r&hellip;\n","protected":false},"author":2,"featured_media":117958,"comment_status":"","ping_status":"","sticky":false,"template":"","format":"standard","meta":{"footnotes":""},"categories":[10],"tags":[20,21,24,25,15,22,23,13,30,28,29,14,16,26,27],"class_list":{"0":"post-117957","1":"post","2":"type-post","3":"status-publish","4":"format-standard","5":"has-post-thumbnail","7":"category-norge","8":"tag-breaking-news","9":"tag-breakingnews","10":"tag-featured-news","11":"tag-featurednews","12":"tag-headlines","13":"tag-latest-news","14":"tag-latestnews","15":"tag-news","16":"tag-no","17":"tag-norge","18":"tag-norway","19":"tag-nyheter","20":"tag-overskrifter","21":"tag-top-stories","22":"tag-topstories"},"share_on_mastodon":{"url":"https:\/\/pubeurope.com\/@no\/115750569533766925","error":""},"_links":{"self":[{"href":"https:\/\/www.europesays.com\/no\/wp-json\/wp\/v2\/posts\/117957","targetHints":{"allow":["GET"]}}],"collection":[{"href":"https:\/\/www.europesays.com\/no\/wp-json\/wp\/v2\/posts"}],"about":[{"href":"https:\/\/www.europesays.com\/no\/wp-json\/wp\/v2\/types\/post"}],"author":[{"embeddable":true,"href":"https:\/\/www.europesays.com\/no\/wp-json\/wp\/v2\/users\/2"}],"replies":[{"embeddable":true,"href":"https:\/\/www.europesays.com\/no\/wp-json\/wp\/v2\/comments?post=117957"}],"version-history":[{"count":0,"href":"https:\/\/www.europesays.com\/no\/wp-json\/wp\/v2\/posts\/117957\/revisions"}],"wp:featuredmedia":[{"embeddable":true,"href":"https:\/\/www.europesays.com\/no\/wp-json\/wp\/v2\/media\/117958"}],"wp:attachment":[{"href":"https:\/\/www.europesays.com\/no\/wp-json\/wp\/v2\/media?parent=117957"}],"wp:term":[{"taxonomy":"category","embeddable":true,"href":"https:\/\/www.europesays.com\/no\/wp-json\/wp\/v2\/categories?post=117957"},{"taxonomy":"post_tag","embeddable":true,"href":"https:\/\/www.europesays.com\/no\/wp-json\/wp\/v2\/tags?post=117957"}],"curies":[{"name":"wp","href":"https:\/\/api.w.org\/{rel}","templated":true}]}}