{"id":117975,"date":"2025-12-20T07:28:18","date_gmt":"2025-12-20T07:28:18","guid":{"rendered":"https:\/\/www.europesays.com\/no\/117975\/"},"modified":"2025-12-20T07:28:18","modified_gmt":"2025-12-20T07:28:18","slug":"over-halvparten-er-misfornoyd-med-arets-priskrig-i-en-ny-undersokelse-nrk-nordland","status":"publish","type":"post","link":"https:\/\/www.europesays.com\/no\/117975\/","title":{"rendered":"Over halvparten er misforn\u00f8yd med \u00e5rets priskrig i en ny unders\u00f8kelse \u2013 NRK Nordland"},"content":{"rendered":"<p>Priskrig har v\u00e6rt et like tydelig f\u00f8rjulstegn som adventskalenderen de siste \u00e5rene. Men i \u00e5r har det v\u00e6rt helt stille.<\/p>\n<p>Ekspertene ventet i det lengste at prisene skulle dumpes, <a href=\"https:\/\/www.nrk.no\/nordland\/slutt-pa-ekstreme-priskutt-for-jul_-_-det-ble-kaotisk-1.17690388\" ec-id=\"pp:article:1.17690388\" ec-name=\"men priskrigen tok aldri helt av.\" rel=\"nofollow noopener\" target=\"_blank\">men priskrigen tok aldri helt av.<\/a><\/p>\n<p><a href=\"https:\/\/www.nrk.no\/nordland\/slutt-pa-ekstreme-priskutt-for-jul_-_-det-ble-kaotisk-1.17690388\" ec-id=\"pp:article:1.17690388\" ec-name=\"Dagligvarekjedene endret nemlig strategi\" rel=\"nofollow noopener\" target=\"_blank\">Dagligvarekjedene endret nemlig strategi<\/a> for \u00e5 unng\u00e5 fjor\u00e5ret med hamsting, varemangel og frustrerte kunder.<\/p>\n<p>Tross tomme hyller, <a href=\"https:\/\/www.nrk.no\/nordland\/priskrig_-linnea-likar-ikkje-priskrig-_-over-halvparten-av-nordmenn-er-positive-1.17172942\" ec-id=\"pp:article:1.17172942\" ec-name=\"ville de fleste ha en ny priskrig i \u00e5r.\" rel=\"nofollow noopener\" target=\"_blank\">ville de fleste ha en ny priskrig i \u00e5r.<\/a> Men resultatet ble ikke som h\u00e5pet.<\/p>\n<p>Kun 17 prosent er forn\u00f8yd med \u00e5rets tilbud, viser en fersk unders\u00f8kelse Norstat har utf\u00f8rt for NRK.<\/p>\n<p>\u2013 Dette b\u00f8r kjedene ta til seg<\/p>\n<p>Halvparten av de spurte sier i unders\u00f8kelsen at de liker priskrig.<\/p>\n<p>I fjor kunne du blant annet kj\u00f8pe gr\u00f8t til fire kroner, og ost p\u00e5 halv pris. I tillegg ble jule\u00f8l satt ned til 20 kroner.<\/p>\n<p>    \u2190<\/p>\n<ul data-scroll-container=\"\" role=\"list\">\n<li><img alt=\"En mann som st\u00e5r ved en butikk. \"  width=\"3840\" height=\"2157\" loading=\"lazy\"\/>\n<p>\n        Brynjar Mangor Myrtveit Osgjerd \/ NRK\n      <\/p>\n<p> August Brun Fredvang<\/p>\n<p>\u2013 Jeg synes det er ganske h\u00f8ye priser sammenlignet med tidligere \u00e5r. Folk forventer jo at det er billigere rundt juletider, sier August Brun Fredvang. <\/p>\n<p>Fredvang er ikke forn\u00f8yd med \u00e5rets priskrig og hadde h\u00e5pet p\u00e5 billigere julebrus, julegr\u00f8t og jule\u00f8l. <\/p>\n<p>\u2013 De som driver matvarekjedene tjener godt. Vi betaler grove priser for julematen, som tidligere har v\u00e6rt ganske billig. <\/p>\n<\/li>\n<li><img alt=\"En kvinne som st\u00e5r utenfor en butikk og smiler. \"  width=\"3840\" height=\"2157\" loading=\"lazy\"\/>\n<p>\n        Brynjar Mangor Myrtveit Osgjerd \/ NRK\n      <\/p>\n<p>Karin B\u00f8hn<\/p>\n<p>\u2013 Vi merker at det er dyrere enn hva det var i fjor, men det g\u00e5r helt fint, sier Karin B\u00f8hn. <\/p>\n<p>Hun har handlet det hun trenger til jul, deriblant juleklassikeren Edamer. <\/p>\n<p>Osten koster 99 kroner i dag og er dobbelt s\u00e5 dyr som i fjor. Det bryr ikke B\u00f8hn seg noe om. <\/p>\n<p>\u2013 Vi har en liggende fra i fjor, s\u00e5 det spiller ikke noen rolle. <\/p>\n<\/li>\n<li><img alt=\"En mann som st\u00e5r foran en butikk. \"  width=\"3840\" height=\"2157\" loading=\"lazy\"\/>\n<p>\n        Brynjar Mangor Myrtveit Osgjerd \/ NRK\n      <\/p>\n<p>Adrian Solem<\/p>\n<p>Adrian Solem er absolutt ikke forn\u00f8yd med tilbudene i butikkene.<\/p>\n<p>\u2013 Jeg legger ikke merke til dem. Alt er dyrt og det blir bare dyrere. <\/p>\n<p>\u2013 Er det noen varer som du skulle \u00f8nske var billigere? <\/p>\n<p>\u2013 Alt skulle v\u00e6rt billigere. Skal man handle inn til en billig taco-middag, s\u00e5 blir det fort tusen kroner for en familie. <\/p>\n<\/li>\n<li><img alt=\"To kvinner som st\u00e5r foran en butikk. \"  width=\"3840\" height=\"2157\" loading=\"lazy\"\/>\n<p>\n        Brynjar Mangor Myrtveit Osgjerd \/ NRK\n      <\/p>\n<p>Wenche Nordheim Iversen og Trine Nordheim <\/p>\n<p>S\u00f8strene Wenche Nordheim Iversen og Trine Nordheim har gjort unna julehandelen og er skuffet over priskrigen. <\/p>\n<p>\u2013 Jeg synes generelt matvarer er veldig dyrt. Budsjettet for mat har steget veldig de siste to \u00e5rene, sier Iversen. <\/p>\n<p>\u2013 S\u00e6rlig n\u00e5r man ser hvor store overskudd de har, s\u00e5 synes jeg godt de kunne gitt bedre tilbud til jul. Man blir stadig sjokkert over hva ting koster, sier Nordheim. <\/p>\n<\/li>\n<li><img alt=\"En mann som st\u00e5r utenfor en butikk. \"  width=\"3840\" height=\"2157\" loading=\"lazy\"\/>\n<p>\n        Brynjar Mangor Myrtveit Osgjerd \/ NRK\n      <\/p>\n<p>Ivan Lykkeg\u00e5rd-Holmen<\/p>\n<p>\u2013 Jeg ser ikke s\u00e5 mye p\u00e5 prisene. Jeg m\u00e5 ha mat og da kj\u00f8per jeg det de har, sier Ivar Lykkeg\u00e5rd-Holmen.<\/p>\n<p>\u2013 1 kg pepperkakedeig kostet tre kroner i fjor. N\u00e5 koster den samme deigen 25 kroner hva tenker du om det? <\/p>\n<p>\u2013 Det er dyrt, men kanskje det er greit at usunn mat er dyrere enn sunn mat enten det er jul eller ikke. <\/p>\n<\/li>\n<\/ul>\n<p>\u2192<\/p>\n<p>Disse ble spurt priskrig<\/p>\n<p>Det var totalt 1002 personer som svarte p\u00e5 den ferske unders\u00f8kelsen Norstat gjorde for NRK.<\/p>\n<p>Totalt var det 502 menn og 500 kvinner.<\/p>\n<p>Det var 189 i aldergruppen 18.29 \u00e5r som svarte p\u00e5 unders\u00f8kelsen.<\/p>\n<p>176 personer mellom 30-39 \u00e5r.<\/p>\n<p>163 mellom 40-49 \u00e5r.<\/p>\n<p>168 mellom 50-59 \u00e5r.<\/p>\n<p>126 mellom 60-69 \u00e5r.<\/p>\n<p>133 mellom 70-79 \u00e5r.<\/p>\n<p>Og 47 mellom 80-99 \u00e5r.<\/p>\n<p>Men i \u00e5r har det v\u00e6rt f\u00e5 kroner \u00e5 spare.<\/p>\n<p>\u2013 Dette b\u00f8r jo kjedene ta til seg, sier fungerende leder for forbrukerpolitikk Olav Kasland i Forbrukerr\u00e5det og legger til:<\/p>\n<p><strong>\u2013 Enten har ikke kjedene gjort det tydelig nok at det er gode tilbud, eller s\u00e5 har de ikke hatt gode tilbud. Det kan ikke jeg svare p\u00e5.<\/strong><\/p>\n<ul class=\"dhpg__gallery__list\">\n<li class=\"dhpg__gallery__listItem\"><img alt=\"Fagdirekt\u00f8r i Forbrukerr\u00e5det, Olav Kasland.\"  width=\"2400\" height=\"2400\" loading=\"lazy\"\/>Olav Kasland\n<ul>\n<li>Fagdirekt\u00f8r i Forbrukerr\u00e5det<\/li>\n<\/ul>\n<\/li>\n<\/ul>\n<p>Kasland kan ikke dokumentere det, men opplever at kjedene dumper prisene p\u00e5 f\u00e6rre varer i \u00e5r sammenlignet med i fjor.<\/p>\n<p>\u2013 Hvordan er det for Forbrukerr\u00e5det \u00e5 holde oversikt?<\/p>\n<p>\u2013 Det er vanskelig for oss ogs\u00e5. Vi har ikke ressurser til \u00e5 f\u00f8lge dette markedet fra dag til dag. Vi f\u00f8lger med og gj\u00f8r unders\u00f8kelser.<\/p>\n<ul class=\"dhpg__gallery__list\">\n<li class=\"dhpg__gallery__listItem\"><img alt=\"Frank Lindberg, professor i marknadsf\u00f8ring hos Handelsh\u00f8gskulen i Bod\u00f8.\"  width=\"2400\" height=\"2400\" loading=\"lazy\"\/>Frank Lindberg\n<ul>\n<li>Professor i marknadsf\u00f8ring hos Handelsh\u00f8gskulen i Bod\u00f8<\/li>\n<\/ul>\n<\/li>\n<\/ul>\n<p>\u2013 Priskrigen eksisterer fremdeles, selv om det ikke er s\u00e5 mange av de ekstreme tilbudene.<\/p>\n<p>Lindberg peker p\u00e5 at prisen p\u00e5 pepperkaker, ribbe og juleb\u00f8lse har blitt redusert selv om det ikke er satt ned til gi-bort-pris.<\/p>\n<p>Kan ikke kommentere<\/p>\n<p>NRK har sendt sp\u00f8rsm\u00e5l til Kiwi, Coop og Rema 1000. <\/p>\n<p><strong>Ingen av kjedene \u00f8nsker \u00e5 kommentere hvorvidt \u00e5rets priskrig er den nye normalen. <\/strong><\/p>\n<ul class=\"dhpg__gallery__list\">\n<li class=\"dhpg__gallery__listItem\"><img alt=\"H\u00e5vard Jensen, kjededirekt\u00f8r i Coop Extra\"  width=\"2400\" height=\"2400\" loading=\"lazy\"\/>H\u00e5vard Jensen\n<ul>\n<li>Kjededirekt\u00f8r i Coop Extra<\/li>\n<\/ul>\n<\/li>\n<\/ul>\n<p>\u2013 Av konkurransehensyn kan vi ikke kommentere framtidige priser eller kampanjestrategier, uttaler kjededirekt\u00f8r i Coop Extra H\u00e5vard Jensen.<\/p>\n<p>If\u00f8lge Jensen har det v\u00e6rt en voldsom respons p\u00e5 priskuttene, blant annet p\u00e5 tynnribbe og pinnekj\u00f8tt.<\/p>\n<p>Kategori- og innkj\u00f8psdirekt\u00f8r Line Aarnes i Rema 100 sier at de ikke kan forutsi hvordan \u00abden knallharde konkurransen i dagligbransjen vil utvikle seg\u00bb. <\/p>\n<ul class=\"dhpg__gallery__list\">\n<li class=\"dhpg__gallery__listItem\"><img alt=\"Bilde av Line Aarnes, Kategori- og innkj\u00f8psdirekt\u00f8r i Rema 1000.\"  width=\"2400\" height=\"2400\" loading=\"lazy\"\/>Line Aarnes\n<ul>\n<li>\u00a0Kategori- og innkj\u00f8psdirekt\u00f8r i Rema 1000<\/li>\n<\/ul>\n<\/li>\n<\/ul>\n<p><strong>\u2013 Det vi vet, er at kundene setter pris p\u00e5 billige varer som faktisk er tilgjengelige i butikk helt frem til julaften. Det er noe vi alltid vil jobbe for, sier Aarnes.<\/strong><\/p>\n<p>Kommunikasjonsdirekt\u00f8r i Kiwi Kristine Aakvaag Arvin forteller at de har hatt langt f\u00e6rre utsolgt-situasjoner i \u00e5r enn tidligere, noe som har gitt direkte utslag p\u00e5 resultatene.<\/p>\n<ul class=\"dhpg__gallery__list\">\n<li class=\"dhpg__gallery__listItem\"><img alt=\"Kristine Aakvaag Arvin\"  width=\"2400\" height=\"2400\" loading=\"lazy\"\/>Kristine Aakvaag Arvin\n<ul>\n<li>Kommunikasjonsdirekt\u00f8r i Kiwi\u00a0<\/li>\n<\/ul>\n<\/li>\n<\/ul>\n<p>\u2013 Kundene er forn\u00f8yde med at de finner det de trenger i butikkene, og julehandelen har v\u00e6rt bedre enn noen gang. Dette blir en ny rekord-desember for oss, sier Arvin.<\/p>\n<p>Har ikke tro p\u00e5 endring<\/p>\n<p>Lindberg i Forbrukerr\u00e5det imidlertid tror ikke \u00e5rets priskrig blir den nye normalen.<\/p>\n<p>\u2013 Det ligger i kapitalismens \u00e5nd \u00e5 tiltrekke seg forbrukerne, s\u00e5 jeg har ikke noe tro p\u00e5 at det vil bli noen endring i hele det regimet omkring tilbudspriser.<\/p>\n<p>If\u00f8lge professoren er den eneste muligheten for \u00e5 f\u00e5 en endelig slutt p\u00e5 den tradisjonelle priskrigen, er hvis myndighetene g\u00e5r inn og vedtar strukturelle grep.<\/p>\n<p>\u2013 Kjedene vil ikke slutte med dette. Da m\u00e5 det v\u00e6re samarbeid i bransjen, og det har de ikke lov til. <\/p>\n<p>Publisert<\/p>\n<p>19.12.2025, kl. 19.45<\/p>\n<p>Oppdatert<\/p>\n<p>19.12.2025, kl. 20.20<\/p>\n","protected":false},"excerpt":{"rendered":"Priskrig har v\u00e6rt et like tydelig f\u00f8rjulstegn som adventskalenderen de siste \u00e5rene. Men i \u00e5r har det v\u00e6rt&hellip;\n","protected":false},"author":2,"featured_media":117976,"comment_status":"","ping_status":"","sticky":false,"template":"","format":"standard","meta":{"footnotes":""},"categories":[5],"tags":[20,21,24,25,15,19,22,23,17,18,13,30,28,29,14,16,26,27],"class_list":{"0":"post-117975","1":"post","2":"type-post","3":"status-publish","4":"format-standard","5":"has-post-thumbnail","7":"category-overskrifter","8":"tag-breaking-news","9":"tag-breakingnews","10":"tag-featured-news","11":"tag-featurednews","12":"tag-headlines","13":"tag-hovedoppslag","14":"tag-latest-news","15":"tag-latestnews","16":"tag-main-news","17":"tag-mainnews","18":"tag-news","19":"tag-no","20":"tag-norge","21":"tag-norway","22":"tag-nyheter","23":"tag-overskrifter","24":"tag-top-stories","25":"tag-topstories"},"share_on_mastodon":{"url":"https:\/\/pubeurope.com\/@no\/115750718898406501","error":""},"_links":{"self":[{"href":"https:\/\/www.europesays.com\/no\/wp-json\/wp\/v2\/posts\/117975","targetHints":{"allow":["GET"]}}],"collection":[{"href":"https:\/\/www.europesays.com\/no\/wp-json\/wp\/v2\/posts"}],"about":[{"href":"https:\/\/www.europesays.com\/no\/wp-json\/wp\/v2\/types\/post"}],"author":[{"embeddable":true,"href":"https:\/\/www.europesays.com\/no\/wp-json\/wp\/v2\/users\/2"}],"replies":[{"embeddable":true,"href":"https:\/\/www.europesays.com\/no\/wp-json\/wp\/v2\/comments?post=117975"}],"version-history":[{"count":0,"href":"https:\/\/www.europesays.com\/no\/wp-json\/wp\/v2\/posts\/117975\/revisions"}],"wp:featuredmedia":[{"embeddable":true,"href":"https:\/\/www.europesays.com\/no\/wp-json\/wp\/v2\/media\/117976"}],"wp:attachment":[{"href":"https:\/\/www.europesays.com\/no\/wp-json\/wp\/v2\/media?parent=117975"}],"wp:term":[{"taxonomy":"category","embeddable":true,"href":"https:\/\/www.europesays.com\/no\/wp-json\/wp\/v2\/categories?post=117975"},{"taxonomy":"post_tag","embeddable":true,"href":"https:\/\/www.europesays.com\/no\/wp-json\/wp\/v2\/tags?post=117975"}],"curies":[{"name":"wp","href":"https:\/\/api.w.org\/{rel}","templated":true}]}}