{"id":117977,"date":"2025-12-20T07:34:20","date_gmt":"2025-12-20T07:34:20","guid":{"rendered":"https:\/\/www.europesays.com\/no\/117977\/"},"modified":"2025-12-20T07:34:20","modified_gmt":"2025-12-20T07:34:20","slug":"litauisk-mann-frifunnet-for-smugling-av-41-millioner-sigaretter-nrk-ostfold-lokale-nyheter-tv-og-radio","status":"publish","type":"post","link":"https:\/\/www.europesays.com\/no\/117977\/","title":{"rendered":"Litauisk mann frifunnet for smugling av 4,1 millioner sigaretter \u2013 NRK \u00d8stfold \u2013 Lokale nyheter, TV og radio"},"content":{"rendered":"<p>Saken oppsummert:<\/p>\n<ul>\n<li>En litauisk lastebilsj\u00e5f\u00f8r ble frifunnet i lagmannsretten for smugling av 4,1 millioner sigaretter, til tross for at lasten ble funnet skjult i veggelementer.<\/li>\n<li>Retten mente det ikke var bevist at sj\u00e5f\u00f8ren visste om sigarettene, og tvilen kom tiltalte til gode.<\/li>\n<li>Sj\u00e5f\u00f8ren, som har sittet i varetekt siden mars, ble sv\u00e6rt emosjonell da han fikk vite om frifinnelsen.<\/li>\n<li>Beslaget er ett av de st\u00f8rste i norsk historie, med en beregnet avgiftsunndragelse p\u00e5 17,7 millioner kroner.<\/li>\n<li>Politiet har p\u00e5pekt mistenkelige omstendigheter, men retten fant ikke tilstrekkelige bevis for skyld.<\/li>\n<li>Statsadvokaten skal n\u00e5 avgj\u00f8re om dommen skal ankes videre.<\/li>\n<\/ul>\n<p>Oppsummeringen er laget av en KI-tjeneste fra OpenAI. Innholdet er kvalitetssikret av NRKs journalister f\u00f8r publisering.<\/p>\n<p>\u2013 En fin julegave, sier forsvarer Inam Ali.<\/p>\n<p>Til tross for at han ble tatt med over fire millioner sigaretter skjult i veggelementer, mener retten det ikke er bevist at han visste om lasten.<\/p>\n<p><strong>Det kommer frem i en fersk dom fra Eidsivating lagmannsrett fredag.<\/strong><\/p>\n<p>Saken startet i mars i \u00e5r, da den 30 \u00e5r gamle sj\u00e5f\u00f8ren kj\u00f8rte over grensen ved \u00d8rje tollsted i \u00d8stfold.<\/p>\n<p>I lasten hadde han prefabrikkerte huselementer som skulle til en adresse i Buskerud.<\/p>\n<p>Da tollerne fattet mistanke og fant frem drillen, gjorde de et enormt funn.<\/p>\n<p>Tolletaten fant i mars over 4,1 millioner sigaretter skjult inne i veggene p\u00e5 et falskt ferdighus i en lastebil p\u00e5 \u00d8rje tollsted.<\/p>\n<p>En drill avsl\u00f8rte kjempebeslaget<\/p>\n<p>I tollrapporten st\u00e5r det at tollerne boret gjennom en trekonstruksjon med isolasjon, og videre gjennom et nytt lag med treverk, f\u00f8r de fant tobakk og sigarettfilter.<\/p>\n<p><strong>Totalt ble det funnet 4.113.900 sigaretter. Avgiftsunndragelsen ble beregnet til svimlende 17,7 millioner kroner.<\/strong><\/p>\n<p>Sigarettbeslaget er ett av de st\u00f8rste i Norge noen gang, if\u00f8lge Tolletaten.<\/p>\n<p>I tingretten ble 30-\u00e5ringen <a href=\"https:\/\/www.nrk.no\/ostfold\/fant-over-4-millioner-sigaretter-skjult-i-falskt-ferdighus_-domt-til-fengsel-1.17542762\" ec-id=\"pp:article:1.17542762\" ec-name=\"d\u00f8mt til fengsel i tre \u00e5r og fem m\u00e5neder\" rel=\"nofollow noopener\" target=\"_blank\">d\u00f8mt til fengsel i tre \u00e5r og fem m\u00e5neder<\/a>. Han anket saken og har hele tiden nektet straffskyld.\n<\/p>\n<p><img decoding=\"async\"   src=\"data:image\/gif;base64,R0lGODlhAQABAIAAAAAAAP\/\/\/yH5BAEAAAAALAAAAAABAAEAAAIBRAA7\" loading=\"eager\" alt=\"Inam Ali, forsvarer\" title=\"Foto: Advokatfirmaet Storrvik\"\/><\/p>\n<p class=\"\">Forsvarer Inam Ali.<\/p>\n<p>Foto: Advokatfirmaet Storrvik<\/p>\n<p>Hans forsvarer, advokat Inam Ali, har argumentert for at sj\u00e5f\u00f8ren ikke hadde noen mulighet til \u00e5 vite hva som skjulte seg inni de massive treveggene.<\/p>\n<p><strong>Det samme mente retten som n\u00e5 har frifunnet sj\u00e5f\u00f8ren av bilen.<\/strong><\/p>\n<p>\u2013 Det har v\u00e6rt en lang kamp. Jeg har v\u00e6rt forsvarer for ham helt siden mars i \u00e5r, og han har hele veien nektet straffskyld, sier Ali.<\/p>\n<p>\u2013 Han begynte \u00e5 gr\u00e5te<\/p>\n<p>Beskjeden om frifinnelse kom bare dager f\u00f8r julefeiringen starter.<\/p>\n<p>For den litauiske sj\u00e5f\u00f8ren, som har sittet i varetekt uten mulighet til \u00e5 se familien sin, ble \u00f8yeblikket sv\u00e6rt emosjonelt.<\/p>\n<p>\u2013 Han er lettet. Han er r\u00f8rt. Han begynte \u00e5 gr\u00e5te da han fikk vite om innholdet i dommen. S\u00e5 det er klart at det er sterke f\u00f8lelser i sving, forteller forsvarer Ali.<\/p>\n<p>Selv om retten beskriver transporten som \u00absv\u00e6rt mistenkelig\u00bb, spesielt fordi sj\u00e5f\u00f8ren gjennomf\u00f8rte en identisk tur i februar, mener de at tvilen m\u00e5 komme tiltalte til gode.<\/p>\n<p><strong>Retten peker p\u00e5 at man ikke kan forvente at en lastebilsj\u00e5f\u00f8r i tidsklemma skal fungere som detektiv av sitt eget last.<\/strong><\/p>\n<p>\u2013 Han gleder seg til \u00e5 komme hjem til sin familie. Han har hatt et tungt varetektsopphold og har ikke hatt muligheten til \u00e5 f\u00e5 bes\u00f8k i perioden, sier Ali.<\/p>\n<p><img decoding=\"async\"   src=\"data:image\/gif;base64,R0lGODlhAQABAIAAAAAAAP\/\/\/yH5BAEAAAAALAAAAAABAAEAAAIBRAA7\" loading=\"eager\" alt=\"Sigaretter beslaglagt \u00d8rje\" title=\"Foto: Tolletaten \/ Handout \/ NTB\"\/><\/p>\n<p class=\"\">Slik s\u00e5 sigarettene ut, da tollerne \u00e5pnet byggeplatene.<\/p>\n<p>Foto: Tolletaten \/ Handout \/ NTB<\/p>\n<p>Statsadvokaten avgj\u00f8r<\/p>\n<p>Politiet har under etterforskningen lagt vekt p\u00e5 at sj\u00e5f\u00f8ren tidligere hadde fraktet n\u00f8yaktig samme type elementer til Norge, men at vekten p\u00e5 returlasten var nesten tre tonn lettere.<\/p>\n<p><img decoding=\"async\"   src=\"data:image\/gif;base64,R0lGODlhAQABAIAAAAAAAP\/\/\/yH5BAEAAAAALAAAAAABAAEAAAIBRAA7\" loading=\"eager\" alt=\"Politiadvokat Farid Lotfi ser i kamera i forgrunnen, foran m\u00f8bler og annet utstyr i en rettssal.\" title=\"Foto: Privat \/ NRK\"\/><\/p>\n<p class=\"\">Politiadvokat Farid Lotfi. <\/p>\n<p>Foto: Privat \/ NRK<\/p>\n<p><strong>Politiet mente dette skyldtes at sigaretter var tatt ut av veggene. Retten mener imidlertid at dette ikke er nok som bevis.<\/strong><\/p>\n<p>\u2013 P\u00e5talemyndigheten i politiet har forel\u00f8pig ikke hatt anledning til \u00e5 g\u00e5 grundig gjennom dommen som ble avsagt i dag, sier politiadvokat Farid Lotfi.<\/p>\n<p>Han opplyser om at det er statsadvokaten som til slutt har siste i ord i sp\u00f8rsm\u00e5let om en anke.<\/p>\n<p>\u2013 P\u00e5 n\u00e5v\u00e6rende tidspunkt har vi derfor ingen ytterligere kommentarer til dommens innhold, sier Lotfi.<\/p>\n<p>Publisert<\/p>\n<p>19.12.2025, kl. 17.05<\/p>\n<p>Oppdatert<\/p>\n<p>20.12.2025, kl. 00.14<\/p>\n","protected":false},"excerpt":{"rendered":"Saken oppsummert: En litauisk lastebilsj\u00e5f\u00f8r ble frifunnet i lagmannsretten for smugling av 4,1 millioner sigaretter, til tross for&hellip;\n","protected":false},"author":2,"featured_media":117978,"comment_status":"","ping_status":"","sticky":false,"template":"","format":"standard","meta":{"footnotes":""},"categories":[10],"tags":[20,21,24,25,15,22,23,13,30,28,29,14,16,26,27],"class_list":{"0":"post-117977","1":"post","2":"type-post","3":"status-publish","4":"format-standard","5":"has-post-thumbnail","7":"category-norge","8":"tag-breaking-news","9":"tag-breakingnews","10":"tag-featured-news","11":"tag-featurednews","12":"tag-headlines","13":"tag-latest-news","14":"tag-latestnews","15":"tag-news","16":"tag-no","17":"tag-norge","18":"tag-norway","19":"tag-nyheter","20":"tag-overskrifter","21":"tag-top-stories","22":"tag-topstories"},"share_on_mastodon":{"url":"https:\/\/pubeurope.com\/@no\/115750742499929989","error":""},"_links":{"self":[{"href":"https:\/\/www.europesays.com\/no\/wp-json\/wp\/v2\/posts\/117977","targetHints":{"allow":["GET"]}}],"collection":[{"href":"https:\/\/www.europesays.com\/no\/wp-json\/wp\/v2\/posts"}],"about":[{"href":"https:\/\/www.europesays.com\/no\/wp-json\/wp\/v2\/types\/post"}],"author":[{"embeddable":true,"href":"https:\/\/www.europesays.com\/no\/wp-json\/wp\/v2\/users\/2"}],"replies":[{"embeddable":true,"href":"https:\/\/www.europesays.com\/no\/wp-json\/wp\/v2\/comments?post=117977"}],"version-history":[{"count":0,"href":"https:\/\/www.europesays.com\/no\/wp-json\/wp\/v2\/posts\/117977\/revisions"}],"wp:featuredmedia":[{"embeddable":true,"href":"https:\/\/www.europesays.com\/no\/wp-json\/wp\/v2\/media\/117978"}],"wp:attachment":[{"href":"https:\/\/www.europesays.com\/no\/wp-json\/wp\/v2\/media?parent=117977"}],"wp:term":[{"taxonomy":"category","embeddable":true,"href":"https:\/\/www.europesays.com\/no\/wp-json\/wp\/v2\/categories?post=117977"},{"taxonomy":"post_tag","embeddable":true,"href":"https:\/\/www.europesays.com\/no\/wp-json\/wp\/v2\/tags?post=117977"}],"curies":[{"name":"wp","href":"https:\/\/api.w.org\/{rel}","templated":true}]}}