{"id":117998,"date":"2025-12-20T08:15:30","date_gmt":"2025-12-20T08:15:30","guid":{"rendered":"https:\/\/www.europesays.com\/no\/117998\/"},"modified":"2025-12-20T08:15:30","modified_gmt":"2025-12-20T08:15:30","slug":"europa-pa-defensiven-mot-trump-e24","status":"publish","type":"post","link":"https:\/\/www.europesays.com\/no\/117998\/","title":{"rendered":"Europa p\u00e5 defensiven mot Trump \u2013 E24"},"content":{"rendered":"<p><img decoding=\"async\" class=\"image-asset hyperion-css-u06ts1\" data-test-tag=\"image-asset\" src=\"https:\/\/www.europesays.com\/no\/wp-content\/uploads\/2025\/12\/f3065217-6d64-48ba-b596-b9d4161564f2\"  alt=\"ET SPESIELT FORHOLD? USAs president Donald Trump og Storbritannias statsminister Keir Starmer under f\u00f8rstnevntes statsbes\u00f8k i UK i september 2025. \"  loading=\"eager\" fetchpriority=\"high\" style=\"aspect-ratio:1900 \/ 1267\"\/>ET SPESIELT FORHOLD? USAs president Donald Trump og Storbritannias statsminister Keir Starmer under f\u00f8rstnevntes statsbes\u00f8k i UK i september 2025. Foto: Leon Neal \/ Reuters \/ NTB<\/p>\n<p class=\"fullWidthDesktop hyperion-css-71ztg2\" data-test-tag=\"lead-text\">USAs nye strategi for nasjonal sikkerhet er et dokument preget av store omprioriteringer, usammenhengende resonnementer og krasse formuleringer. Presidenten fremstilles som b\u00e5de fredsfyrste og krigsherre, men som strategi er dokumentet mangelfullt. <\/p>\n<ul data-test-tag=\"byline:authors\" data-testid=\"byline:authors\" class=\"hyperion-css-lq6271\">\n<li class=\"hyperion-css-b8p8ys\"><img decoding=\"async\" class=\"image-asset hyperion-css-u06ts1\" data-test-tag=\"image-asset\" src=\"https:\/\/www.europesays.com\/no\/wp-content\/uploads\/2025\/12\/1766218511_589_7d821dcb-426d-4cf2-8d99-05ddc94d5dea\"  alt=\"Asle Toje\"  fetchpriority=\"auto\" style=\"aspect-ratio:1900 \/ 1900\"\/>Asle Toje\n<p>Utenrikspolitisk forsker og kommentator<\/p>\n<\/li>\n<\/ul>\n<p>Publisert: Publisert: <\/p>\n<p>For mindre enn 10 minutter siden<\/p>\n<p>E24s faste spaltister skriver jevnlig og gir uttrykk for sine egne holdninger.<\/p>\n<p class=\"hyperion-css-1lemvax\">Det er en opphopning av ulike taktikker, mer enn en overordnet strategi. Dette er ikke tilfeldig. <a aria-label=\"Dokumentet \" class=\"default_opinion_e24spaltist hyperion-css-1rezu2g\" href=\"https:\/\/www.whitehouse.gov\/wp-content\/uploads\/2025\/12\/2025-National-Security-Strategy.pdf\" rel=\"noopener nofollow noreferrer\" data-test-tag=\"external-link\" target=\"_blank\">Dokumentet <\/a>har en \u00e5penbar politisk funksjon. Trump s\u00f8ker \u00e5 berolige egne tilhengere, s\u00e6rlig de som er urolige for f\u00f8lgene av hans utenrikspolitiske engasjementer.<\/p>\n<p class=\"hyperion-css-1lemvax\">I s\u00e5 m\u00e5te kan det sammenlignes med Norges egen <a aria-label=\"Nasjonale sikkerhetsstrategi\" class=\"default_opinion_e24spaltist hyperion-css-1rezu2g\" href=\"https:\/\/www.regjeringen.no\/en\/documents\/national-security-strategy\/id3099304\/\" rel=\"noopener nofollow noreferrer\" data-test-tag=\"external-link\" target=\"_blank\">Nasjonale sikkerhetsstrategi<\/a> som for f\u00f8rste gang kom ut i mai. Dennes svakhet er at den mangler prioriteringsevne. Den har ambisjoner som overstiger Norges evner og ressurser. Mer av mangt, men ikke mindre av noe.<\/p>\n<p class=\"hyperion-css-1lemvax\">NSS-strategien bekrefter Maga-bevegelsens grunnverdier. Det blir slutt p\u00e5 neoliberal intervensjonisme, neoliberal migrasjonspolitikk og neoliberal globalisme. Sett i dette lys er det grunn til \u00e5 advare mot \u00e5 tillegge dokumentet st\u00f8rre strategisk vekt enn det faktisk har.<\/p>\n<p class=\"hyperion-css-1lemvax\"><strong> Likevel har teksten skapt betydelig uro i Europa. <\/strong><\/p>\n<p><a data-test-tag=\"teaser-small:link-internal\" href=\"https:\/\/e24.no\/internasjonal-oekonomi\/i\/OkbvjV\/velkommen-til-fremtiden\" class=\"imagePosition-top inline hyperion-css-6238vu\" rel=\"nofollow noopener\" target=\"\" aria-label=\"Torbj\u00f8rn R\u00f8e Isaksen: Kina l\u00f8per, vi rusler \"><\/p>\n<p>Les ogs\u00e5<\/p>\n<p>Torbj\u00f8rn R\u00f8e Isaksen: Kina l\u00f8per, vi rusler <\/p>\n<p><\/a><img decoding=\"async\" class=\"image-asset hyperion-css-lqhc6e\" data-test-tag=\"image-asset\" src=\"https:\/\/www.europesays.com\/no\/wp-content\/uploads\/2025\/12\/b54ea73f-47c7-476c-935c-89afa578dbec\"  alt=\"H\u00c5NDTRYKK. President Donald Trump og Frankrikes president Emmanuel Macron har blitt kjent for sine h\u00e5ndtrykk. Her fra et m\u00f8te i Egypt i oktober 2025. \"  loading=\"eager\" fetchpriority=\"high\" style=\"aspect-ratio:1900 \/ 1267\"\/>H\u00c5NDTRYKK. President Donald Trump og Frankrikes president Emmanuel Macron har blitt kjent for sine h\u00e5ndtrykk. Her fra et m\u00f8te i Egypt i oktober 2025. Foto: Evan Vucci \/ AP \/ NTB<\/p>\n<p class=\"hyperion-css-1lemvax\">At USAs president i sin retorikk n\u00e6rmer seg Xi, Modi og Putins forestillinger om en multipolar verdensorden, er blant de mildere anklagene. The Economist <a aria-label=\"beskriver det\" class=\"default_opinion_e24spaltist hyperion-css-1rezu2g\" href=\"https:\/\/www.economist.com\/united-states\/2025\/12\/08\/the-war-room-newsletter-a-truly-radical-document\" rel=\"noopener nofollow noreferrer\" data-test-tag=\"external-link\" target=\"_blank\">beskriver det<\/a> som et \u00abi sannhet radikalt dokument\u00bb.<\/p>\n<p class=\"hyperion-css-1lemvax\">Europa er i ferd med \u00e5 avskaffe seg selv, hevder NSS. \u00abP\u00e5 lang sikt\u00bb, advarer den, \u00aber det mer enn sannsynlig at visse NATO-medlemmer senest innen noen f\u00e5 ti\u00e5r vil bli flertalls ikke-europeere.\u00bb Dette skaper \u00absynkende f\u00f8dselsrater og tap av nasjonal identitet og selvtillit.\u00bb<\/p>\n<p class=\"hyperion-css-1lemvax\">Mest bemerkelsesverdig er det at dokumentet entusiastisk heier fram \u00abpatriotiske\u00bb, dvs. hva hovedstr\u00f8msmediene stemplet som \u00abh\u00f8yreekstreme\u00bb partier i Europa, og erkl\u00e6rer at deres vekst i valg er \u00abkilde til stor optimisme\u00bb. <\/p>\n<p class=\"hyperion-css-1lemvax\">Reaksjonene fra europeisk hold var forutsigbart surmagede: Tysklands kansler Merz omtaler strategien som \u00abuakseptabel\u00bb, mens EUs r\u00e5ds\u00adpresident Costa betegner den som \u00abinnblanding\u00bb. \u00abDette kjenner vi oss ikke igjen i,\u00bb <a aria-label=\"sa\" class=\"default_opinion_e24spaltist hyperion-css-1rezu2g\" href=\"https:\/\/www.vg.no\/nyheter\/i\/WvLveQ\/eide-om-usas-sikkerhetsstrategi-kraftig-kost\" rel=\"noopener nofollow noreferrer\" data-test-tag=\"external-link\" target=\"_blank\">sa<\/a> utenriksminister Barth Eide. <\/p>\n<p class=\"hyperion-css-1lemvax\">Spesielt p\u00e5standene om at Europa gjennom masseinnvandring, sensur og innskrenket demokrati er p\u00e5 vei mot \u00absivilisatorisk selvutslettelse\u00bb \u2013 er en konklusjon som f\u00f8lger logisk fra visepresident J. D. Vances M\u00fcnchen-tale, men ikke fra Europas <a aria-label=\"meningskorridor\" class=\"default_opinion_e24spaltist hyperion-css-1rezu2g\" href=\"https:\/\/no.wikipedia.org\/wiki\/Meningskorridor\" rel=\"noopener nofollow noreferrer\" data-test-tag=\"external-link\" target=\"_blank\">meningskorridor<\/a>.<\/p>\n<p class=\"hyperion-css-1lemvax\"><strong>Poenget enkelte overser, er at det er USA som er sikkerhetsleverand\u00f8ren. <\/strong><\/p>\n<p class=\"hyperion-css-1lemvax\">Det er da viktigere hva de mener om oss enn hva vi mener om dem. NSS kan ogs\u00e5 leses som en intervensjon \u2013hva Europa m\u00e5 fikse for at verdifelleskapet som underbygger alliansen skal best\u00e5.<\/p>\n<p class=\"hyperion-css-1lemvax\">Vi m\u00e5 ikke bli \u2018aftenpostske\u2019: Ikke alt som kommer fra Washington som kan avfeies som t\u00f8v. Europas globale betydning er, rent faktisk, avtakende. Andel av globalt BNP \u2013 er ned fra 25 prosent i 1990 til 14 prosent i dag. <a aria-label=\"Storbritannia\" class=\"default_opinion_e24spaltist hyperion-css-1rezu2g\" href=\"https:\/\/www.economist.com\/leaders\/2025\/09\/25\/britain-is-slowly-going-bust\" rel=\"noopener nofollow noreferrer\" data-test-tag=\"external-link\" target=\"_blank\">Storbritannia<\/a> og <a aria-label=\"Frankrike\" class=\"default_opinion_e24spaltist hyperion-css-1rezu2g\" href=\"https:\/\/m.economictimes.com\/news\/international\/us\/france-political-crisis-is-country-about-to-go-bankrupt-factors-that-have-impacted-europes-2nd-largest-economy\/articleshow\/123766007.cms#:~:text=Combined%2C the tax cuts have,Greece%2C which was shut out.\" rel=\"noopener nofollow noreferrer\" data-test-tag=\"external-link\" target=\"_blank\">Frankrike<\/a> er n\u00e6r bankerott.<\/p>\n<p class=\"hyperion-css-1lemvax\">Tyskland \u2013 Europas industrielle lokomotiv \u2013 st\u00e5r i reell fare for avindustrialisering, ikke minst som f\u00f8lge av gr\u00f8nne energipriser som driver tungindustrien ut av landet. Dette er en f\u00f8lge av politiske veivalg. Slike realiteter er ikke avhengig av om avsenderen heter Trump.<\/p>\n<p class=\"hyperion-css-1lemvax\">Reaksjonene p\u00e5 NSS avsl\u00f8rer dessuten et grunnleggende europeisk problem: Mangel p\u00e5 handlekraft. De har ikke f\u00e5tt kontroll p\u00e5 innvandringen, overreguleringen og forsvarsevnen. Europas eliter taler og utreder, men effektiv handling uteblir ofte.<\/p>\n<p class=\"hyperion-css-1lemvax\"><strong>Fakta forblir fakta, ogs\u00e5 n\u00e5r de uttales av en politisk motstander. Slutten p\u00e5 den liberale verdensordenen og USAs uomstridte hegemoni er ikke Trumps p\u00e5funn, og heller ikke et resultat av russisk p\u00e5virkning, men en realitet.<\/strong><\/p>\n<p class=\"hyperion-css-1lemvax\">Den fremvoksende verdensordenen er multipolar \u2013 ikke fordi USA har blitt svakere, men fordi andre makter, s\u00e6rlig Kina, India og Russland, har styrket seg. Dessuten er USAs parhest, Europa, s\u00e5 svekket at vi ikke lengre er noen udelt attraktiv geopolitisk partner.<\/p>\n<p class=\"hyperion-css-1lemvax\">N\u00e5r Trump p\u00e5peker dette, er det i seg selv uttrykk for utenrikspolitisk realisme. Det inneb\u00e6rer heller ikke at USA er isolasjonistisk. Tvert imot fremmer han en oppdatert Monroe-doktrine som hevder USAs hegemoni p\u00e5 den amerikanske kontinent.<\/p>\n<p class=\"hyperion-css-1lemvax\"><strong>Den varslede tilbaketrekningen fra Europa springer derfor ikke kun ut av Maga-ideologi, men ogs\u00e5 av strategisk prioritering. <\/strong><\/p>\n<p><img decoding=\"async\" class=\"image-asset hyperion-css-u06ts1\" data-test-tag=\"image-asset\" src=\"https:\/\/www.europesays.com\/no\/wp-content\/uploads\/2025\/12\/e1d0f12b-a5f2-42d1-bd77-8dc774f281c3\"  alt=\"\"  loading=\"eager\" fetchpriority=\"high\" style=\"aspect-ratio:1900 \/ 1267\"\/> Foto: Mark Schiefelbein \/ AP \/ NTB<\/p>\n<p class=\"hyperion-css-1lemvax\">Europas sikkerhetspolitiske avhengighet av USA er derfor f\u00f8rst og fremst et resultat av egne politiske valg. Det nye er at den amerikanske misn\u00f8yen n\u00e5 artikuleres uten omsv\u00f8p. I stedet for \u00e5 klage over \u2018tonen\u2019, kunne Europa med fordel reflektere over sine egne mangler. <\/p>\n<p class=\"hyperion-css-1lemvax\">Hva best\u00e5r egentlig det genuint europeiske bidraget til verdenspolitikken i? I EUs Sikkerhetsstrategi fra 2003 var ambisjonen klar: EU ville lede verden gjennom \u00abeffektiv multilateralisme\u00bb. Slik ble det ikke. <\/p>\n<p class=\"hyperion-css-1lemvax\"><strong>Europa tapte terreng til b\u00e5de USA og Kina.<\/strong> <\/p>\n<p class=\"hyperion-css-1lemvax\">Innen informasjonsteknologi har amerikanerne kommet s\u00e5 langt i forkant at vi har mistet dem av syne, og n\u00e5 st\u00e5r bilindustrien i fare for \u00e5 avvikles \u2013 dels fordi EU <a aria-label=\"ville forby\" class=\"default_opinion_e24spaltist hyperion-css-1rezu2g\" href=\"https:\/\/www.europarl.europa.eu\/topics\/en\/article\/20221019STO44572\/eu-ban-on-sale-of-new-petrol-and-diesel-cars-from-2035-explained\" rel=\"noopener nofollow noreferrer\" data-test-tag=\"external-link\" target=\"_blank\">ville forby<\/a> forbrenningsmotorene som tyskerne er verdensledende p\u00e5.<\/p>\n<p class=\"hyperion-css-1lemvax\">I stedet for \u00f8konomisk vekst satset Brussel p\u00e5 sinnelagsetikk. Resultatet er \u2018industrid\u00f8dare\u2019 som <a aria-label=\"Green Deal\" class=\"default_opinion_e24spaltist hyperion-css-1rezu2g\" href=\"https:\/\/commission.europa.eu\/strategy-and-policy\/priorities-2019-2024\/european-green-deal_en\" rel=\"noopener nofollow noreferrer\" data-test-tag=\"external-link\" target=\"_blank\">Green Deal<\/a>, samt et vell av direktiver som rammer bedrifter og forbrukere. N\u00e5 har EU senket farten, uten \u00e5 justere kursen. Bensinmotoren <a aria-label=\"fikk plutselig\" class=\"default_opinion_e24spaltist hyperion-css-1rezu2g\" href=\"https:\/\/www.reuters.com\/sustainability\/climate-energy\/eu-commission-reverse-effective-2035-combustion-engine-ban-epps-weber-says-2025-12-12\/#:~:text=HEIDELBERG%2C Germany%2C Dec 12 (,pressing to protect its automakers.\" rel=\"noopener nofollow noreferrer\" data-test-tag=\"external-link\" target=\"_blank\">fikk plutselig<\/a> galgenfrist. <\/p>\n<p class=\"hyperion-css-1lemvax\">Ursula von der Leyen fors\u00f8ker i sin andre periode p\u00e5 \u00e5 reparere skaden hun gjorde i sin f\u00f8rste. <a aria-label=\"Aktsomhetsdirektivet\" class=\"default_opinion_e24spaltist hyperion-css-1rezu2g\" href=\"https:\/\/www.pwc.no\/no\/innsikt\/baerekraftsrapportering\/aktsomhetsdirektivet-CSDDD.html#:~:text=Aktsomhetsdirektivet (CSDDD)-,EUs aktsomhetsdirektiv,i henhold til FNs b\u00e6rekraftsm\u00e5l.\" rel=\"noopener nofollow noreferrer\" data-test-tag=\"external-link\" target=\"_blank\">Aktsomhetsdirektivet<\/a> skal forenkles, klimam\u00e5lene nedjusteres, og forestillingen om \u2018myk makt\u2019, alts\u00e5 at verden vil etterligne Europa, tones ned.<\/p>\n<p class=\"hyperion-css-1lemvax\">Samtidig svarer EU med <a aria-label=\"straffeb\u00f8ter\" class=\"default_opinion_e24spaltist hyperion-css-1rezu2g\" href=\"https:\/\/ec.europa.eu\/commission\/presscorner\/detail\/en\/ip_25_2934\" rel=\"noopener nofollow noreferrer\" data-test-tag=\"external-link\" target=\"_blank\">straffeb\u00f8ter<\/a> mot amerikanske teknologiselskaper \u2013 noe Washington oppfatter som handelshindrende. Trump-administrasjonen tolker dette som en fiendtlig handling. Som jo er ukokt i \u00f8yeblikket da v\u00e5r uunnv\u00e6rlige partner vurderer \u00e5 dumpe Europa. <\/p>\n<p class=\"hyperion-css-1lemvax\">Som i de fleste samlivsdramaer er skylden \u00e5 finne p\u00e5 begge sider. \u00d8nsket om \u00e5 bli forst\u00e5tt er gjerne sterkere enn viljen til \u00e5 forst\u00e5. Forholdet mellom Europa og USA trenger ikke ende i brudd, men dette forutsetter en mer realistisk forst\u00e5else av gjensidige interesser.<\/p>\n<p class=\"hyperion-css-1lemvax\">Ogs\u00e5 Trumps mest provoserende formuleringer b\u00f8r leses med analytisk distanse. Begreper som \u00absivilisatorisk selvutslettelse\u00bb er ment \u00e5 provosere og minner om konklusjonen p\u00e5 min egen <a aria-label=\"Europatriologi\" class=\"default_opinion_e24spaltist hyperion-css-1rezu2g\" href=\"https:\/\/fabel.no\/serier\/europatrilogien\" rel=\"noopener nofollow noreferrer\" data-test-tag=\"external-link\" target=\"_blank\">Europatriologi<\/a>. <\/p>\n<p><a data-test-tag=\"teaser-small:link-internal\" href=\"https:\/\/e24.no\/boers-og-finans\/i\/o3dKm7\/gullprisen-kan-naa-nye-hoeyder-i-2026\" class=\"imagePosition-top inline hyperion-css-6238vu\" rel=\"nofollow noopener\" target=\"\" aria-label=\"Gullprisen kan n\u00e5 nye h\u00f8yder i 2026\"><\/p>\n<p>Les p\u00e5 E24+<\/p>\n<p>Gullprisen kan n\u00e5 nye h\u00f8yder i 2026<\/p>\n<p><\/a><\/p>\n<p class=\"hyperion-css-1lemvax\">I litteraturen er overdrivelse legitimt; i statsdokumenter mindre s\u00e5. Likevel er ikke slike utsagn uten kjerne av sannhet. Europa st\u00e5r overfor reelle utfordringer knyttet til ukontrollert innvandring og kulturell svekkelse. Europas ledersjikt er \u2013 virkelig \u2013 en del av problemet.<\/p>\n<p class=\"hyperion-css-1lemvax\">Samtidig bidrar deler av venstresiden til \u00e5 legitimere islamistiske str\u00f8mninger, s\u00e6rlig i deres intifada-romantisering. Resultatet er en gjenoppblomstring av voldelig antisemittisme i Europa. Det gr\u00f8nne spranget har omsatt \u00f8ko-radikalisme til \u00f8konomisk motgang.<\/p>\n<p class=\"hyperion-css-1lemvax\"><strong>Man beh\u00f8ver ikke v\u00e6re en Maga-tilhenger for \u00e5 stille sp\u00f8rsm\u00e5l ved Europas n\u00e5v\u00e6rende kurs. <\/strong><\/p>\n<p class=\"hyperion-css-1lemvax\">Dette gjelder hele kontinentet, ikke bare EU. Hva er v\u00e5re nasjonale interesser? Hvem representerer egentlig v\u00e5re ledere, foruten \u2018verden\u2019 og minoritetene?<\/p>\n<p class=\"hyperion-css-1lemvax\">P\u00e5 sikt er det naivt \u00e5 tro at verden vil f\u00f8lge Europa fordi kontinentet regulerer mest, tilbyr de mest gener\u00f8se velferdsordninger, den h\u00f8yeste beskatningen av middelklassen og har den snilleste asylpraksisen. <\/p>\n<p class=\"hyperion-css-1lemvax\">Uten \u00f8konomisk vekst, utenrikspolitisk realisme og kulturell gjenf\u00f8delse vil Europa svekkelse tilta. Sp\u00f8rsm\u00e5let er om NSS har rett i at det bare er den nye h\u00f8yresiden som kan bringe kursendringer, eller om Europas ledere er bedre enn sitt rykte?<\/p>\n<p>Dette er E24s faste spaltister<\/p>\n<p class=\"hyperion-css-1lemvax\">Alle spaltene <a aria-label=\"kan leses her\" class=\"default_opinion_e24spaltist hyperion-css-1rezu2g\" href=\"https:\/\/e24.no\/emne\/64b268f4-0a36-43f2-89a4-a1987c501d33\/spaltist\" rel=\"noopener nofollow\" data-test-tag=\"external-link\" target=\"_blank\">kan leses her<\/a>. <\/p>\n<ul class=\"hyperion-css-101xvgp\">\n<li class=\"hyperion-css-ffhm6p\"><img decoding=\"async\" class=\"image-asset hyperion-css-n6kkq1\" data-test-tag=\"image-asset\" src=\"https:\/\/www.europesays.com\/no\/wp-content\/uploads\/2025\/12\/1766218516_88_0306f316-3c4b-4a6f-aeae-e3c9f1c21086\"  alt=\"\"  fetchpriority=\"auto\" style=\"aspect-ratio:1900 \/ 1267\"\/>TEKNOLOGI. Sophia Adampour\n<p class=\"hyperion-css-1lemvax\">Grunnlegger av teknologihubben Verse. Skriver om blokkjede, krypto og teknologi. <\/p>\n<\/li>\n<li class=\"hyperion-css-ffhm6p\"><img decoding=\"async\" class=\"image-asset hyperion-css-n6kkq1\" data-test-tag=\"image-asset\" src=\"https:\/\/www.europesays.com\/no\/wp-content\/uploads\/2025\/12\/1766218517_800_4f99deef-2cd5-425a-97ab-96530809ab89\"  alt=\"\"  fetchpriority=\"auto\" style=\"aspect-ratio:1900 \/ 1268\"\/>TEKNOLOGI. Eirin Larsen\n<p class=\"hyperion-css-1lemvax\">Teknologistrateg i Telenor og styremedlem i Fritt Ord. Tidligere journalist i bla. Adresseavisen og Dagens N\u00e6ringsliv. <\/p>\n<\/li>\n<li class=\"hyperion-css-ffhm6p\"><img decoding=\"async\" class=\"image-asset hyperion-css-n6kkq1\" data-test-tag=\"image-asset\" src=\"https:\/\/www.europesays.com\/no\/wp-content\/uploads\/2025\/12\/1766218519_495_d3dc72a8-25b4-4aaa-a4e9-55807694b653\"  alt=\"\"  fetchpriority=\"auto\" style=\"aspect-ratio:1900 \/ 1290\"\/>TEKNOLOGI. Ishita Barua\n<p class=\"hyperion-css-1lemvax\">KI-forsker ved UiA, PhD, lege og techgr\u00fcnder.<\/p>\n<\/li>\n<li class=\"hyperion-css-ffhm6p\"><img decoding=\"async\" class=\"image-asset hyperion-css-n6kkq1\" data-test-tag=\"image-asset\" src=\"https:\/\/www.europesays.com\/no\/wp-content\/uploads\/2025\/12\/1766218520_259_8844fdd0-61ac-4af4-9c82-5cb8d73f5a7b\"  alt=\"\"  fetchpriority=\"auto\" style=\"aspect-ratio:1900 \/ 1267\"\/>UTENRIKS. Ine Marie Eriksen S\u00f8reide\n<p class=\"hyperion-css-1lemvax\">Leder i Stortingets utenriks- og forsvarskomit\u00e9 (H\u00f8yre). Tidligere forsvarsminister og utenriksminister. <\/p>\n<\/li>\n<li class=\"hyperion-css-ffhm6p\"><img decoding=\"async\" class=\"image-asset hyperion-css-n6kkq1\" data-test-tag=\"image-asset\" src=\"https:\/\/www.europesays.com\/no\/wp-content\/uploads\/2025\/12\/1766218522_869_58317d43-ef94-4501-828f-5dd8a5772737\"  alt=\"\"  fetchpriority=\"auto\" style=\"aspect-ratio:1900 \/ 1267\"\/>UTENRIKS. Espen Barth Eide\n<p class=\"hyperion-css-1lemvax\">Utenriksminister (Ap). Tidligere klima- og milj\u00f8minister. <\/p>\n<\/li>\n<li class=\"hyperion-css-ffhm6p\"><img decoding=\"async\" class=\"image-asset hyperion-css-n6kkq1\" data-test-tag=\"image-asset\" src=\"https:\/\/www.europesays.com\/no\/wp-content\/uploads\/2025\/12\/1766218523_203_c617320c-be23-4dc8-b704-4c3e16a070a9\"  alt=\"\"  fetchpriority=\"auto\" style=\"aspect-ratio:650 \/ 455\"\/>UTENRIKS OG POLITIKK. Asle Toje\n<p class=\"hyperion-css-1lemvax\">Utenrikspolitisk kommentator og forsker. <\/p>\n<\/li>\n<li class=\"hyperion-css-ffhm6p\"><img decoding=\"async\" class=\"image-asset hyperion-css-n6kkq1\" data-test-tag=\"image-asset\" src=\"https:\/\/www.europesays.com\/no\/wp-content\/uploads\/2025\/12\/1766218524_584_c0629f46-8d1e-456c-9383-8fbdd767a2e6\"  alt=\"\"  fetchpriority=\"auto\" style=\"aspect-ratio:548 \/ 428\"\/>POLITIKK, KLIMA OG ENERGI. \u00d8ystein Sj\u00f8lie.\n<p class=\"hyperion-css-1lemvax\">Utdannet samfunns\u00f8konom fra Universitetet i Oslo. Har v\u00e6rt byr\u00e5krat og journalist. De siste \u00e5rene har han skrevet mye om klima- og energiutfordringen, og publiserte &laquo;Oljeboka&raquo; i 2024.<\/p>\n<\/li>\n<li class=\"hyperion-css-ffhm6p\"><img decoding=\"async\" class=\"image-asset hyperion-css-n6kkq1\" data-test-tag=\"image-asset\" src=\"https:\/\/www.europesays.com\/no\/wp-content\/uploads\/2025\/12\/1766218525_168_ce08866f-fee0-4f9a-87c3-728a125cdeb9\"  alt=\"\"  fetchpriority=\"auto\" style=\"aspect-ratio:956 \/ 1446\"\/>POLITIKK. Mathias Fischer\n<p class=\"hyperion-css-1lemvax\">Daglig leder i Initiativ Vest. Tidligere journalist og politiker. <\/p>\n<\/li>\n<li class=\"hyperion-css-ffhm6p\"><img decoding=\"async\" class=\"image-asset hyperion-css-n6kkq1\" data-test-tag=\"image-asset\" src=\"https:\/\/www.europesays.com\/no\/wp-content\/uploads\/2025\/12\/1766218526_765_2203a73b-d42c-4d31-9b2d-af12139e5a49\"  alt=\"\"  fetchpriority=\"auto\" style=\"aspect-ratio:1900 \/ 2074\"\/>EU OG EUROPA. Lina Strandv\u00e5g Nagell\n<p class=\"hyperion-css-1lemvax\">Leder for Prosjekter og EU-Politikk ved Bellonas Brussel-kontor. Skriver spalten Fra Brussel om hva som skjer i unionen. <\/p>\n<\/li>\n<li class=\"hyperion-css-ffhm6p\"><img decoding=\"async\" class=\"image-asset hyperion-css-n6kkq1\" data-test-tag=\"image-asset\" src=\"https:\/\/www.europesays.com\/no\/wp-content\/uploads\/2025\/12\/1766218527_550_89142cf4-bd3e-4259-9f1b-72ec30a2d74e\"  alt=\"\"  fetchpriority=\"auto\" style=\"aspect-ratio:1900 \/ 1267\"\/>EU OG EUROPA. George Riekeles\n<p class=\"hyperion-css-1lemvax\">Assisterende direkt\u00f8r ved den Brussel-baserte tenketanken European Policy Center (EPC). F\u00f8r dette var han blant annet diplomatisk r\u00e5dgiver for EUs sjefforhandler under Brexit. Skriver spalten Fra Brussel om hva som skjer i unionen. <\/p>\n<\/li>\n<li class=\"hyperion-css-ffhm6p\"><img decoding=\"async\" class=\"image-asset hyperion-css-n6kkq1\" data-test-tag=\"image-asset\" src=\"https:\/\/www.europesays.com\/no\/wp-content\/uploads\/2025\/12\/1766218528_665_91a675ac-7df1-4c8e-b6b9-00989784e04c\"  alt=\"\"  fetchpriority=\"auto\" style=\"aspect-ratio:1900 \/ 1247\"\/>OLJEFONDET. Carine Smith Ihenacho\n<p class=\"hyperion-css-1lemvax\">Direkt\u00f8r for eierskap og etterlevelse, Norges Bank Investment Management, popul\u00e6rt kalt Oljefondet. <\/p>\n<\/li>\n<li class=\"hyperion-css-ffhm6p\"><img decoding=\"async\" class=\"image-asset hyperion-css-n6kkq1\" data-test-tag=\"image-asset\" src=\"https:\/\/www.europesays.com\/no\/wp-content\/uploads\/2025\/12\/1766218529_888_0d65f368-9c54-465d-ba4e-69457934fb96\"  alt=\"\"  fetchpriority=\"auto\" style=\"aspect-ratio:1900 \/ 1268\"\/>N\u00c6RINGSLIV. Johan Andresen\n<p class=\"hyperion-css-1lemvax\">Styreleder og investor i Ferd-konsernet, med et ekstra engasjement for sosialt entrepren\u00f8rskap. <\/p>\n<\/li>\n<li class=\"hyperion-css-ffhm6p\"><img decoding=\"async\" class=\"image-asset hyperion-css-n6kkq1\" data-test-tag=\"image-asset\" src=\"https:\/\/www.europesays.com\/no\/wp-content\/uploads\/2025\/12\/1766218530_485_bd4038f3-e720-44a8-9a6d-4ea161531218\"  alt=\"\"  fetchpriority=\"auto\" style=\"aspect-ratio:1900 \/ 747\"\/>SKATT. Bettina Banoun\n<p class=\"hyperion-css-1lemvax\">Advokat, dr.juris. og partner i Wiersholm. Ogs\u00e5 medlem av Skatteutvalget. <\/p>\n<\/li>\n<\/ul>\n","protected":false},"excerpt":{"rendered":"ET SPESIELT FORHOLD? USAs president Donald Trump og Storbritannias statsminister Keir Starmer under f\u00f8rstnevntes statsbes\u00f8k i UK i&hellip;\n","protected":false},"author":2,"featured_media":117999,"comment_status":"","ping_status":"","sticky":false,"template":"","format":"standard","meta":{"footnotes":""},"categories":[12],"tags":[20,21,24,25,15,22,23,13,30,28,29,14,16,26,27,42,43,44,45],"class_list":{"0":"post-117998","1":"post","2":"type-post","3":"status-publish","4":"format-standard","5":"has-post-thumbnail","7":"category-verden","8":"tag-breaking-news","9":"tag-breakingnews","10":"tag-featured-news","11":"tag-featurednews","12":"tag-headlines","13":"tag-latest-news","14":"tag-latestnews","15":"tag-news","16":"tag-no","17":"tag-norge","18":"tag-norway","19":"tag-nyheter","20":"tag-overskrifter","21":"tag-top-stories","22":"tag-topstories","23":"tag-verden","24":"tag-world","25":"tag-world-news","26":"tag-worldnews"},"share_on_mastodon":{"url":"https:\/\/pubeurope.com\/@no\/115750904313256480","error":""},"_links":{"self":[{"href":"https:\/\/www.europesays.com\/no\/wp-json\/wp\/v2\/posts\/117998","targetHints":{"allow":["GET"]}}],"collection":[{"href":"https:\/\/www.europesays.com\/no\/wp-json\/wp\/v2\/posts"}],"about":[{"href":"https:\/\/www.europesays.com\/no\/wp-json\/wp\/v2\/types\/post"}],"author":[{"embeddable":true,"href":"https:\/\/www.europesays.com\/no\/wp-json\/wp\/v2\/users\/2"}],"replies":[{"embeddable":true,"href":"https:\/\/www.europesays.com\/no\/wp-json\/wp\/v2\/comments?post=117998"}],"version-history":[{"count":0,"href":"https:\/\/www.europesays.com\/no\/wp-json\/wp\/v2\/posts\/117998\/revisions"}],"wp:featuredmedia":[{"embeddable":true,"href":"https:\/\/www.europesays.com\/no\/wp-json\/wp\/v2\/media\/117999"}],"wp:attachment":[{"href":"https:\/\/www.europesays.com\/no\/wp-json\/wp\/v2\/media?parent=117998"}],"wp:term":[{"taxonomy":"category","embeddable":true,"href":"https:\/\/www.europesays.com\/no\/wp-json\/wp\/v2\/categories?post=117998"},{"taxonomy":"post_tag","embeddable":true,"href":"https:\/\/www.europesays.com\/no\/wp-json\/wp\/v2\/tags?post=117998"}],"curies":[{"name":"wp","href":"https:\/\/api.w.org\/{rel}","templated":true}]}}