{"id":118008,"date":"2025-12-20T08:29:09","date_gmt":"2025-12-20T08:29:09","guid":{"rendered":"https:\/\/www.europesays.com\/no\/118008\/"},"modified":"2025-12-20T08:29:09","modified_gmt":"2025-12-20T08:29:09","slug":"fotball-sport-fagermo-skal-ha-kalt-spillere-feite","status":"publish","type":"post","link":"https:\/\/www.europesays.com\/no\/118008\/","title":{"rendered":"Fotball, Sport | Fagermo skal ha kalt spillere \u00abfeite\u00bb"},"content":{"rendered":"\n<p>Konflikten mellom Str\u00f8msgodset-trener Dag-Eilev Fagermo og Godset eskalerte onsdag <a class=\"simple-relation related-teaser article--c-eRUmMG article--c-eRUmMG-jKCPdD-design-default article--c-eRUmMG-iBPVJb-cv\" href=\"https:\/\/www.ta.no\/stromsgodset-bekrefter-varsler-mot-dag-eilev-fagermo\/s\/5-95-2785488\" rel=\"nofollow noopener\" target=\"_blank\">da klubben gikk ut med en pressemelding.<\/a><\/p>\n<p>Drammensklubben opplyste om at den har mottatt flere varsler som omhandler p\u00e5stander knyttet til Fagermos adferd.<\/p>\n<p>Klubben bekreftet samtidig om at ekstern ekspertise er engasjert for \u00e5 se n\u00e6rmere p\u00e5 saken.<\/p>\n<p>Skal ha kalt spillere \u00abfeite\u00bb<\/p>\n<p>Fredag kveld melder<a href=\"https:\/\/www.tv2.no\/sport\/sjokkpastander-skal-ha-kalt-spillere-feite\/18400376\/\" rel=\"Follow nofollow noopener\" target=\"_blank\"> TV 2<\/a> at varslene mot Fagermo blant annet handler om at han har kommet med kommentarer om spillernes kropper.<\/p>\n<p>Treneren skal ha kalt spillere for \u00abfeite\u00bb og hatt et kroppsfokus som gj\u00f8r at spillere synes det har v\u00e6rt ubehagelig \u00e5 g\u00e5 p\u00e5 trening.<\/p>\n<p>Spillergruppa skal ha reagert kraftig p\u00e5 oppf\u00f8rselen.<\/p>\n<p>Nettavisen sitter p\u00e5 de samme opplysningene.<\/p>\n<p>Til TV 2 sier Fagermos advokat Alf K\u00e5re Knudsen f\u00f8lgende:<\/p>\n<p>\u2013 Han kjenner seg ikke igjen med tanke p\u00e5 p\u00e5stander om overvekt og kropp. Det pekes for \u00f8vrig p\u00e5 at spillerne det er snakk om er topptrente eliteut\u00f8vere. Som hans advokat ser vi frem til \u00e5 f\u00e5 forelagt det fulle innholdet i det som n\u00e5 lekkes til media, skriver Knudsen til TV 2.<\/p>\n<p>Fryktkultur<\/p>\n<p>I en pressemelding tidligere denne uken skrev Godset at varslene mot Fagermo omhandler p\u00e5stander knyttet til trenerens adferd.<\/p>\n<p>If\u00f8lge <a href=\"https:\/\/www.dt.no\/dt-erfarer-anklager-om-fryktkultur\/s\/5-57-2756853\" rel=\"Follow nofollow noopener\" target=\"_blank\">Drammens Tidende<\/a> har flere spillere opplevd en fryktkultur.<\/p>\n<p>Avisen mener stemningen kj\u00f8lnet mer og mer i h\u00f8st, og negativiteten har tiltatt, s\u00e6rlig mot slutten av sesongen.<\/p>\n<p>If\u00f8lge DT skal spillere ha mistet motivasjonen av en opplevelse av at hovedtreneren hengte ut syndebukker ved tap og skjelte ut folk i plenum etter feil gjort p\u00e5 trening gjentatte ganger.<\/p>\n<p>Fagermos advokat Alf K\u00e5re Knudsen, mener imidlertid at Fagermo kun har stilt krav og v\u00e6rt tydelig og at dette kan oppleves dramatisk for noen.<\/p>\n<p>\u2013 Det er min opplevelse at Fagermo fikk et tydelig mandat om \u00e5 v\u00e6re klar, stille krav og skjerpe kulturen. Klubben m\u00e5 ha v\u00e6rt kjent med at han representerte denne typen lederstil. Han kom inn midt i en sesong hvor laget befant seg i krise. Spillerne var mest sannsynlig stresset, redde for nedrykk og usikre, sier Knudsen.<\/p>\n<p>Str\u00f8msgodset rykket ned fra Eliteserien denne sesongen, og Fagermo har kontrakt ut 2027-sesongen.<\/p>\n","protected":false},"excerpt":{"rendered":"Konflikten mellom Str\u00f8msgodset-trener Dag-Eilev Fagermo og Godset eskalerte onsdag da klubben gikk ut med en pressemelding. Drammensklubben opplyste&hellip;\n","protected":false},"author":2,"featured_media":116014,"comment_status":"","ping_status":"","sticky":false,"template":"","format":"standard","meta":{"footnotes":""},"categories":[59],"tags":[36,92,30,28,29,83,1273,82,1510],"class_list":{"0":"post-118008","1":"post","2":"type-post","3":"status-publish","4":"format-standard","5":"has-post-thumbnail","7":"category-sport","8":"tag-art","9":"tag-fotball","10":"tag-no","11":"tag-norge","12":"tag-norway","13":"tag-sport","14":"tag-sporten","15":"tag-sports","16":"tag-story"},"share_on_mastodon":{"url":"https:\/\/pubeurope.com\/@no\/115750958677182011","error":""},"_links":{"self":[{"href":"https:\/\/www.europesays.com\/no\/wp-json\/wp\/v2\/posts\/118008","targetHints":{"allow":["GET"]}}],"collection":[{"href":"https:\/\/www.europesays.com\/no\/wp-json\/wp\/v2\/posts"}],"about":[{"href":"https:\/\/www.europesays.com\/no\/wp-json\/wp\/v2\/types\/post"}],"author":[{"embeddable":true,"href":"https:\/\/www.europesays.com\/no\/wp-json\/wp\/v2\/users\/2"}],"replies":[{"embeddable":true,"href":"https:\/\/www.europesays.com\/no\/wp-json\/wp\/v2\/comments?post=118008"}],"version-history":[{"count":0,"href":"https:\/\/www.europesays.com\/no\/wp-json\/wp\/v2\/posts\/118008\/revisions"}],"wp:featuredmedia":[{"embeddable":true,"href":"https:\/\/www.europesays.com\/no\/wp-json\/wp\/v2\/media\/116014"}],"wp:attachment":[{"href":"https:\/\/www.europesays.com\/no\/wp-json\/wp\/v2\/media?parent=118008"}],"wp:term":[{"taxonomy":"category","embeddable":true,"href":"https:\/\/www.europesays.com\/no\/wp-json\/wp\/v2\/categories?post=118008"},{"taxonomy":"post_tag","embeddable":true,"href":"https:\/\/www.europesays.com\/no\/wp-json\/wp\/v2\/tags?post=118008"}],"curies":[{"name":"wp","href":"https:\/\/api.w.org\/{rel}","templated":true}]}}