{"id":118011,"date":"2025-12-20T08:34:10","date_gmt":"2025-12-20T08:34:10","guid":{"rendered":"https:\/\/www.europesays.com\/no\/118011\/"},"modified":"2025-12-20T08:34:10","modified_gmt":"2025-12-20T08:34:10","slug":"marit-lind-helse-nettavisens-julespalte-med-helse-nord-sjef-marit-lind-mener-tre-notter-til-askepott-er-oppskrytt","status":"publish","type":"post","link":"https:\/\/www.europesays.com\/no\/118011\/","title":{"rendered":"Marit Lind, Helse | Nettavisens julespalte med Helse Nord-sjef Marit Lind \u2013 mener \u00abTre n\u00f8tter til Askepott\u00bb er oppskrytt"},"content":{"rendered":"\n<p>I Nettavisens julespalte forteller kjente, norske helseprofiler om sine planer for julen, hva de spiser under h\u00f8ytiden, og hvilke helsenyheter de h\u00e5per \u00e5 se i \u00e5ret som kommer.<\/p>\n<p>Marit Lind er administrerende direkt\u00f8r i Helse Nord RHF, som er landets st\u00f8rste i areal, og har om lag 20 000 ansatte. I 2025 har hun gjort seg bemerket i media, da hennes l\u00f8nn ble gjenstand for debatt, og blant annet var tema i \u00abDebatten\u00bb i NRK.<\/p>\n<p><b>Les Linds egne tanker om det her: <a class=\"simple-relation related-teaser article--c-eRUmMG article--c-eRUmMG-fZoQSp-design-nettavisen article--c-eRUmMG-gwthdJ-cv\" href=\"https:\/\/www.nettavisen.no\/ble-grillet-om-egen-lonn-i-debatten-urimelig\/s\/5-95-2673811\" rel=\"nofollow noopener\" target=\"_blank\">Ble grillet om egen l\u00f8nn i \u00abDebatten\u00bb: \u2013 Urimelig<\/a><\/b><\/p>\n<p><b>Hva er dine planer for julen i \u00e5r, og hvem skal den tilbringes med?<\/b><\/p>\n<p>\u2013 Julen skal tilbringes sammen med min familie.<\/p>\n<p><b>Hva er ditt beste juleminne?<\/b><\/p>\n<p>\u2013 Julefeiringen som barn n\u00e5r vi var mange som feiret i lag, foreldre, s\u00f8sken, besteforeldre, oldeforeldre, tanter, onkler og s\u00f8skenbarn.<\/p>\n<p><b>Og hva er ditt verste juleminne?<\/b><\/p>\n<p>\u2013 Det m\u00e5 v\u00e6re da jeg var skikkelig influensasyk, med alle de begrensninger det medf\u00f8rte for feiringen.<\/p>\n<p><b>Hva st\u00e5r p\u00e5 menyen i julen? Og er det ellers noe du M\u00c5 spise i l\u00f8pet av julen?<\/b><\/p>\n<p>\u2013 Menyen p\u00e5 julaften i \u00e5r blir and. Det er favoritten til datteren min som ikke er s\u00e5 begeistret for ribbe eller pinnekj\u00f8tt. Kokt kveite en av dagene h\u00f8rer med.<\/p>\n<p><b>Hvor opptatt av kostholdsr\u00e5dene er du i jula?<\/b><\/p>\n<p>\u2013 De legges til side disse dagene, men hentes fram igjen n\u00e5r hverdagen starter.<\/p>\n<p><b>Hva er en oppskrytt ting med jula for deg?<\/b><\/p>\n<p>\u2013 Filmen \u00abTre n\u00f8tter til Askepott\u00bb.<\/p>\n<p>Tidligere i h\u00f8st gjestet Marit Lind Nettavisens podkast \u00abStavrum og Eikeland\u00bb. Se episoden her: <\/p>\n<p>    Vil du se neste video?<\/p>\n<p>    <a href=\"https:\/\/www.nettavisen.no\/nyheter\/helse-nord-sjef-marit-lind-angrer-umiddelbart-etter-a-ha-sagt-dette-i-debatten-pa-nrk\/v\/5-95-2688656\" class=\"recommend-poster\" data-adp-clicklabel=\"video-recommend\" data-adp-clickvalue=\"poster\" rel=\"nofollow noopener\" target=\"_blank\"><br \/>\n      <img decoding=\"async\" width=\"200\" height=\"200\" loading=\"lazy\" src=\"https:\/\/www.europesays.com\/no\/wp-content\/uploads\/2025\/11\/nrk_debatten_marit_lind.jpg\" alt=\"\" class=\"brick-c-cFOWSL\" style=\"--brick-image-ratio: 200 \/ 200;\"\/><\/p>\n<p>Angrer umiddelbart etter dette: \u2013 Ikke smart sagt1:19<\/p>\n<p>    <\/a><\/p>\n<p><b>Hva er ditt aller beste tips til aktivitet i jula?<\/b><\/p>\n<p>\u2013 V\u00e6re ute i frisk luft. G\u00e5 turer.<\/p>\n<p><b>Hvem i Norge mener du fortjener en ekstra julegave i \u00e5r?<\/b><\/p>\n<p>\u2013 De som m\u00e5 v\u00e6re p\u00e5 jobb for \u00e5 ivareta viktige samfunnsoppdrag n\u00e5r vi andre kan ha fri og feire h\u00f8ytiden sammen med familie, for eksempel de ansatte p\u00e5 vakt p\u00e5 sykehusene.<\/p>\n<p><b>Hvilken helsenyhet mener du har v\u00e6rt den mest spennende i 2025?<\/b><\/p>\n<p>\u2013 Resultatene av arbeidet med \u00abVentetidsl\u00f8ftet\u00bb. Sykehusene jobbet systematisk og godt med ekstratiltak som resulterte i betydelig kortere ventetider for mange av pasientene v\u00e5re. Det ble lagt ned en stor innsats og mye ekstraarbeid fra de ansattes side av hensyn til pasientene. Vi er ikke helt i m\u00e5l, flere pasienter venter fortsatt for lenge, men det jobber vi videre med.<\/p>\n<p>\u2013 M\u00e5 nevne en sak til som er sv\u00e6rt viktig her i Nord-Norge og det var at vi fikk tilsagn p\u00e5 l\u00e5n til \u00e5 kunne starte bygging av Nye UNN \u00c5sg\u00e5rd, et nytt og sv\u00e6rt etterlengtet bygg for psykisk helse og rus. Vi har i flere \u00e5r hatt i oppdrag fra v\u00e5r eier \u00e5 prioritere psykisk helse. Det har ikke v\u00e6rt enkelt med de fysiske fasiliteter vi har \u00e5 tilby de aller sykeste i dag. B\u00e5de pasientene og de ansatte fortjener virkelig \u00e5 f\u00e5 et nytt, funksjonelt bygg.<\/p>\n<p><b>Hva mener du blir den viktigste helsekampsaken i 2026?<\/b><\/p>\n<p>\u2013 N\u00f8dvendig omstilling slik at vi kan h\u00e5ndtere de utfordringer som den demografiske utviklingen allerede gir, men som vil bli stadig mer utfordrende framover n\u00e5r antallet eldre som vil trenge helsetjenester \u00f8ker, samtidig som tilgangen p\u00e5 helsepersonell blir enda mer krevende.<\/p>\n<p>\u2013 Vi m\u00e5 jobbe smartere, ta i bruk teknologi der det gir mulighet for \u00e5 levere tjenestene v\u00e5re med like god kvalitet, men p\u00e5 andre m\u00e5ter, vi m\u00e5 for pasientene og de ansattes skyld f\u00e5 til gode, nye l\u00f8sninger for hvordan vi samhandler med prim\u00e6rhelsetjenesten. Alt dette m\u00e5 vi f\u00e5 til i tett samarbeid med brukere og ansatte.<\/p>\n<p><b>Hva er ditt beste helser\u00e5d for 2026?<\/b><\/p>\n<p>\u2013 Finn god balanse mellom jobb og fritid. F\u00e5 nok frisk luft. S\u00f8rg for \u00e5 ha tid til kontakt med familie og n\u00e6re venner.<\/p>\n<p><b>Hva mener du om ultraprosessert mat og debatten rundt det?<\/b><\/p>\n<p>\u2013 Jeg er ikke veldig engasjert i dette, burde sikkert v\u00e6rt det, men tenker at det er positivt at det settes s\u00f8kelys p\u00e5 at maten vi spiser ikke p\u00e5f\u00f8rer oss helseskade.<\/p>\n<p><b>Hva er det g\u00f8yeste eller rareste du har opplevd i din jobb?<\/b><\/p>\n<p>\u2013 Veldig fint \u00e5 kunne v\u00e6re med p\u00e5 \u00e5 feire milep\u00e6ler som \u00e5pning av to flunkende, nye sykehus i Hammerfest og Narvik p\u00e5 ny\u00e5ret i 2025.<\/p>\n<p><b>Hva er din hjertesak?<\/b><\/p>\n<p>\u2013 \u00c5 f\u00e5 til n\u00f8dvendige endringer i tjenesten v\u00e5r som kan bidra til at den nord-norske befolkningen f\u00e5r tilgang p\u00e5 gode helsetjenester av h\u00f8y kvalitet ogs\u00e5 framover. Driver vi videre akkurat som i dag, vil ikke dette v\u00e6re mulig.<\/p>\n<p><b>Har du et nytt\u00e5rsforsett? Er det helserelatert?<\/b><\/p>\n<p>\u2013 M\u00e5 v\u00e6re \u00e5 pr\u00f8ve \u00e5 f\u00e5 v\u00e6rt mer ute i frisk luft i \u00e5ret som kommer.<\/p>\n","protected":false},"excerpt":{"rendered":"I Nettavisens julespalte forteller kjente, norske helseprofiler om sine planer for julen, hva de spiser under h\u00f8ytiden, og&hellip;\n","protected":false},"author":2,"featured_media":61458,"comment_status":"","ping_status":"","sticky":false,"template":"","format":"standard","meta":{"footnotes":""},"categories":[10],"tags":[20,21,24,25,15,22,23,13,30,28,29,14,16,26,27],"class_list":{"0":"post-118011","1":"post","2":"type-post","3":"status-publish","4":"format-standard","5":"has-post-thumbnail","7":"category-norge","8":"tag-breaking-news","9":"tag-breakingnews","10":"tag-featured-news","11":"tag-featurednews","12":"tag-headlines","13":"tag-latest-news","14":"tag-latestnews","15":"tag-news","16":"tag-no","17":"tag-norge","18":"tag-norway","19":"tag-nyheter","20":"tag-overskrifter","21":"tag-top-stories","22":"tag-topstories"},"share_on_mastodon":{"url":"https:\/\/pubeurope.com\/@no\/115750978852854499","error":""},"_links":{"self":[{"href":"https:\/\/www.europesays.com\/no\/wp-json\/wp\/v2\/posts\/118011","targetHints":{"allow":["GET"]}}],"collection":[{"href":"https:\/\/www.europesays.com\/no\/wp-json\/wp\/v2\/posts"}],"about":[{"href":"https:\/\/www.europesays.com\/no\/wp-json\/wp\/v2\/types\/post"}],"author":[{"embeddable":true,"href":"https:\/\/www.europesays.com\/no\/wp-json\/wp\/v2\/users\/2"}],"replies":[{"embeddable":true,"href":"https:\/\/www.europesays.com\/no\/wp-json\/wp\/v2\/comments?post=118011"}],"version-history":[{"count":0,"href":"https:\/\/www.europesays.com\/no\/wp-json\/wp\/v2\/posts\/118011\/revisions"}],"wp:featuredmedia":[{"embeddable":true,"href":"https:\/\/www.europesays.com\/no\/wp-json\/wp\/v2\/media\/61458"}],"wp:attachment":[{"href":"https:\/\/www.europesays.com\/no\/wp-json\/wp\/v2\/media?parent=118011"}],"wp:term":[{"taxonomy":"category","embeddable":true,"href":"https:\/\/www.europesays.com\/no\/wp-json\/wp\/v2\/categories?post=118011"},{"taxonomy":"post_tag","embeddable":true,"href":"https:\/\/www.europesays.com\/no\/wp-json\/wp\/v2\/tags?post=118011"}],"curies":[{"name":"wp","href":"https:\/\/api.w.org\/{rel}","templated":true}]}}