{"id":118012,"date":"2025-12-20T08:35:14","date_gmt":"2025-12-20T08:35:14","guid":{"rendered":"https:\/\/www.europesays.com\/no\/118012\/"},"modified":"2025-12-20T08:35:14","modified_gmt":"2025-12-20T08:35:14","slug":"kiwi-arving-og-skistjerne-vil-rive-og-bygge-nytt-e24","status":"publish","type":"post","link":"https:\/\/www.europesays.com\/no\/118012\/","title":{"rendered":"Kiwi-arving og skistjerne vil rive og bygge nytt \u2013 E24"},"content":{"rendered":"<p class=\"fullWidthDesktop hyperion-css-71ztg2\" data-test-tag=\"lead-text\">Bettina Burud (29) og Emil Iversen (34) vil bygge ny bolig p\u00e5 Snar\u00f8ya-eiendommen, som kostet over 70 millioner.<\/p>\n<p><img decoding=\"async\" class=\"image-asset hyperion-css-836l7o\" data-test-tag=\"image-asset\" src=\"https:\/\/www.europesays.com\/no\/wp-content\/uploads\/2025\/12\/e30e9f0c-26f3-4df0-add2-1fbc8fb586f6\"  alt=\"Emil Iversen og  Bettina Burud etter verdencuprennet  i Gran\u00e5sen tidligere i desember.\"  loading=\"eager\" fetchpriority=\"high\" style=\"aspect-ratio:1900 \/ 1333\"\/>Emil Iversen og  Bettina Burud etter verdencuprennet  i Gran\u00e5sen tidligere i desember. Foto: Geir Olsen \/ NTBPublisert: <\/p>\n<p>For mindre enn 20 minutter siden<\/p>\n<p>Oppdatert n\u00e5 nettopp<\/p>\n<p>Kortversjonen<\/p>\n<ul class=\"hyperion-css-pkq1ci\" data-test-tag=\"list\">\n<li class=\"hyperion-css-12h2ush\">Kiwi-arving Bettina Burud og skistjerne Emil Iversen vil rive det gamle huset p\u00e5 Snar\u00f8ya-eiendommen de kj\u00f8pte for 71,5 millioner kroner for \u00e5 bygge ny enebolig.<\/li>\n<li class=\"hyperion-css-12h2ush\">Burud er en av Norges rikeste unge, mens Iversen nylig ble tatt ut til Tour de Ski.<\/li>\n<li class=\"hyperion-css-12h2ush\">Det nye huset f\u00e5r omtrent samme form som dagens bygg, men med noen oppgraderinger og ny garasje.<\/li>\n<\/ul>\n<p class=\"hyperion-css-10lbhat\">Oppsummeringen er laget av AI-verkt\u00f8yet ChatGPT og kvalitetssikret av E24s journalister<\/p>\n<p>Vis mer <\/p>\n<ul class=\"hyperion-css-pte5x0\">\n<li aria-label=\"link\" class=\"narrow-button hyperion-css-1sz7d3n\">Kopier lenke<\/li>\n<li aria-label=\"link\" class=\"wide-button hyperion-css-1sz7d3n\">Kopier lenke<\/li>\n<li aria-label=\"facebook\" class=\"narrow-button hyperion-css-1sz7d3n\">Del p\u00e5 Facebook<\/li>\n<li aria-label=\"facebook\" class=\"wide-button hyperion-css-1sz7d3n\">Del p\u00e5 Facebook<\/li>\n<li aria-label=\"email\" class=\"narrow-button hyperion-css-1sz7d3n\">Del med e-post<\/li>\n<li aria-label=\"email\" class=\"wide-button hyperion-css-1sz7d3n\">Del med e-post<\/li>\n<\/ul>\n<p class=\"hyperion-css-1lemvax\">Burud har s\u00f8kt kommunen om \u00e5 f\u00e5 rive det gamle huset p\u00e5 eiendommen og bygge nytt, viser kommunale dokumenter.<\/p>\n<p class=\"hyperion-css-1lemvax\">Paret kj\u00f8pte eiendommen p\u00e5 Snar\u00f8ya i B\u00e6rum kommune tidligere i \u00e5r, og prisen er oppgitt til 71,5 millioner kroner. Eiendommen er registrert p\u00e5 Burud.<\/p>\n<p class=\"hyperion-css-1lemvax\">DN <a aria-label=\"omtalte saken f\u00f8rst\" class=\"default hyperion-css-1rezu2g\" href=\"https:\/\/www.dn.no\/eiendom\/bettina-burud\/emil-iversen\/kiwi-arving-og-skistjerne-kjopte-snaroya-eiendom-til-715-mill-har-sokt-om-a-rive-alt\/2-1-1919438\" rel=\"noopener nofollow noreferrer\" data-test-tag=\"external-link\" target=\"_blank\">omtalte saken f\u00f8rst<\/a>.<\/p>\n<p><a data-test-tag=\"teaser-small:link-internal\" href=\"https:\/\/e24.no\/karriere-og-ledelse\/i\/3pkQAP\/stor-oversikt-dette-tjente-656-partnere-i-ey-pwc-kpmg-deloitte-og-bdo-i-2024\" class=\"imagePosition-top inline hyperion-css-6238vu\" rel=\"nofollow noopener\" target=\"\" aria-label=\"Stor oversikt: Dette tjente 656 partnere i EY, PwC, KPMG, Deloitte og BDO i 2024\"><\/p>\n<p>Les p\u00e5 E24+<\/p>\n<p>Stor oversikt: Dette tjente 656 partnere i EY, PwC, KPMG, Deloitte og BDO i 2024<\/p>\n<p><\/a><\/p>\n<p class=\"hyperion-css-1lemvax\">Bettina Burud en av <a data-test-tag=\"internal-link\" href=\"https:\/\/e24.no\/naeringsliv\/i\/n1R8zJ\/dette-er-de-rikeste-under-30\" class=\"hyperion-css-1rezu2g\" rel=\"nofollow noopener\" target=\"\" aria-label=\"Norges rikeste personer under 30 \u00e5r\">Norges rikeste personer under 30 \u00e5r<\/a>, med en ligningsformue p\u00e5 445 millioner kroner i 2024. Kapital ansl\u00e5r at hennes reelle formue er 1,2 milliarder kroner. Formuen stammer fra en andel i Kiwi-eier Norgesgruppen.<\/p>\n<p class=\"hyperion-css-1lemvax\">Emil Iversen er p\u00e5 sin side en av Norges mest kjente skil\u00f8pere, med VM-gull p\u00e5 50 km i 2021 som karrierens h\u00f8ydepunkt. Skistjernen <a aria-label=\"ble nylig tatt ut i troppen\" class=\"default hyperion-css-1rezu2g\" href=\"https:\/\/www.vg.no\/sport\/i\/vrmMyp\/iversen-klar-for-tour-de-ski-dette-er-uttaket\" rel=\"noopener nofollow noreferrer\" data-test-tag=\"external-link\" target=\"_blank\">ble nylig tatt ut i troppen<\/a> til denne sesongens Tour de Ski.<\/p>\n<p class=\"hyperion-css-1lemvax\">I tillegg til riving av boligen og et uthus er det s\u00f8kt om oppf\u00f8ring av ny enebolig p\u00e5 205 kvadratmeter med tilh\u00f8rende terrasse.<\/p>\n<p><img decoding=\"async\" class=\"image-asset hyperion-css-u06ts1\" data-test-tag=\"image-asset\" src=\"https:\/\/www.europesays.com\/no\/wp-content\/uploads\/2025\/12\/222e2fe8-8b43-407a-8ef1-b33f5a6820a8\"  alt=\"Slik \u00f8nsker Emil Iversen og Bettina Burud \u00e5 bygge i Borgenhaug 20 p\u00e5 Snar\u00f8ya i B\u00e6rum.\"  loading=\"eager\" fetchpriority=\"high\" style=\"aspect-ratio:1900 \/ 1072\"\/>Slik \u00f8nsker Emil Iversen og Bettina Burud \u00e5 bygge i Borgenhaug 20 p\u00e5 Snar\u00f8ya i B\u00e6rum. Foto: St\u00f8re arkitekter<\/p>\n<p class=\"hyperion-css-1lemvax\">Det skal etter planen gj\u00f8res tiltak i terrenget og legges heller, og bygges kjellertrapp, st\u00f8ttemurer og port.<\/p>\n<p class=\"hyperion-css-1lemvax\">Det skal ogs\u00e5 oppf\u00f8res en frittliggende garasje p\u00e5 44 kvadratmeter og et nytt uthus eller bod, if\u00f8lge s\u00f8knadsdokumentene.<\/p>\n<p><a data-test-tag=\"teaser-small:link-internal\" href=\"https:\/\/e24.no\/naeringsliv\/i\/73ezdV\/slik-faar-du-gullkort\" class=\"imagePosition-top inline hyperion-css-6238vu\" rel=\"nofollow noopener\" target=\"\" aria-label=\"Slik f\u00e5r du gullkort hos SAS\"><\/p>\n<p>Les p\u00e5 E24+<\/p>\n<p>Slik f\u00e5r du gullkort hos SAS<\/p>\n<p><\/a>Vil bygge likt<\/p>\n<p class=\"hyperion-css-1lemvax\">Det nye huset som skal bygges vil ikke v\u00e6re veldig annerledes formet enn dagens bolig, if\u00f8lge s\u00f8knaden.<\/p>\n<p class=\"hyperion-css-1lemvax\">\u00abEksisterende bebyggelse rives. Ny bolig oppf\u00f8res med omtrent samme plassering og form som eksisterende bolig\u00bb, skriver arkitekt Idunn Osvoll i s\u00f8knadspapirene.<\/p>\n<p class=\"hyperion-css-1lemvax\">\u00abNy bolig har to etasjer og en kjelleretasje, tilsvarende eksisterende bolig. Ny bolig har ny frittliggende garasje og ny utebod i forbindelse med g\u00e5rdsplassen\u00bb, skriver hun.<\/p>\n<p><a data-test-tag=\"teaser-small:link-internal\" href=\"https:\/\/e24.no\/naeringsliv\/i\/Rz3nVJ\/jenny-spetalen-drar-inn-over-60-millioner-paa-boligsalg-slipper-skatt-paa-gevinsten\" class=\"imagePosition-top inline hyperion-css-6238vu\" rel=\"nofollow noopener\" target=\"\" aria-label=\"Jenny Spetalen drar inn over 60 millioner p\u00e5 boligsalg \u2013 slipper skatt p\u00e5 gevinsten\"><\/p>\n<p>Les ogs\u00e5<\/p>\n<p>Jenny Spetalen drar inn over 60 millioner p\u00e5 boligsalg \u2013 slipper skatt p\u00e5 gevinsten<\/p>\n<p><\/a><\/p>\n<p class=\"hyperion-css-1lemvax\">De nye byggene skal etter planen ha hvitmalt vestlandskledning og pusset grunnmur. Terrassen skal pusses eller kles med naturstein.<\/p>\n<p class=\"hyperion-css-1lemvax\">If\u00f8lge DN har Burud lagt ut en toppleilighet p\u00e5 Frogner for salg hvor prisantydningen f\u00f8rst var p\u00e5 34,5 millioner kroner, men siden er redusert til 31,9 millioner kroner. Annonsen er n\u00e5 inaktiv, skriver avisen.<\/p>\n<p><a data-test-tag=\"teaser-small:link-internal\" href=\"https:\/\/e24.no\/naeringsliv\/i\/43jMoE\/milliardaerarving-katharina-andresen-har-blitt-mor\" class=\"imagePosition-top inline hyperion-css-6238vu\" rel=\"nofollow noopener\" target=\"\" aria-label=\"Milliard\u00e6rarving Katharina Andresen har blitt mor\"><\/p>\n<p>Les ogs\u00e5<\/p>\n<p>Milliard\u00e6rarving Katharina Andresen har blitt mor<\/p>\n<p><\/a><a data-test-tag=\"teaser-small:link-internal\" href=\"https:\/\/e24.no\/norsk-oekonomi\/i\/0pnEqo\/eiendom-norge-tror-boligprisene-vil-stige-med-6-prosent-i-2026\" class=\"imagePosition-top inline hyperion-css-6238vu\" rel=\"nofollow noopener\" target=\"\" aria-label=\"Eiendom Norge tror boligprisene vil stige med 6 prosent i 2026\"><\/p>\n<p>Les ogs\u00e5<\/p>\n<p>Eiendom Norge tror boligprisene vil stige med 6 prosent i 2026<\/p>\n<p><\/a><a data-test-tag=\"teaser-small:link-internal\" href=\"https:\/\/e24.no\/naeringsliv\/i\/XMwRl7\/boligprosjekt-stanses-etter-svakt-salg-svaert-krevende\" class=\"imagePosition-top inline hyperion-css-6238vu\" rel=\"nofollow noopener\" target=\"\" aria-label=\"Boligprosjekt stanses etter svakt salg: \u2013 Sv\u00e6rt krevende\"><\/p>\n<p>Les ogs\u00e5<\/p>\n<p>Boligprosjekt stanses etter svakt salg: \u2013 Sv\u00e6rt krevende<\/p>\n<p><\/a><\/p>\n","protected":false},"excerpt":{"rendered":"Bettina Burud (29) og Emil Iversen (34) vil bygge ny bolig p\u00e5 Snar\u00f8ya-eiendommen, som kostet over 70 millioner.&hellip;\n","protected":false},"author":2,"featured_media":118013,"comment_status":"","ping_status":"","sticky":false,"template":"","format":"standard","meta":{"footnotes":""},"categories":[5],"tags":[20,21,24,25,15,19,22,23,17,18,13,30,28,29,14,16,26,27],"class_list":{"0":"post-118012","1":"post","2":"type-post","3":"status-publish","4":"format-standard","5":"has-post-thumbnail","7":"category-overskrifter","8":"tag-breaking-news","9":"tag-breakingnews","10":"tag-featured-news","11":"tag-featurednews","12":"tag-headlines","13":"tag-hovedoppslag","14":"tag-latest-news","15":"tag-latestnews","16":"tag-main-news","17":"tag-mainnews","18":"tag-news","19":"tag-no","20":"tag-norge","21":"tag-norway","22":"tag-nyheter","23":"tag-overskrifter","24":"tag-top-stories","25":"tag-topstories"},"share_on_mastodon":{"url":"https:\/\/pubeurope.com\/@no\/115750982455973728","error":""},"_links":{"self":[{"href":"https:\/\/www.europesays.com\/no\/wp-json\/wp\/v2\/posts\/118012","targetHints":{"allow":["GET"]}}],"collection":[{"href":"https:\/\/www.europesays.com\/no\/wp-json\/wp\/v2\/posts"}],"about":[{"href":"https:\/\/www.europesays.com\/no\/wp-json\/wp\/v2\/types\/post"}],"author":[{"embeddable":true,"href":"https:\/\/www.europesays.com\/no\/wp-json\/wp\/v2\/users\/2"}],"replies":[{"embeddable":true,"href":"https:\/\/www.europesays.com\/no\/wp-json\/wp\/v2\/comments?post=118012"}],"version-history":[{"count":0,"href":"https:\/\/www.europesays.com\/no\/wp-json\/wp\/v2\/posts\/118012\/revisions"}],"wp:featuredmedia":[{"embeddable":true,"href":"https:\/\/www.europesays.com\/no\/wp-json\/wp\/v2\/media\/118013"}],"wp:attachment":[{"href":"https:\/\/www.europesays.com\/no\/wp-json\/wp\/v2\/media?parent=118012"}],"wp:term":[{"taxonomy":"category","embeddable":true,"href":"https:\/\/www.europesays.com\/no\/wp-json\/wp\/v2\/categories?post=118012"},{"taxonomy":"post_tag","embeddable":true,"href":"https:\/\/www.europesays.com\/no\/wp-json\/wp\/v2\/tags?post=118012"}],"curies":[{"name":"wp","href":"https:\/\/api.w.org\/{rel}","templated":true}]}}