{"id":118018,"date":"2025-12-20T08:43:20","date_gmt":"2025-12-20T08:43:20","guid":{"rendered":"https:\/\/www.europesays.com\/no\/118018\/"},"modified":"2025-12-20T08:43:20","modified_gmt":"2025-12-20T08:43:20","slug":"det-er-to-dager-som-skiller-seg-ut-pa-flyplassen-i-jula-itromso-no","status":"publish","type":"post","link":"https:\/\/www.europesays.com\/no\/118018\/","title":{"rendered":"(+) Det er to dager som skiller seg ut p\u00e5 flyplassen i jula &#8211; itromso.no"},"content":{"rendered":"<ol>\n<li><a href=\"https:\/\/news.google.com\/rss\/articles\/CBMikwFBVV95cUxOZExrWVpEZDg3M1ZEQkdSWE9BU1dpMVV6MGtYeUo3VjlPZFF1QlJQckZxMkxad0dIX2hCOHc1TnNOTWR3a0p5T0VFeGVVQnRydkRTMGxsQ0JIaTU0a3EyOXpmcUFGc2J4M1ROUWJWYWhtU2VMVmZCdjRYLVYzTlVSRExDUzJOSWdPUDlJWTVmckM1YWM?oc=5\" target=\"_blank\" rel=\"nofollow noopener\">(+) Det er to dager som skiller seg ut p\u00e5 flyplassen i jula<\/a>&nbsp;&nbsp;itromso.no<\/li>\n<li><a href=\"https:\/\/news.google.com\/rss\/articles\/CBMifEFVX3lxTE5ONE5UcEh6SXVjZnRLaUszdy10R29waUY5TkFCV0RvbFFWRGxCTUg5OHJiNnpSMFU5bzJtcEJwZlVHamFzSGdxRVhGTGoyQlMxSDZiLVczVFVRR1BGdWZ6MWVXNGtJb285eEg5Z21lZG5MbkVGeXlhVkhRQ0g?oc=5\" target=\"_blank\" rel=\"nofollow noopener\">&#8211; Mange undervurderer risikoen<\/a>&nbsp;&nbsp;DinSide<\/li>\n<li><a href=\"https:\/\/news.google.com\/rss\/articles\/CBMifEFVX3lxTE9QcC1kNVctQ181ME5hYkdUNTJpZ1U1ejF6RTU4N1BFa01iSnRNWU5mS3dXYXpKS2hCNnFoQUNkTHJWN2lrV0pzTl9rN1dvbUZpVFJKYko3ZlZyQUZVRTdIUUhHSVlldUlTSkRiOWFEYUZDVGZ3VG9VUURLaGU?oc=5\" target=\"_blank\" rel=\"nofollow noopener\">Travelt p\u00e5 Torp f\u00f8r jul<\/a>&nbsp;&nbsp;NRK<\/li>\n<li><a href=\"https:\/\/news.google.com\/rss\/articles\/CBMiuAFBVV95cUxPUkdmU2J0ZXliMjNrY3NieGVKa0JDSk92X0VRQmpzWUVoeWwtSnNoYVhPZy1ISnNnQThKb0g0ZmhnZzdkc19ORVRTdFFleFJzZlM2amJHTjIzb1NXbmNQSWtfMXVZWkdtZFZUSWdodF82TDhJcWMzTHQ5NUVqWXoxYzNRZkFqQlBJYjRFcXRNVkJndV9IdURXRi1GSnI1NnphQU5zOEx0QTVrS0JFSGQtR29SbUozQ3FU?oc=5\" target=\"_blank\" rel=\"nofollow noopener\">Julens travleste dag p\u00e5 norske flyplasser: \u2013 Ingen store utfordringer<\/a>&nbsp;&nbsp;adressa.no<\/li>\n<li><a href=\"https:\/\/news.google.com\/rss\/articles\/CBMijgFBVV95cUxOTTB0bTNIUm03allzNHZmSC1QbGwtTG5qVXJnT2hrMzhvd0lzWWRKT1BSR2NreDR5bzRMc19vNVVnM1FxTTBCS1Q4TEw0b3lsY3hGc2Q5dDR1TjFpMzVuOGpyTldlTEEtempYWmJrMDNkVDRSN1JVVmtIVmVWRkJPNlNPaGdJZEl6eF93XzhB?oc=5\" target=\"_blank\" rel=\"nofollow noopener\">Bergen Lufthavn Flesland, Helge Eidsnes | Vekterne p\u00e5 Flesland \u00f8nsker ikke \u00e5 v\u00e6re julens \u00abGrinch\u00bb<\/a>&nbsp;&nbsp;Bergensavisen<\/li>\n<\/ol>\n","protected":false},"excerpt":{"rendered":"(+) Det er to dager som skiller seg ut p\u00e5 flyplassen i jula&nbsp;&nbsp;itromso.no &#8211; Mange undervurderer risikoen&nbsp;&nbsp;DinSide Travelt&hellip;\n","protected":false},"author":2,"featured_media":118019,"comment_status":"","ping_status":"","sticky":false,"template":"","format":"standard","meta":{"footnotes":""},"categories":[5],"tags":[20,21,24,25,2582,6693,15,19,5593,22,23,17,18,13,30,28,29,14,16,26,27],"class_list":{"0":"post-118018","1":"post","2":"type-post","3":"status-publish","4":"format-standard","5":"has-post-thumbnail","7":"category-overskrifter","8":"tag-breaking-news","9":"tag-breakingnews","10":"tag-featured-news","11":"tag-featurednews","12":"tag-flyplass","13":"tag-flytrafikk","14":"tag-headlines","15":"tag-hovedoppslag","16":"tag-jul","17":"tag-latest-news","18":"tag-latestnews","19":"tag-main-news","20":"tag-mainnews","21":"tag-news","22":"tag-no","23":"tag-norge","24":"tag-norway","25":"tag-nyheter","26":"tag-overskrifter","27":"tag-top-stories","28":"tag-topstories"},"share_on_mastodon":{"url":"https:\/\/pubeurope.com\/@no\/115751013784955177","error":""},"_links":{"self":[{"href":"https:\/\/www.europesays.com\/no\/wp-json\/wp\/v2\/posts\/118018","targetHints":{"allow":["GET"]}}],"collection":[{"href":"https:\/\/www.europesays.com\/no\/wp-json\/wp\/v2\/posts"}],"about":[{"href":"https:\/\/www.europesays.com\/no\/wp-json\/wp\/v2\/types\/post"}],"author":[{"embeddable":true,"href":"https:\/\/www.europesays.com\/no\/wp-json\/wp\/v2\/users\/2"}],"replies":[{"embeddable":true,"href":"https:\/\/www.europesays.com\/no\/wp-json\/wp\/v2\/comments?post=118018"}],"version-history":[{"count":0,"href":"https:\/\/www.europesays.com\/no\/wp-json\/wp\/v2\/posts\/118018\/revisions"}],"wp:featuredmedia":[{"embeddable":true,"href":"https:\/\/www.europesays.com\/no\/wp-json\/wp\/v2\/media\/118019"}],"wp:attachment":[{"href":"https:\/\/www.europesays.com\/no\/wp-json\/wp\/v2\/media?parent=118018"}],"wp:term":[{"taxonomy":"category","embeddable":true,"href":"https:\/\/www.europesays.com\/no\/wp-json\/wp\/v2\/categories?post=118018"},{"taxonomy":"post_tag","embeddable":true,"href":"https:\/\/www.europesays.com\/no\/wp-json\/wp\/v2\/tags?post=118018"}],"curies":[{"name":"wp","href":"https:\/\/api.w.org\/{rel}","templated":true}]}}