{"id":118027,"date":"2025-12-20T09:01:50","date_gmt":"2025-12-20T09:01:50","guid":{"rendered":"https:\/\/www.europesays.com\/no\/118027\/"},"modified":"2025-12-20T09:01:50","modified_gmt":"2025-12-20T09:01:50","slug":"gjovik-trafikk-mann-i-50-arene-domt-for-drap-pa-trond-jensen","status":"publish","type":"post","link":"https:\/\/www.europesays.com\/no\/118027\/","title":{"rendered":"Gj\u00f8vik, Trafikk | Mann i 50-\u00e5rene d\u00f8mt for drap p\u00e5 Trond Jensen"},"content":{"rendered":"\n<p>Trond Jensen (76) fra Gj\u00f8vik d\u00f8de da seilb\u00e5ten hans ble p\u00e5kj\u00f8rt av en annen b\u00e5t, hvor en mann i 50-\u00e5rene var sj\u00e5f\u00f8r, i Oslofjorden i juni i fjor.<\/p>\n<p>N\u00e5 er mannen i 50-\u00e5rene d\u00f8mt for grovt uaktsomt drap fordi han ikke var tilstrekkelige aktsom under kj\u00f8ringen.<\/p>\n<p>\u2013 Mens han kj\u00f8rte b\u00e5ten, brukte tiltalte ogs\u00e5 datingappen Tinder p\u00e5 mobilen. Tinder er registrert \u00e5pnet klokken 12.38, og registrert brukt frem til ulykkestidspunktet, heter det i dommen.<\/p>\n<p>Pr\u00f8vde \u00e5 hjelpe<\/p>\n<p>Det heter videre at retten oppfatter at mannen i 50-\u00e5rene ikke hadde oppmerksomheten der han burde. If\u00f8lge etterforskningen skal den n\u00e5 d\u00f8mte mannen ha hatt 73 aktiviteter p\u00e5 Tinder i l\u00f8pet av 14 minutter i forkant av kollisjonen.<\/p>\n<p>\u2013 Bruken er aktiv, hyppig og kontinuerlig, heter det fra Asker og B\u00e6rum tingrett.<\/p>\n<p>Det er beskrevet at aktiviteten varierer mellom sveiping, hvor det fremg\u00e5r at tiltalte hadde hver profil oppe i omtrent 4-5 sekunder, og profilbes\u00f8k hvor det fremg\u00e5r at tiltalte var inne p\u00e5 profilen i rundt 20 sekunder hver.<\/p>\n<p>Jensen d\u00f8de momentant av skadene han ble p\u00e5f\u00f8rt i kollisjonen. Etter kollisjonen pr\u00f8vde mannen i 50-\u00e5rene \u00e5 hjelpe Jensen, uten at det nyttet. Han skal ha klatret over i seilb\u00e5ten, og s\u00f8rget for at han ikke falt i sj\u00f8en. B\u00e5ten tok p\u00e5 det tidspunktet inn mye vann.<\/p>\n<p>\u2013 Tiltalte skj\u00f8nte ikke hva han hadde truffet. Han trodde f\u00f8rst det var et skj\u00e6r eller en t\u00f8mmerstokk, heter det fra dommen.<\/p>\n<p>  <a href=\"https:\/\/www.oa.no\/5-35-2196347\" class=\"related-teaser has-image default-story-teaser article--c-eRUmMG article--c-eRUmMG-jKCPdD-design-default\" rel=\"nofollow noopener\" target=\"_blank\"><\/p>\n<p>    <img decoding=\"async\" loading=\"lazy\"  src=\"https:\/\/www.europesays.com\/no\/wp-content\/uploads\/2025\/12\/1766221310_960_NODETARNE1.jpg\" alt=\"\" class=\"brick-c-cFOWSL\" style=\"\"\/><\/p>\n<p>\n            Les ogs\u00e5<\/p>\n<p>              Tiltalt b\u00e5tf\u00f8rer satt p\u00e5 Tinder f\u00f8r d\u00f8dskr\u00e6sjen med Trond (75)\n        <\/p>\n<p>  <\/a><br \/>\n  F\u00e5r fengselsstraff<\/p>\n<p>Tiltalte ga i retten en forklaring om at han selv mente han var aktsom under kj\u00f8ringen, men at det var uheldige omstendigheter som s\u00f8rget for at det endte i en kollisjon.<\/p>\n<p>\u2013 Jeg har god erfaring med denne typen b\u00e5t, og jeg f\u00f8ler meg komfortabel med \u00e5 kj\u00f8re dem, forklarte han.<\/p>\n<p>Unders\u00f8kelser fra Sj\u00f8fartsdirektoratet mener at b\u00e5tene kunne se hverandre i seks minutter f\u00f8r kollisjonen.<\/p>\n<p>Retten har kommet til at mannen skal d\u00f8mmes til seks m\u00e5neders fengselsstraff for overtredelse av straffeloven og sm\u00e5b\u00e5tloven. Han er ogs\u00e5 d\u00f8mt til tap av retten til \u00e5 kj\u00f8re b\u00e5t i tre og et halvt \u00e5r.<\/p>\n<p>M\u00e5 betale erstatning<\/p>\n<p>Trond Jensen etterlot seg en kone og tre d\u00f8tre. Han er d\u00f8mt til \u00e5 betale oppreisningserstatning til alle de fire etterlatte p\u00e5 150.000 kroner hver.<\/p>\n<p>Til <a href=\"https:\/\/www.vg.no\/nyheter\/i\/n1aa4d\/doemt-etter-doedsulykke-paa-sjoeen-baatfoerer-brukte-tinder-da-han-kolliderte\" rel=\"Follow nofollow noopener\" target=\"_blank\">VG<\/a> sier bistandsadvokat Helge Hartz at familien er forn\u00f8yd med dommen som kom fredag.<\/p>\n<p>\u2013 Dommen er grundig og mine klienter er forn\u00f8yd med at retten enstemmig har konkludert med at tiltalte har opptr\u00e5dt grovt uaktsomt. Tiltaltes opptreden den aktuelle dagen medf\u00f8rte et uerstattelig tap for mine klienter, noe de m\u00e5 l\u00e6re seg \u00e5 leve med resten av livet, sier han til avisen.<\/p>\n<p>Familien har s\u00e5 langt ikke \u00f8nsket \u00e5 kommentere saken til Oppland Arbeiderblad.<\/p>\n<p>  <a href=\"https:\/\/www.oa.no\/5-35-1955885\" class=\"related-teaser has-image default-story-teaser article--c-eRUmMG article--c-eRUmMG-jKCPdD-design-default\" rel=\"nofollow noopener\" target=\"_blank\"><\/p>\n<p>    <img decoding=\"async\" loading=\"lazy\"  src=\"https:\/\/www.europesays.com\/no\/wp-content\/uploads\/2025\/12\/DSC_0845.JPG\" alt=\"\" class=\"brick-c-cFOWSL\" style=\"\"\/><\/p>\n<p>\n            Les ogs\u00e5<\/p>\n<p>              Seilb\u00e5tmilj\u00f8et p\u00e5 Gj\u00f8vik s\u00f8rger etter tapet av Trond (75)\n        <\/p>\n<p>  <\/a><\/p>\n","protected":false},"excerpt":{"rendered":"Trond Jensen (76) fra Gj\u00f8vik d\u00f8de da seilb\u00e5ten hans ble p\u00e5kj\u00f8rt av en annen b\u00e5t, hvor en mann&hellip;\n","protected":false},"author":2,"featured_media":118028,"comment_status":"","ping_status":"","sticky":false,"template":"","format":"standard","meta":{"footnotes":""},"categories":[5],"tags":[36,20,21,24,25,1088,15,19,148,22,23,17,18,13,30,28,29,14,16,1510,26,27,224],"class_list":{"0":"post-118027","1":"post","2":"type-post","3":"status-publish","4":"format-standard","5":"has-post-thumbnail","7":"category-overskrifter","8":"tag-art","9":"tag-breaking-news","10":"tag-breakingnews","11":"tag-featured-news","12":"tag-featurednews","13":"tag-gjovik","14":"tag-headlines","15":"tag-hovedoppslag","16":"tag-kriminalitet","17":"tag-latest-news","18":"tag-latestnews","19":"tag-main-news","20":"tag-mainnews","21":"tag-news","22":"tag-no","23":"tag-norge","24":"tag-norway","25":"tag-nyheter","26":"tag-overskrifter","27":"tag-story","28":"tag-top-stories","29":"tag-topstories","30":"tag-trafikk"},"share_on_mastodon":{"url":"https:\/\/pubeurope.com\/@no\/115751088734002236","error":""},"_links":{"self":[{"href":"https:\/\/www.europesays.com\/no\/wp-json\/wp\/v2\/posts\/118027","targetHints":{"allow":["GET"]}}],"collection":[{"href":"https:\/\/www.europesays.com\/no\/wp-json\/wp\/v2\/posts"}],"about":[{"href":"https:\/\/www.europesays.com\/no\/wp-json\/wp\/v2\/types\/post"}],"author":[{"embeddable":true,"href":"https:\/\/www.europesays.com\/no\/wp-json\/wp\/v2\/users\/2"}],"replies":[{"embeddable":true,"href":"https:\/\/www.europesays.com\/no\/wp-json\/wp\/v2\/comments?post=118027"}],"version-history":[{"count":0,"href":"https:\/\/www.europesays.com\/no\/wp-json\/wp\/v2\/posts\/118027\/revisions"}],"wp:featuredmedia":[{"embeddable":true,"href":"https:\/\/www.europesays.com\/no\/wp-json\/wp\/v2\/media\/118028"}],"wp:attachment":[{"href":"https:\/\/www.europesays.com\/no\/wp-json\/wp\/v2\/media?parent=118027"}],"wp:term":[{"taxonomy":"category","embeddable":true,"href":"https:\/\/www.europesays.com\/no\/wp-json\/wp\/v2\/categories?post=118027"},{"taxonomy":"post_tag","embeddable":true,"href":"https:\/\/www.europesays.com\/no\/wp-json\/wp\/v2\/tags?post=118027"}],"curies":[{"name":"wp","href":"https:\/\/api.w.org\/{rel}","templated":true}]}}