{"id":118031,"date":"2025-12-20T09:08:22","date_gmt":"2025-12-20T09:08:22","guid":{"rendered":"https:\/\/www.europesays.com\/no\/118031\/"},"modified":"2025-12-20T09:08:22","modified_gmt":"2025-12-20T09:08:22","slug":"arthur-arntzen-dodsfall-arthur-arntzen-har-gatt-bort","status":"publish","type":"post","link":"https:\/\/www.europesays.com\/no\/118031\/","title":{"rendered":"Arthur Arntzen, D\u00f8dsfall | Arthur Arntzen har g\u00e5tt bort"},"content":{"rendered":"\n<p>(<a href=\"https:\/\/www.nordlys.no\/arthur-arntzen-har-gatt-bort\/s\/5-34-2263267\" rel=\"Follow nofollow noopener\" target=\"_blank\">Nordlys<\/a>): Arthur Arntzen er g\u00e5tt bort. Mannen som for alltid vil forbindes med karakteren Oluf ble 88 \u00e5r gammel.<\/p>\n<p>Arntzen d\u00f8de fredag morgen p\u00e5 Otium bo- og velferdssenter med familien rundt seg. Han etterlater seg kona Randi og barna Kathrine, Geir og Kjetil.<\/p>\n<p>Arthur Andreas Arntzen ble f\u00f8dt 10. mai 1937. Han vokste opp i fattige k\u00e5r, noe han selv beskrev i selvbiografien \u00abSm\u00e5karer under frostm\u00e5ne\u00bb.<\/p>\n<p>Arthur Arntzen var b\u00e5de journalist, revyartist og forfatter. Han gjorde nordnorsk humor til allemannseie gjennom b\u00f8ker, plater, teater og TV.<\/p>\n<p>Han startet som journalist i avisa Troms\u00f8 i 1960, og senere Lofotposten og Dagbladet frem til 1989.<\/p>\n<p>Den f\u00f8rste boka om Oluf Rallkattli kom ut i 1967. Da hadde Arntzen allerede lenge opptr\u00e5dt med Oluf med skinnlua. Figuren hadde han hatt med seg fra tida i ungdomslaget Freidig i Tromsdalen. Inspirasjonen til figuren kom blant annet tida hans som g\u00e5rdsgutt p\u00e5 en g\u00e5rd i Balsfjord.<\/p>\n<p>B\u00f8kene om Oluf har solgt i over 700.000 eksemplarer. <\/p>\n<p>Oluf ble ogs\u00e5 utgitt i LP og kassettform med et salg p\u00e5 over 500.000 eksemplarer.<\/p>\n<p>Med \u00abDen ford\u00f8mte nordlendingen\u00bb, satt i scene av H\u00e5logaland Teater, opplevde kanskje Arntzen sin st\u00f8rste suksess noensinne. Han var ferdig med \u00abOluf\u00bb, men comebacket til scene ble en parademarsj. Arthur Arntzen, John Sigurd Kristensen, Kristian Fr. Figenschow jr. og Finn Arve S\u00f8rb\u00f8e sjarmerte hele Norge med historiene om nordlendingene b\u00e5de p\u00e5 hjemmebane og i riksmedia. \u00abFord\u00f8mt morsomt\u00bb mente Hans Rossin\u00e9 hos hans tidligere arbeidsgiver Dagbladet. I anmeldelsen skrev han blant annet: \u00abLykkelig v\u00e6re alle nordlendinger som har humorister av Arthur Arntzens kaliber blant seg. Sammen med tre uts\u00f8kt vittige v\u00e5pendragere gj\u00f8r Kong Arthur rent bord i Norges sannsynligvis morsomste forestilling akkurat n\u00e5.\u00bb<\/p>\n<p>VG omtalte han som \u00abHumorkongen\u00bb.<\/p>\n<p>If\u00f8lge HT er \u00abDen ford\u00f8mte nordlendingen\u00bb teaterets st\u00f8rste suksess noensinne med over 100.000 publikummere.<\/p>\n<p>Det er ogs\u00e5 utgitt flere b\u00f8ker om Arntzen.<\/p>\n<p>Arntzen snakket i 2018 til VG om demens-sykdommen.<\/p>\n","protected":false},"excerpt":{"rendered":"(Nordlys): Arthur Arntzen er g\u00e5tt bort. Mannen som for alltid vil forbindes med karakteren Oluf ble 88 \u00e5r&hellip;\n","protected":false},"author":2,"featured_media":118032,"comment_status":"","ping_status":"","sticky":false,"template":"","format":"standard","meta":{"footnotes":""},"categories":[5],"tags":[36,14133,20,21,576,24,25,15,19,22,23,17,18,13,30,2698,28,29,14,16,1510,26,27],"class_list":{"0":"post-118031","1":"post","2":"type-post","3":"status-publish","4":"format-standard","5":"has-post-thumbnail","7":"category-overskrifter","8":"tag-art","9":"tag-arthur-arntzen","10":"tag-breaking-news","11":"tag-breakingnews","12":"tag-dodsfall","13":"tag-featured-news","14":"tag-featurednews","15":"tag-headlines","16":"tag-hovedoppslag","17":"tag-latest-news","18":"tag-latestnews","19":"tag-main-news","20":"tag-mainnews","21":"tag-news","22":"tag-no","23":"tag-nord-norge","24":"tag-norge","25":"tag-norway","26":"tag-nyheter","27":"tag-overskrifter","28":"tag-story","29":"tag-top-stories","30":"tag-topstories"},"share_on_mastodon":{"url":"https:\/\/pubeurope.com\/@no\/115751112099516414","error":""},"_links":{"self":[{"href":"https:\/\/www.europesays.com\/no\/wp-json\/wp\/v2\/posts\/118031","targetHints":{"allow":["GET"]}}],"collection":[{"href":"https:\/\/www.europesays.com\/no\/wp-json\/wp\/v2\/posts"}],"about":[{"href":"https:\/\/www.europesays.com\/no\/wp-json\/wp\/v2\/types\/post"}],"author":[{"embeddable":true,"href":"https:\/\/www.europesays.com\/no\/wp-json\/wp\/v2\/users\/2"}],"replies":[{"embeddable":true,"href":"https:\/\/www.europesays.com\/no\/wp-json\/wp\/v2\/comments?post=118031"}],"version-history":[{"count":0,"href":"https:\/\/www.europesays.com\/no\/wp-json\/wp\/v2\/posts\/118031\/revisions"}],"wp:featuredmedia":[{"embeddable":true,"href":"https:\/\/www.europesays.com\/no\/wp-json\/wp\/v2\/media\/118032"}],"wp:attachment":[{"href":"https:\/\/www.europesays.com\/no\/wp-json\/wp\/v2\/media?parent=118031"}],"wp:term":[{"taxonomy":"category","embeddable":true,"href":"https:\/\/www.europesays.com\/no\/wp-json\/wp\/v2\/categories?post=118031"},{"taxonomy":"post_tag","embeddable":true,"href":"https:\/\/www.europesays.com\/no\/wp-json\/wp\/v2\/tags?post=118031"}],"curies":[{"name":"wp","href":"https:\/\/api.w.org\/{rel}","templated":true}]}}