{"id":118035,"date":"2025-12-20T09:14:19","date_gmt":"2025-12-20T09:14:19","guid":{"rendered":"https:\/\/www.europesays.com\/no\/118035\/"},"modified":"2025-12-20T09:14:19","modified_gmt":"2025-12-20T09:14:19","slug":"beredskap-sivil-beredskap-beredskap-ma-rive-14-bruer-og-bygge-nye","status":"publish","type":"post","link":"https:\/\/www.europesays.com\/no\/118035\/","title":{"rendered":"Beredskap, Sivil beredskap | Beredskap: M\u00e5 rive 14 bruer og bygge nye"},"content":{"rendered":"\n<p>14 bruer p\u00e5 viktige veier for milit\u00e6r transport i Norge m\u00e5 forsterkes eller rives og bygges opp igjen med tilstrekkelig bredde og b\u00e6reevne. Det er ett av tiltakene n\u00e5r Norge skal gj\u00f8res mer motstandsdyktig.<\/p>\n<p>\u2013 I statsbudsjettet som ble vedtatt p\u00e5 Stortinget onsdag er det satt av penger til fylkeskommunene for \u00e5 starte eller videref\u00f8re arbeidene p\u00e5 fem bruer p\u00e5 fylkesveinettet som er viktige for forsvarets behov, tre av disse ligger i Nord-Norge. Disse fem bruene er blant de 14 som er prioritert i Nasjonal transportplan for styrking av milit\u00e6r mobilitet og samfunnssikkerhet p\u00e5 veiomr\u00e5det, sier samferdselsminister Jon-Ivar Nyg\u00e5rd (Ap) til Nettavisen.<\/p>\n<p>Bel\u00f8pet som er satt av i denne omgang er 102 millioner kroner.<\/p>\n<p>De 14 bruene som er listet opp i Nasjonal transportplan ligger p\u00e5 fylkesveinettet i Buskerud, Innlandet, Tr\u00f8ndelag, Troms og Vestland fylkeskommuner. (Se faktaboks)<\/p>\n<p>            M\u00e5 sikre b\u00e6reevne p\u00e5 kritiske bruer<\/p>\n<p>I <a href=\"https:\/\/www.regjeringen.no\/no\/dokumenter\/meld.-st.-14-20232024\/id3030714\/\" target=\"_self\" rel=\"Follow nofollow noopener\">Nasjonal transportplan for perioden 2025-2036<\/a> har St\u00f8re-regjeringen prioritert en rekke tiltak for \u00e5 styrke milit\u00e6r mobilitet og samfunnssikkerhet p\u00e5 veiomr\u00e5det.<\/p>\n<p>B\u00e6reevne p\u00e5 kritiske bruer og fysiske sikringstiltak p\u00e5 konkrete veiobjekter p\u00e5 riksveinettet st\u00e5r sentralt.<\/p>\n<p>Det er identifisert behov for \u00e5 oppgradere 14 kritiske bruer p\u00e5 fylkesveinettet i Buskerud, Innlandet, Tr\u00f8ndelag, Troms og Vestland fylkeskommuner.<\/p>\n<p>I statsbudsjettet for 2026, som n\u00e5 er vedtatt i Stortinget, er det satt av 102 millioner kroner til en avgrenset \u00f8remerket ordning for tilskudd til fylkeskommunene for \u00e5 ruste opp disse bruene.<\/p>\n<p>Bakgrunnen er at veinettet m\u00e5 t\u00e5le mottak og transitt av allierte styrker som skal videre til Finland og Sverige. De to landene ble Nato-medlemmer i henholdsvis 2023 og 2024.<\/p>\n<p>I Nasjonal transportplan (NTP) pekes det p\u00e5 flere eldre bruer som er i ferd med \u00e5 n\u00e5 sin tekniske levealder, men hvor fremkommelighet for n\u00e6ringsliv og befolkning er viktig.<\/p>\n<p>Sv\u00e6rt mange av brutiltakene er p\u00e5 E6. Andre bruer som nevnes i NTP er p\u00e5 riksvei 92 An\u00e1rjohka, Kvalsund bru p\u00e5 riksvei 94 og Tindelva bru p\u00e5 E10.<\/p>\n<ul>\n<li>Brua over An\u00e1rjohka i Karasjok i Finnmark kommune er en del av riksveg 92 fra Dorvonj\u00e1rga over til Garegasnj\u00e1rga i Finland. Dagens bru er fra 1958 og har skader. Brua er allerede prosjektert, og ELY Centre planlegger \u00e5 lyse ut kontrakten for byggearbeidet f\u00f8r nytt\u00e5r, opplyser <a href=\"https:\/\/www.vegvesen.no\/vegprosjekter\/riksveg\/rv92anarjohkabru\/#hvor?-hva?-hvorfor?\" target=\"_self\" rel=\"Follow nofollow noopener\">Statens vegvesen<\/a>.<\/li>\n<li>Kvalsund bru p\u00e5 riksvei 94 er en hengebru som krysser Kvalsundet mellom fastlandet og Kval\u00f8ya i Hammerfest kommune i Finnmark. Brua ble \u00e5pnet i 1977.<\/li>\n<\/ul>\n<p>E10 er pekt p\u00e5 som en viktig grensekryssende forbindelse med Sverige. Her legges det opp til utbedringer som skal sikre \u00f8kt milit\u00e6r mobilitet og bedre fremkommelighet for n\u00e6ringstransport.<\/p>\n<p>  Kraft, digital infrastruktur og transport<\/p>\n<p>St\u00f8re-regjeringen presenterte 15. desember sin<a href=\"https:\/\/www.regjeringen.no\/no\/om-regjeringa\/noverande\/regjeringen-store\/regjeringens-plan-for-norge\/id3142802\/\" rel=\"nofollow noopener\" target=\"_blank\"> Plan for Norge<\/a> der et av hovedpunktene er \u00e5 styrke beredskapen. Regjeringen skal i 2026 utarbeide den f\u00f8rste langtidsplanen for sivil beredskap. Den vil fokusere p\u00e5 de tre kritiske samfunnsomr\u00e5der; kraftforsyning, digital infrastruktur og transport\u00bb.<\/p>\n<p>\u2013 Arbeidet med \u00e5 gj\u00f8re Norge motstandsdyktig og styrke beredskapen er en av regjeringens prioriterte oppgaver i tida framover. Vi vil ha rask fremdrift, og disse tre omr\u00e5dene er prioritert. Dette er grunnleggende funksjoner i samfunnet, enten vi snakker om fredstid, kriser eller krig, sier justis- og beredskapsminister Astri Aas-Hansen (Ap).<\/p>\n<p><b>Les ogs\u00e5: <a class=\"simple-relation related-teaser article--c-eRUmMG article--c-eRUmMG-fZoQSp-design-nettavisen article--c-eRUmMG-gwthdJ-cv\" href=\"https:\/\/www.nettavisen.no\/hele-norge-skal-ove-pa-krig-i-2026\/s\/5-95-2742639\" rel=\"nofollow noopener\" target=\"_blank\">Hele Norge skal \u00f8ve p\u00e5 krig i 2026<\/a><\/b><\/p>\n<p>   <img decoding=\"async\" width=\"3500\" height=\"2334\" fetchpriority=\"low\"  loading=\"lazy\"  src=\"https:\/\/www.europesays.com\/no\/wp-content\/uploads\/2025\/12\/20250522_trip-sg-no_0021.jpg\" alt=\"NATO Secretary General Mark Rutte joins a number of military field activities in Norway\" class=\"brick-c-cFOWSL\" style=\"--brick-image-ratio: 3500 \/ 2334;\"\/><\/p>\n<p>      MILIT\u00c6R MOBILITET: Natos generalsekret\u00e6r Mark Rutte p\u00e5 kj\u00f8retur i Norge i mai i \u00e5r.<br \/>\n      Foto: NATO\n    <\/p>\n<p>  Sivilt og milit\u00e6rt<\/p>\n<p>P\u00e5 omr\u00e5det transport er alts\u00e5 milit\u00e6r mobilitet et viktig stikkord.<\/p>\n<p>\u2013 Her er det heldigvis snakk om dobbel bruk av investeringene. Det vi gj\u00f8r for \u00e5 opprettholde infrastrukturen i sivilt perspektiv betyr ogs\u00e5 mye i milit\u00e6r sammenheng, sier samferdselsministeren.<\/p>\n<p>\u2013 Det er startet et stort arbeid i Nasjonal transportplan 2025-2036. Sammen med Forsvaret skal vi f\u00e5 opp de viktigste tiltakene som skal prioriteres n\u00e5r det gjelder milit\u00e6r mobilitet. Mye handler om samhandling med v\u00e5re naboland Sverige og Finland, og helt konkret dreier det seg om \u00f8st-vest-forbindelsen, at vi skal kunne ta imot allierte styrker og at de raskt skal kunne komme videre til Sverige og Finland.<\/p>\n<p>   <img decoding=\"async\" width=\"5297\" height=\"3439\" fetchpriority=\"low\"  loading=\"lazy\"  src=\"https:\/\/www.europesays.com\/no\/wp-content\/uploads\/2025\/12\/20200312inm_8476.jpg\" alt=\"Milit\u00e6re lastebiler kj\u00f8rer i kolonne over Kjerringvikstraumen i forbindelse med vinter\u00f8velsen Cold Response 2020 *** Local Caption *** Military trucks driving over Kjerringvikstraimen bridge as a part of Cold Response 2020\" class=\"brick-c-cFOWSL\" style=\"--brick-image-ratio: 5297 \/ 3439;\"\/><\/p>\n<p>      B\u00c6REEVNE: Tilstrekkelig b\u00e6reevne p\u00e5 kritiske bruer st\u00e5r h\u00f8yt p\u00e5 agendaen i regjeringens planer for styrket beredskap. Grunnen er at veinettet skal t\u00e5le mottak og transitt av milit\u00e6re styrker i tilfelle krig. Bildet er fra Kjerringvikstraumen i Narvik og er tatt under Cold Response-\u00f8velsen i 2020.<br \/>\n      Foto: Ina Ny\u00e5s Moe\/Forsvaret\n    <\/p>\n<p>  Oppgradering av Ofotbanen<\/p>\n<p>\u2013 Har dere en deadline?<\/p>\n<p>\u2013 Dette er et kontinuerlig arbeid, og mye er i gang. P\u00e5 jernbane satser vi for eksempel p\u00e5 krysningsspor p\u00e5 Kongsvingerbanen, som jo handler om transportlinjen mellom Oslo og Narvik. Vi har videre jobbet med planer for flere krysningsspor p\u00e5 Ofotbanen. Det betyr at den vil kunne ta st\u00f8rre og lengre transporter. For Ofotbanen er det videre snakk om oppgradering til 32,5 tonns akseltrykk. I statsbudsjettet som ble vedtatt p\u00e5 Stortinget denne uken ligger det ogs\u00e5 f\u00f8ringer for E14 i Tr\u00f8ndelag, en annen viktig forbindelse mellom \u00f8st og vest, sier Nyg\u00e5rd.<\/p>\n<p>\u2013 I prosentm\u00e5let Nato satte i sommer, er det snakk om 3,5 prosent av BNP til rene forsvarsutgifter og 1,5 prosent som kan v\u00e6re forsvarsrelaterte utgifter som infrastruktur. Kan de investeringene du snakker om her g\u00e5r inn i dette regnestykket?<\/p>\n<p>\u2013 Ja, noe kan regnes inn i 1,5 prosenten. Regjeringen har satt i gang et arbeid med dette. Vi skal finne ut hvilke type prosjekter som kan inng\u00e5. Transport er \u00e5penbart noe som peker seg ut, men det er for tidlig \u00e5 si om det betyr \u00f8kte budsjetter.<\/p>\n<p>Sentralt i EU-Nato-samarbeid<\/p>\n<p>B\u00e5de i EU og Nato snakkes det varmt om milit\u00e6r mobilitet. EU har lagt fram en strategi for milit\u00e6r mobilitet, <a href=\"https:\/\/defence-industry-space.ec.europa.eu\/eu-defence-industry\/military-mobility_en\" rel=\"Follow nofollow noopener\" target=\"_blank\">Military Mobility Package 2025<\/a>, og Nato omtaler milit\u00e6r mobilitet som <a href=\"https:\/\/www.nato.int\/en\/news-and-events\/articles\/news\/2025\/12\/17\/nato-deputy-secretary-general-attends-nato-eu-meeting-on-military-mobility\" rel=\"Follow nofollow noopener\" target=\"_blank\">en hj\u00f8rnestein i Nato-EU-samarbeidet<\/a> og et viktig element i et bredere transatlantisk sikkerhetssamarbeid.<\/p>\n<p>\u2013 P\u00e5 dette EU-kartet er ikke Norge med enda, men vi jobber med det. Vi m\u00e5 s\u00f8rge for at det ikke oppst\u00e5r nye grensehindre bare fordi vi ikke er med i EU, sier Nyg\u00e5rd.<\/p>\n<p>            EU vil ha et milit\u00e6rt mobilitetsomr\u00e5de innen 2027<\/p>\n<p>EU vil opprette et milit\u00e6rt mobilitetsomr\u00e5de innen 2027. Milit\u00e6r mobilitet beskrives ogs\u00e5 som en hj\u00f8rnestein i samarbeidet mellom EU og Nato.<\/p>\n<p>For \u00e5 kunne flytte en milit\u00e6rkonvoi p\u00e5 tvers av medlemslandene p\u00e5 f\u00e5 dager, erkjenner EU at de m\u00e5 ta skritt mot et \u00abmilit\u00e6rt Schengen\u00bb. Inspirasjonen hentes alts\u00e5 fra Schengen-avtalen for passfrihet og felles yttergrense, en avtale som i dag omfatter 25 EU-land og fire utenforland, Norge inkludert.<\/p>\n<p>19. november 2025 vedtok EU-kommisjonen Milit\u00e6rmobilitetspakken 2025. Her pekes det p\u00e5 n\u00f8dvendige tiltak for rask, koordinert og sikker forflytning av milit\u00e6rt personell og utstyr p\u00e5 tvers av EU.<\/p>\n<p>Pakken skal styrke Europas forsvarsposisjon ved \u00e5 bygge ned barrierer for milit\u00e6r mobilitet. Slike hindre kan v\u00e6re administrative, det kan handle om infrastruktur eller om kapasitet.<\/p>\n<p>Milit\u00e6rmobilitetspakken er utviklingen i n\u00e6rt samarbeid med Den europeiske utenrikstjenesten (EEAS) og Det europeiske forsvarsbyr\u00e5et (EDA). Norge har v\u00e6rt assosiert medlem av EDA siden 2006.<\/p>\n<p>I EUs planer har fire korridorer for milit\u00e6r mobilitet prioritet, og det er identifisert 500 kritisk viktige prosjekter som skal st\u00f8ttes i langtidsbudsjettperioden.<\/p>\n<p>Kritisk infrastruktur med s\u00e5kalt doble bruksomr\u00e5der (milit\u00e6rt og sivilt) skal forbedres. Det dreier seg om havner, flyplasser, broer, tunneller og transportrelatert infrastruktur.<\/p>\n<p>EU og Nato er enige om at rask forflytning av personell, utstyr og forsyninger inn i og p\u00e5 tvers av Europa er uunnv\u00e6rlig for en troverdig avskrekking, effektiv kriserespons og fortsatt st\u00f8tte til Ukraina.<\/p>\n<p>Kilde: <a href=\"https:\/\/defence-industry-space.ec.europa.eu\/eu-defence-industry\/military-mobility_en#towards-a-military-schengen\" target=\"_self\" rel=\"Follow nofollow noopener\"> EU-kommisjonen<\/a> og <a href=\"https:\/\/www.nato.int\/en\/news-and-events\/articles\/news\/2025\/12\/17\/nato-deputy-secretary-general-attends-nato-eu-meeting-on-military-mobility\" target=\"_self\" rel=\"Follow nofollow noopener\">Nato<\/a><\/p>\n<p><b>Les ogs\u00e5: <a class=\"simple-relation related-teaser article--c-eRUmMG article--c-eRUmMG-fZoQSp-design-nettavisen article--c-eRUmMG-gwthdJ-cv\" href=\"https:\/\/www.nettavisen.no\/tyskland-skal-ruste-opp-for-600-milliarder-kroner\/s\/5-95-2785860\" rel=\"nofollow noopener\" target=\"_blank\">Tyskland skal ruste opp for 600 milliarder kroner<\/a><\/b><\/p>\n<p>    Vil du se neste video?<\/p>\n<p>    <a href=\"https:\/\/www.nettavisen.no\/nyheter\/ville-donald-trump-spekulasjoner-det-er-noe-galt\/v\/5-95-2784982\" class=\"recommend-poster\" data-adp-clicklabel=\"video-recommend\" data-adp-clickvalue=\"poster\" rel=\"nofollow noopener\" target=\"_blank\"><br \/>\n      <img decoding=\"async\" width=\"200\" height=\"200\" loading=\"lazy\" src=\"https:\/\/www.europesays.com\/no\/wp-content\/uploads\/2025\/12\/Forvirret+Trump+2.jpg\" alt=\"\" class=\"brick-c-cFOWSL\" style=\"--brick-image-ratio: 200 \/ 200;\"\/><\/p>\n<p>Ville Trump-spekulasjoner: \u2013 Det er noe galt0:57<\/p>\n<p>    <\/a><\/p>\n<p>        Britiske Richard Woodruff opplevde fredag Ukraina-marerittet p\u00e5 n\u00e6rt hold i Odessa.<\/p>\n","protected":false},"excerpt":{"rendered":"14 bruer p\u00e5 viktige veier for milit\u00e6r transport i Norge m\u00e5 forsterkes eller rives og bygges opp igjen&hellip;\n","protected":false},"author":2,"featured_media":118036,"comment_status":"","ping_status":"","sticky":false,"template":"","format":"standard","meta":{"footnotes":""},"categories":[10],"tags":[20,21,24,25,15,22,23,13,30,28,29,14,16,26,27],"class_list":{"0":"post-118035","1":"post","2":"type-post","3":"status-publish","4":"format-standard","5":"has-post-thumbnail","7":"category-norge","8":"tag-breaking-news","9":"tag-breakingnews","10":"tag-featured-news","11":"tag-featurednews","12":"tag-headlines","13":"tag-latest-news","14":"tag-latestnews","15":"tag-news","16":"tag-no","17":"tag-norge","18":"tag-norway","19":"tag-nyheter","20":"tag-overskrifter","21":"tag-top-stories","22":"tag-topstories"},"share_on_mastodon":{"url":"https:\/\/pubeurope.com\/@no\/115751136310205418","error":""},"_links":{"self":[{"href":"https:\/\/www.europesays.com\/no\/wp-json\/wp\/v2\/posts\/118035","targetHints":{"allow":["GET"]}}],"collection":[{"href":"https:\/\/www.europesays.com\/no\/wp-json\/wp\/v2\/posts"}],"about":[{"href":"https:\/\/www.europesays.com\/no\/wp-json\/wp\/v2\/types\/post"}],"author":[{"embeddable":true,"href":"https:\/\/www.europesays.com\/no\/wp-json\/wp\/v2\/users\/2"}],"replies":[{"embeddable":true,"href":"https:\/\/www.europesays.com\/no\/wp-json\/wp\/v2\/comments?post=118035"}],"version-history":[{"count":0,"href":"https:\/\/www.europesays.com\/no\/wp-json\/wp\/v2\/posts\/118035\/revisions"}],"wp:featuredmedia":[{"embeddable":true,"href":"https:\/\/www.europesays.com\/no\/wp-json\/wp\/v2\/media\/118036"}],"wp:attachment":[{"href":"https:\/\/www.europesays.com\/no\/wp-json\/wp\/v2\/media?parent=118035"}],"wp:term":[{"taxonomy":"category","embeddable":true,"href":"https:\/\/www.europesays.com\/no\/wp-json\/wp\/v2\/categories?post=118035"},{"taxonomy":"post_tag","embeddable":true,"href":"https:\/\/www.europesays.com\/no\/wp-json\/wp\/v2\/tags?post=118035"}],"curies":[{"name":"wp","href":"https:\/\/api.w.org\/{rel}","templated":true}]}}