{"id":118047,"date":"2025-12-20T09:34:10","date_gmt":"2025-12-20T09:34:10","guid":{"rendered":"https:\/\/www.europesays.com\/no\/118047\/"},"modified":"2025-12-20T09:34:10","modified_gmt":"2025-12-20T09:34:10","slug":"fire-dode-i-ice-varetekt-den-siste-uken","status":"publish","type":"post","link":"https:\/\/www.europesays.com\/no\/118047\/","title":{"rendered":"Fire d\u00f8de i Ice-varetekt den siste uken"},"content":{"rendered":"\n<p class=\"_lead_o9xde_2 _lead_xtcu6_50 layout-component text-serif-m layout-normal text-serif-l layout-component layout-wide layout-padded _wide_17hqh_1 layout-padded\">Fire mennesker d\u00f8de i varetekt hos USAs innvandringspoliti Ice den siste uken. Dermed har antallet d\u00f8dsfall i \u00e5r n\u00e5dd det h\u00f8yeste niv\u00e5et p\u00e5 to ti\u00e5r.<\/p>\n<p><img alt=\"Soldater fra USAs f\u00f8derale innvandringsmyndighet Ice jakter p\u00e5 innvandrere i Los Angeles-omr\u00e5det.  Foto: Gregory Bull \/ AP \/ NTB\" class=\"_image_qp4xg_65 layout-component layout-wide\" data-fullscreen- data-track-element-type=\"Article image fullscreen\" data-track-name=\"ImageFullscreen\" fetchpriority=\"high\" decoding=\"sync\" loading=\"eager\" height=\"3449\" itemprop=\"image\"  src=\"https:\/\/www.europesays.com\/no\/wp-content\/uploads\/2025\/12\/bc21300e-f6fc-4b1c-975b-40f24de26b74\"  style=\"object-position:0% 0%\" width=\"5173\"\/>Soldater fra USAs f\u00f8derale innvandringsmyndighet Ice jakter p\u00e5 innvandrere i Los Angeles-omr\u00e5det.  Foto: Gregory Bull \/ AP \/ NTB<\/p>\n<ul aria-hidden=\"true\" class=\"_images_ntbth_112\">\n<li><a class=\"_link_ntbth_117\" href=\"https:\/\/www.vg.no\/forfatter\/ntb\" style=\"z-index:1\" title=\"NTB\" rel=\"nofollow noopener\" target=\"_blank\"><img alt=\"Bilde av NTB\" class=\"_image_ntbth_93\" fetchpriority=\"low\" loading=\"lazy\" decoding=\"async\" itemprop=\"image\"  src=\"https:\/\/www.europesays.com\/no\/wp-content\/uploads\/2025\/12\/1766223250_164_c33980b0-5d07-4027-84a1-813f90a7c8d6\"  width=\"480\"\/><\/a><\/li>\n<\/ul>\n<p> Oppdatert l\u00f8rdag 20. desember kl. 08:46     <\/p>\n<p class=\"_paragraph_o9xde_4 _paragraph_xtcu6_10 layout-component text-serif-m layout-normal text-serif-m layout-padded\">De fire var fra Haiti, Nicaragua, Eritrea og Bulgaria og d\u00f8de mellom 12. og 15. desember, opplyser <a href=\"https:\/\/www.vg.no\/tag\/ice-2017?utm_source=vg-article&amp;utm_medium=auto-tagger&amp;utm_campaign=m0R140\" class=\"_link_o9xde_39\" rel=\"nofollow noopener\" target=\"_blank\">Ice<\/a> selv. <\/p>\n<p class=\"_paragraph_o9xde_4 _paragraph_xtcu6_10 layout-component text-serif-m layout-normal text-serif-m layout-padded\">D\u00f8dsfallene er fortsatt under etterforskning, men etaten opplyser at to av d\u00f8dsfallene kom av medisinske \u00e5rsaker, mens to antas \u00e5 skyldes naturlige \u00e5rsaker.<\/p>\n<p class=\"_paragraph_o9xde_4 _paragraph_xtcu6_10 layout-component text-serif-m layout-normal text-serif-m layout-padded\">Minst 30 personer har d\u00f8dd i Ice-varetekt i \u00e5r. Totalen for 2025 er det h\u00f8yeste niv\u00e5et siden 2004, if\u00f8lge Ice-statistikk.<\/p>\n<p class=\"_paragraph_o9xde_4 _paragraph_xtcu6_10 layout-component text-serif-m layout-normal text-serif-m layout-padded\">Etaten er sv\u00e6rt omstridt, og utplasseringen av nasjonalgarden og Ice-agenter for \u00e5 p\u00e5gripe migranter i flere byer i USA har utl\u00f8st store protester, blant annet i Washington.<\/p>\n","protected":false},"excerpt":{"rendered":"Fire mennesker d\u00f8de i varetekt hos USAs innvandringspoliti Ice den siste uken. Dermed har antallet d\u00f8dsfall i \u00e5r&hellip;\n","protected":false},"author":2,"featured_media":118048,"comment_status":"","ping_status":"","sticky":false,"template":"","format":"standard","meta":{"footnotes":""},"categories":[12],"tags":[20,21,24,25,15,1403,22,23,13,30,28,29,14,16,26,27,42,43,44,45],"class_list":{"0":"post-118047","1":"post","2":"type-post","3":"status-publish","4":"format-standard","5":"has-post-thumbnail","7":"category-verden","8":"tag-breaking-news","9":"tag-breakingnews","10":"tag-featured-news","11":"tag-featurednews","12":"tag-headlines","13":"tag-ice","14":"tag-latest-news","15":"tag-latestnews","16":"tag-news","17":"tag-no","18":"tag-norge","19":"tag-norway","20":"tag-nyheter","21":"tag-overskrifter","22":"tag-top-stories","23":"tag-topstories","24":"tag-verden","25":"tag-world","26":"tag-world-news","27":"tag-worldnews"},"share_on_mastodon":{"url":"https:\/\/pubeurope.com\/@no\/115751214836577164","error":""},"_links":{"self":[{"href":"https:\/\/www.europesays.com\/no\/wp-json\/wp\/v2\/posts\/118047","targetHints":{"allow":["GET"]}}],"collection":[{"href":"https:\/\/www.europesays.com\/no\/wp-json\/wp\/v2\/posts"}],"about":[{"href":"https:\/\/www.europesays.com\/no\/wp-json\/wp\/v2\/types\/post"}],"author":[{"embeddable":true,"href":"https:\/\/www.europesays.com\/no\/wp-json\/wp\/v2\/users\/2"}],"replies":[{"embeddable":true,"href":"https:\/\/www.europesays.com\/no\/wp-json\/wp\/v2\/comments?post=118047"}],"version-history":[{"count":0,"href":"https:\/\/www.europesays.com\/no\/wp-json\/wp\/v2\/posts\/118047\/revisions"}],"wp:featuredmedia":[{"embeddable":true,"href":"https:\/\/www.europesays.com\/no\/wp-json\/wp\/v2\/media\/118048"}],"wp:attachment":[{"href":"https:\/\/www.europesays.com\/no\/wp-json\/wp\/v2\/media?parent=118047"}],"wp:term":[{"taxonomy":"category","embeddable":true,"href":"https:\/\/www.europesays.com\/no\/wp-json\/wp\/v2\/categories?post=118047"},{"taxonomy":"post_tag","embeddable":true,"href":"https:\/\/www.europesays.com\/no\/wp-json\/wp\/v2\/tags?post=118047"}],"curies":[{"name":"wp","href":"https:\/\/api.w.org\/{rel}","templated":true}]}}