{"id":118049,"date":"2025-12-20T09:35:09","date_gmt":"2025-12-20T09:35:09","guid":{"rendered":"https:\/\/www.europesays.com\/no\/118049\/"},"modified":"2025-12-20T09:35:09","modified_gmt":"2025-12-20T09:35:09","slug":"same-procedure-for-kongefamilien-jul-pa-kongsseteren","status":"publish","type":"post","link":"https:\/\/www.europesays.com\/no\/118049\/","title":{"rendered":"Same procedure for kongefamilien: Jul p\u00e5 Kongsseteren"},"content":{"rendered":"\n<p class=\"_lead_o9xde_2 _lead_xtcu6_50 layout-component text-serif-m layout-normal text-serif-l layout-component layout-wide layout-padded _wide_17hqh_1 layout-padded\">Plumpudding, pinnekj\u00f8tt og dansk juleand st\u00e5r p\u00e5 julemenyen for kongefamilien. I r\u00f8dt, hvitt og bl\u00e5tt stilte seks av dem til fotografering.<\/p>\n<p>Kong Harald, dronning Sonja, kronprins Haakon, kronprinsesse Mette-Marit, prinsesse Ingrid Alexandra og prins Sverre Magnus under julefotograferingen i den r\u00f8de salong p\u00e5 Slottet i Oslo fredag.  Foto: Lise \u00c5serud \/ NTB \/ POOL<\/p>\n<ul aria-hidden=\"true\" class=\"_images_ntbth_112\">\n<li><a class=\"_link_ntbth_117\" href=\"https:\/\/www.vg.no\/forfatter\/ntb\" style=\"z-index:1\" title=\"NTB\" rel=\"nofollow noopener\" target=\"_blank\"><img alt=\"Bilde av NTB\" class=\"_image_ntbth_93\" fetchpriority=\"low\" loading=\"lazy\" decoding=\"async\" itemprop=\"image\"  src=\"https:\/\/www.europesays.com\/no\/wp-content\/uploads\/2025\/12\/1766223309_668_c33980b0-5d07-4027-84a1-813f90a7c8d6\"  width=\"480\"\/><\/a><\/li>\n<\/ul>\n<p> Oppdatert l\u00f8rdag 20. desember kl. 09:24     <\/p>\n<p class=\"_paragraph_o9xde_4 _paragraph_xtcu6_10 layout-component text-serif-m layout-normal text-serif-m layout-padded\">\u2013 Kongeparet skal tradisjonen tro feire jul p\u00e5 Kongsseteren. Kronprinsfamilien tilbringer julen p\u00e5 kronprinsparets hytte i Uvdal. 1. juledag deltar kongeparet p\u00e5 h\u00f8ytidsgudstjeneste i Holmenkollen kapell, opplyser Slottet til NTB.<\/p>\n<p class=\"_paragraph_o9xde_4 _paragraph_xtcu6_10 layout-component text-serif-m layout-normal text-serif-m layout-padded\">Kong Haakon og dronning Maud fikk Kongsseteren, som ligger p\u00e5 Voksenkollen i Oslo, i gave fra det norske folk etter kroningen i 1906. Villaen brukes mest om vinteren, og s\u00e6rlig til julefeiring.<\/p>\n<p class=\"_paragraph_o9xde_4 _paragraph_xtcu6_10 layout-component text-serif-m layout-normal text-serif-m layout-padded\">Hvor prinsesse M\u00e4rtha og hennes mann Durek Verrett skal feire jul, er ikke kjent.<\/p>\n<p class=\"_paragraph_o9xde_4 _paragraph_xtcu6_10 layout-component text-serif-m layout-normal text-serif-m layout-padded\">\u2013 Det er privat, sier hennes manager Camilla Scheele Carlsen til NTB. <\/p>\n<p>Juleslips<\/p>\n<p class=\"_paragraph_o9xde_4 _paragraph_xtcu6_10 layout-component text-serif-m layout-normal text-serif-m layout-padded\"> De \u00e5rlige julebildene av kongefamilien f\u00e5r alltid stor oppmerksomhet, i likhet med <a href=\"https:\/\/www.nrk.no\/norge\/kronprinsessen-apen-om-dramatisk-forverring-av-sykdommen_-_-har-gatt-raskere-enn-jeg-hadde-hapet-1.17699020\" class=\"_link_o9xde_39\" rel=\"nofollow noopener\" target=\"_blank\">NRKs <\/a> juleintervjuer. Fredag kom det fram i et intervju med kronprinsparet at helsen til kronprinsesse Mette-Marit er vesentlig forverret som f\u00f8lge av sykdommen lungefibrose. <\/p>\n<p class=\"_paragraph_o9xde_4 _paragraph_xtcu6_10 layout-component text-serif-m layout-normal text-serif-m layout-padded\">Legene p\u00e5 Rikshospitalet har derfor startet forberedelser for lungetransplantasjon.<\/p>\n<p class=\"_paragraph_o9xde_4 _paragraph_xtcu6_10 layout-component text-serif-m layout-normal text-serif-m layout-padded\">Samme dag stilte hun og ektemannen til fotografering i den r\u00f8de salongen p\u00e5 Slottet. Sammen med dem var de to yngste barna, prinsesse Ingrid Alexandra og prins Sverre Magnus \u2013 sistnevnte med et muntert juleslips.<\/p>\n<p>Holdt hender<\/p>\n<p class=\"_paragraph_o9xde_4 _paragraph_xtcu6_10 layout-component text-serif-m layout-normal text-serif-m layout-padded\">Kongeparet utgjorde selvsagt midtpunktet \u2013 dronning Sonja i en offwhite kjole pyntet med kraftige, r\u00f8de perler og en liten brosje med julebjeller.<\/p>\n<p class=\"_paragraph_o9xde_4 _paragraph_xtcu6_10 layout-component text-serif-m layout-normal text-serif-m layout-padded\">De andre to damene var kledd i m\u00f8rkebl\u00e5tt, kronprinsessen med hvitt skj\u00f8rt, mens kongen og kronprinsen hadde sm\u00e5m\u00f8nstrede r\u00f8de slips. Dermed var de norske fargene alle godt representert.<\/p>\n<p class=\"_paragraph_o9xde_4 _paragraph_xtcu6_10 layout-component text-serif-m layout-normal text-serif-m layout-padded\">Kronprins Haakon og kronprinsesse Mette-Marit gjorde som s\u00e5 ofte f\u00f8r: De holdt hverandre i hendene. <\/p>\n<p>Svensk, dansk og engelsk<\/p>\n<p class=\"_paragraph_o9xde_4 _paragraph_xtcu6_10 layout-component text-serif-m layout-normal text-serif-m layout-padded\">Den norske kongefamilien har som kjent r\u00f8tter fra b\u00e5de Norge, Sverige, Danmark og England. I l\u00f8pet av juleh\u00f8ytiden spiser de derfor tradisjonelle retter fra alle de fire landene \u2013 men ikke alt p\u00e5 samme dag, bekrefter Slottet: <\/p>\n<p class=\"_paragraph_o9xde_4 _paragraph_xtcu6_10 layout-component text-serif-m layout-normal text-serif-m layout-padded\">Det serveres nemlig b\u00e5de pinnekj\u00f8tt, torsk, lutefisk, rakfisk, ribbe, samt krumkaker og multer. <\/p>\n<p class=\"_paragraph_o9xde_4 _paragraph_xtcu6_10 layout-component text-serif-m layout-normal text-serif-m layout-padded\">Fra Storbritannia kommer tradisjonen med plumpudding og mince pie, og fra den svenske og danske familien har de blant annet med seg svensk juleskinke og dansk juleand, if\u00f8lge Slottets opplysninger. <\/p>\n","protected":false},"excerpt":{"rendered":"Plumpudding, pinnekj\u00f8tt og dansk juleand st\u00e5r p\u00e5 julemenyen for kongefamilien. I r\u00f8dt, hvitt og bl\u00e5tt stilte seks av&hellip;\n","protected":false},"author":2,"featured_media":118050,"comment_status":"","ping_status":"","sticky":false,"template":"","format":"standard","meta":{"footnotes":""},"categories":[10],"tags":[20,21,24,25,15,5593,2590,6056,1764,22,23,13,30,28,29,14,16,402,26,27],"class_list":{"0":"post-118049","1":"post","2":"type-post","3":"status-publish","4":"format-standard","5":"has-post-thumbnail","7":"category-norge","8":"tag-breaking-news","9":"tag-breakingnews","10":"tag-featured-news","11":"tag-featurednews","12":"tag-headlines","13":"tag-jul","14":"tag-kong-harald","15":"tag-kongeparet","16":"tag-kronprins-haakon","17":"tag-latest-news","18":"tag-latestnews","19":"tag-news","20":"tag-no","21":"tag-norge","22":"tag-norway","23":"tag-nyheter","24":"tag-overskrifter","25":"tag-prins-sverre-magnus","26":"tag-top-stories","27":"tag-topstories"},"share_on_mastodon":{"url":"https:\/\/pubeurope.com\/@no\/115751218300833016","error":""},"_links":{"self":[{"href":"https:\/\/www.europesays.com\/no\/wp-json\/wp\/v2\/posts\/118049","targetHints":{"allow":["GET"]}}],"collection":[{"href":"https:\/\/www.europesays.com\/no\/wp-json\/wp\/v2\/posts"}],"about":[{"href":"https:\/\/www.europesays.com\/no\/wp-json\/wp\/v2\/types\/post"}],"author":[{"embeddable":true,"href":"https:\/\/www.europesays.com\/no\/wp-json\/wp\/v2\/users\/2"}],"replies":[{"embeddable":true,"href":"https:\/\/www.europesays.com\/no\/wp-json\/wp\/v2\/comments?post=118049"}],"version-history":[{"count":0,"href":"https:\/\/www.europesays.com\/no\/wp-json\/wp\/v2\/posts\/118049\/revisions"}],"wp:featuredmedia":[{"embeddable":true,"href":"https:\/\/www.europesays.com\/no\/wp-json\/wp\/v2\/media\/118050"}],"wp:attachment":[{"href":"https:\/\/www.europesays.com\/no\/wp-json\/wp\/v2\/media?parent=118049"}],"wp:term":[{"taxonomy":"category","embeddable":true,"href":"https:\/\/www.europesays.com\/no\/wp-json\/wp\/v2\/categories?post=118049"},{"taxonomy":"post_tag","embeddable":true,"href":"https:\/\/www.europesays.com\/no\/wp-json\/wp\/v2\/tags?post=118049"}],"curies":[{"name":"wp","href":"https:\/\/api.w.org\/{rel}","templated":true}]}}