{"id":118053,"date":"2025-12-20T09:43:21","date_gmt":"2025-12-20T09:43:21","guid":{"rendered":"https:\/\/www.europesays.com\/no\/118053\/"},"modified":"2025-12-20T09:43:21","modified_gmt":"2025-12-20T09:43:21","slug":"mann-dod-etter-voldshendelse-i-lier","status":"publish","type":"post","link":"https:\/\/www.europesays.com\/no\/118053\/","title":{"rendered":"Mann d\u00f8d etter voldshendelse i Lier"},"content":{"rendered":"<p class=\"extendedContent hyperion-css-eyn926\" data-test-tag=\"lead-text\">En mann er p\u00e5grepet og siktet etter at en mann d\u00f8de etter en voldshendelse i en boligblokk p\u00e5 Tranby i Lier natt til l\u00f8rdag. P\u00e5r\u00f8rende er varslet.<\/p>\n<p><img decoding=\"async\" class=\"image-asset hyperion-css-u06ts1\" data-test-tag=\"image-asset\" src=\"https:\/\/www.europesays.com\/no\/wp-content\/uploads\/2025\/12\/8215aa41-243f-476e-a031-71d0409a2018\"  alt=\"To menn ble natt til l\u00f8rdag funnet med skader i en boligblokk p\u00e5 Tranby i Lier. Den ene var bevisstl\u00f8s og fikk livreddende f\u00f8rstehjelp, opplyser politiet. \"  loading=\"eager\" fetchpriority=\"high\" style=\"aspect-ratio:2048 \/ 1365\"\/>To menn ble natt til l\u00f8rdag funnet med skader i en boligblokk p\u00e5 Tranby i Lier. Den ene var bevisstl\u00f8s og fikk livreddende f\u00f8rstehjelp, opplyser politiet. Foto: Jonas Been Henriksen \/ NTB<\/p>\n<p class=\"paywall hyperion-css-1j42uic\">Politiet fikk klokken 2.25 melding om en bevisstl\u00f8s person i en trappeoppgang i boligblokken. B\u00e5de politi og ambulanse rykket ut, og n\u00f8detatene var p\u00e5 stedet sju minutter senere.<\/p>\n<p class=\"paywall hyperion-css-1j42uic\">Noen minutter etter den f\u00f8rste meldingen ble det ogs\u00e5 funnet en annen mann med skader p\u00e5 stedet.<\/p>\n<p class=\"paywall hyperion-css-1j42uic\">Den bevisstl\u00f8se mannen fikk livreddende f\u00f8rstehjelp p\u00e5 stedet. Begge ble sendt til Drammen sykehus for behandling, men livet til den bevisstl\u00f8se mannen sto ikke til \u00e5 redde og han ble erkl\u00e6rt d\u00f8d p\u00e5 sykehuset, opplyser politiet.<\/p>\n<p class=\"paywall hyperion-css-1j42uic\">Den andre mannen er besluttet p\u00e5grepet, men er fortsatt til unders\u00f8kelse og behandling p\u00e5 sykehuset. Tilstanden hans er uavklart, forteller politiet klokken 5.30 l\u00f8rdag morgen.<\/p>\n<p class=\"paywall hyperion-css-1j42uic\">Operasjonsleder Espen Reite sier det fremst\u00e5r som at de to mennene har kjennskap til hverandre. Politiet er i kontakt med vitner p\u00e5 stedet og fors\u00f8ker \u00e5 f\u00e5 klarhet i hendelsesforl\u00f8pet.<\/p>\n<p class=\"paywall hyperion-css-1j42uic\">\u2013 Vi arbeider med \u00e5 f\u00e5 identiteten til de to endelig bekreftet, men vi har en formening om hvem det er, sier Reite til NTB.<\/p>\n<p class=\"paywall hyperion-css-1j42uic\">Politiet \u00f8nsker forel\u00f8pig ikke \u00e5 si noe om alder, relasjonen mellom de to mennene, eller om de bodde p\u00e5 stedet der de ble funnet.<\/p>\n<p class=\"paywall hyperion-css-1j42uic\">\u2013 Det er av hensyn til etterforskningen, sier Reite.<\/p>\n<p class=\"paywall hyperion-css-1j42uic\">Han opplyser at politiet ble varslet om saken via AMK etter at vitner meldte fra om hendelsen.<\/p>\n","protected":false},"excerpt":{"rendered":"En mann er p\u00e5grepet og siktet etter at en mann d\u00f8de etter en voldshendelse i en boligblokk p\u00e5&hellip;\n","protected":false},"author":2,"featured_media":118054,"comment_status":"","ping_status":"","sticky":false,"template":"","format":"standard","meta":{"footnotes":""},"categories":[10],"tags":[20,21,24,25,15,22,23,13,30,28,29,14,16,26,27],"class_list":{"0":"post-118053","1":"post","2":"type-post","3":"status-publish","4":"format-standard","5":"has-post-thumbnail","7":"category-norge","8":"tag-breaking-news","9":"tag-breakingnews","10":"tag-featured-news","11":"tag-featurednews","12":"tag-headlines","13":"tag-latest-news","14":"tag-latestnews","15":"tag-news","16":"tag-no","17":"tag-norge","18":"tag-norway","19":"tag-nyheter","20":"tag-overskrifter","21":"tag-top-stories","22":"tag-topstories"},"share_on_mastodon":{"url":"https:\/\/pubeurope.com\/@no\/115751249929817563","error":""},"_links":{"self":[{"href":"https:\/\/www.europesays.com\/no\/wp-json\/wp\/v2\/posts\/118053","targetHints":{"allow":["GET"]}}],"collection":[{"href":"https:\/\/www.europesays.com\/no\/wp-json\/wp\/v2\/posts"}],"about":[{"href":"https:\/\/www.europesays.com\/no\/wp-json\/wp\/v2\/types\/post"}],"author":[{"embeddable":true,"href":"https:\/\/www.europesays.com\/no\/wp-json\/wp\/v2\/users\/2"}],"replies":[{"embeddable":true,"href":"https:\/\/www.europesays.com\/no\/wp-json\/wp\/v2\/comments?post=118053"}],"version-history":[{"count":0,"href":"https:\/\/www.europesays.com\/no\/wp-json\/wp\/v2\/posts\/118053\/revisions"}],"wp:featuredmedia":[{"embeddable":true,"href":"https:\/\/www.europesays.com\/no\/wp-json\/wp\/v2\/media\/118054"}],"wp:attachment":[{"href":"https:\/\/www.europesays.com\/no\/wp-json\/wp\/v2\/media?parent=118053"}],"wp:term":[{"taxonomy":"category","embeddable":true,"href":"https:\/\/www.europesays.com\/no\/wp-json\/wp\/v2\/categories?post=118053"},{"taxonomy":"post_tag","embeddable":true,"href":"https:\/\/www.europesays.com\/no\/wp-json\/wp\/v2\/tags?post=118053"}],"curies":[{"name":"wp","href":"https:\/\/api.w.org\/{rel}","templated":true}]}}