{"id":118059,"date":"2025-12-20T09:52:12","date_gmt":"2025-12-20T09:52:12","guid":{"rendered":"https:\/\/www.europesays.com\/no\/118059\/"},"modified":"2025-12-20T09:52:12","modified_gmt":"2025-12-20T09:52:12","slug":"jeg-blir-sa-fascinert","status":"publish","type":"post","link":"https:\/\/www.europesays.com\/no\/118059\/","title":{"rendered":"\u2013 Jeg blir s\u00e5 fascinert"},"content":{"rendered":"\n<p class=\"_lead_o9xde_2 _lead_xtcu6_50 layout-component text-serif-m layout-normal text-serif-l layout-component layout-wide layout-padded _wide_17hqh_1 layout-padded\">Oppf\u00f8rselen til Johannes H\u00f8sflot Kl\u00e6bo (29) blir diskutert.<\/p>\n<p> <img class=\"_image_qp4xg_65 layout-component layout-wide\" data-fullscreen- data-track-element-type=\"Article image fullscreen\" data-track-name=\"ImageFullscreen\" fetchpriority=\"high\" decoding=\"sync\" loading=\"eager\" height=\"181\" itemprop=\"image\"  src=\"https:\/\/www.europesays.com\/no\/wp-content\/uploads\/2025\/12\/951f63b31c040af6caf46588a853b2e2.jpg\"  style=\"object-position:50% 50%;aspect-ratio:1.75;height:auto;object-fit:cover;width:100%\" width=\"102\"\/>  <\/p>\n<ul aria-hidden=\"true\" class=\"_images_ntbth_112\">\n<li><a class=\"_link_ntbth_117\" href=\"https:\/\/www.vg.no\/forfatter\/herman-folvik\" style=\"z-index:1\" title=\"Herman Folvik\" rel=\"nofollow noopener\" target=\"_blank\"><img alt=\"Bilde av Herman Folvik\" class=\"_image_ntbth_93\" fetchpriority=\"low\" loading=\"lazy\" decoding=\"async\" itemprop=\"image\"  src=\"https:\/\/www.europesays.com\/no\/wp-content\/uploads\/2025\/12\/1766224331_113_b8d5eb91-9fa9-460c-b9f0-da310ffe35dd\"  width=\"480\"\/><\/a><\/li>\n<\/ul>\n<p> Oppdatert l\u00f8rdag 20. desember kl. 10:28    <\/p>\n<ul class=\"_list_o9xde_3 _list_64s2r_85 _unordered_o9xde_106 text-sans-m\">\n<li class=\"_item_o9xde_30\">Johannes H\u00f8sflot Kl\u00e6bo r\u00f8k ut av en sprintkvartfinale i Davos og var lynforbannet, noe som utl\u00f8ste reaksjoner.<\/li>\n<li class=\"_item_o9xde_30\"> Kommentatoren i Adressa kalte ham \u00aben elendig taper\u00bb.<\/li>\n<li class=\"_item_o9xde_30\">Therese Johaug ble fascinert av Kl\u00e6bos konkurranseinstinkt.<\/li>\n<li class=\"_item_o9xde_30\">Medier\u00e5dgiver Lasse Gimnes har f\u00e5tt med seg tilbakemeldingene. <\/li>\n<\/ul>\n<p>Vis mer <\/p>\n<p class=\"_paragraph_o9xde_4 _paragraph_xtcu6_10 layout-component text-serif-m layout-normal text-serif-m layout-padded\">I Davos forrige helg r\u00f8k Kl\u00e6bo ut av en sprintkvartfinale i langrenn for f\u00f8rste gang siden verdenscup-debuten i 2016. To ganger i samme sving feilet han fullstendig.<\/p>\n<p class=\"_paragraph_o9xde_4 _paragraph_xtcu6_10 layout-component text-serif-m layout-normal text-serif-m layout-padded\">Etterp\u00e5 s\u00e5 han s\u00e5 sint ut at han nesten dirret og f\u00f8yk rett til hotellet, uten \u00e5 ta den obligatoriske intervjurunden ut\u00f8verne skal gj\u00f8re. <\/p>\n<p class=\"_paragraph_o9xde_4 _paragraph_xtcu6_10 layout-component text-serif-m layout-normal text-serif-m layout-padded\">\u00abWow! Wow! Wow! N\u00e5 m\u00e5 vi ikke sp\u00f8rre om noe, n\u00e5 m\u00e5 vi holde avstand. N\u00e5 smeller det\u00bb, utbr\u00f8t sprinttrener Arild Monsen p\u00e5 internkommunikasjonen.<\/p>\n<p class=\"_paragraph_o9xde_4 _paragraph_xtcu6_10 layout-component text-serif-m layout-normal text-serif-m layout-padded\">Ogs\u00e5 under verdenscup\u00e5pningen i Ruka s\u00e5 man en<a href=\"https:\/\/www.vg.no\/sport\/i\/ArzngE\/amundsen-til-topps-i-ruka-etter-monsteravslutning\" data-track-element-type=\"Link\" data-track-id=\"link:ArzngE\" class=\"_link_o9xde_39\" rel=\"nofollow noopener\" target=\"_blank\"> sv\u00e6rt frustrert Kl\u00e6bo etter 15. plass p\u00e5 20 km sk\u00f8yting. <\/a><\/p>\n<p class=\"_paragraph_o9xde_4 _paragraph_xtcu6_10 layout-component text-serif-m layout-normal text-serif-m layout-padded\">\u00abKonklusjonen er at han oppf\u00f8rer seg som en elendig taper. Det kan tillates en gang iblant. Men n\u00e5 er han litt for sur litt for ofte\u00bb, skrev Birger L\u00f8faldli, kommentator i Adressa og en av dem som har fulgt Kl\u00e6bos karriere tettest. <\/p>\n<p class=\"_paragraph_o9xde_4 _paragraph_xtcu6_10 layout-component text-serif-m layout-normal text-serif-m layout-padded\">Han mener Kl\u00e6bo tr\u00e5kket over en grense da han forsvant fra m\u00e5lomr\u00e5det i Davos uten \u00e5 prate med media og at oppf\u00f8rselen kan svekke omd\u00f8mmet hans. <\/p>\n<p class=\"_paragraph_o9xde_4 _paragraph_xtcu6_10 layout-component text-serif-m layout-normal text-serif-m layout-padded\">L\u00f8faldli er sikker p\u00e5 at managerpappa Haakon og medier\u00e5dgiver Lasse Gimnes ristet p\u00e5 hodet over det de s\u00e5. <\/p>\n<p class=\"_paragraph_o9xde_4 _paragraph_xtcu6_10 layout-component text-serif-m layout-normal text-serif-m layout-padded\">\u00abOm de ikke gjorde det, har de behov for kritiske r\u00f8ster inn i teamet. For dette tok seg faktisk d\u00e5rlig ut\u00bb, skrev L\u00f8faldli. <\/p>\n<p class=\"_paragraph_o9xde_4 _paragraph_xtcu6_10 layout-component text-serif-m layout-normal text-serif-m layout-padded\">Therese Johaug, den pensjonerte langrennsdronningen, tok ogs\u00e5 opp episoden fra Davos i <a href=\"https:\/\/podcasts.apple.com\/no\/podcast\/gukild-johaug\/id1843034649\" class=\"_link_o9xde_39\" rel=\"nofollow noopener\" target=\"_blank\">egen podkast <\/a>med Emil Gukild. Hun tar det langt fra like alvorlig som L\u00f8faldli. <\/p>\n<p class=\"_paragraph_o9xde_4 _paragraph_xtcu6_10 layout-component text-serif-m layout-normal text-serif-m layout-padded\">\u2013 Jeg blir s\u00e5 fascinert. En mann som har 101 verdenscupseirer. Rekken hans med 18 seirer p\u00e5 rad i sprint r\u00f8k jo, men hallo. Det er ett skirenn du ikke vant, s\u00e5 blir du s\u00e5\u00e5\u00e5 forbanna. Jeg blir s\u00e5 inspirert. Den mannen har konkurranseinstinkt s\u00e5 det er helt vilt, sier Johaug.<\/p>\n<p class=\"_paragraph_o9xde_4 _paragraph_xtcu6_10 layout-component text-serif-m layout-normal text-serif-m layout-padded\">\u2013 Jeg blir fascinert av vinnerskallen han har. Det er en grunn til at han er s\u00e5 god som han er \u2013 at han klarer \u00e5 ta de seks gullene i Trondheim og vinne 18 sprinter p\u00e5 rad, fortsetter Johaug.<\/p>\n<p><img alt=\"Therese Johaug og Johannes H\u00f8sflot Kl\u00e6bo p\u00e5 vei hjem fra OL i Beijing 2022.  Foto: Bj\u00f8rn S. Delebekk \/ VG\" class=\"_image_qp4xg_65 layout-component layout-normal\" data-fullscreen- data-track-element-type=\"Article image fullscreen\" data-track-name=\"ImageFullscreen\" decoding=\"async\" loading=\"lazy\" height=\"3712\" itemprop=\"image\"  src=\"https:\/\/www.europesays.com\/no\/wp-content\/uploads\/2025\/12\/27321df4-2197-494c-b292-8a5f32e83275\"  style=\"object-position:0% 0%\" width=\"5568\"\/>Therese Johaug og Johannes H\u00f8sflot Kl\u00e6bo p\u00e5 vei hjem fra OL i Beijing 2022.  Foto: Bj\u00f8rn S. Delebekk \/ VG<\/p>\n<p class=\"_paragraph_o9xde_4 _paragraph_xtcu6_10 layout-component text-serif-m layout-normal text-serif-m layout-padded\">Hun legger til at det er en del av spillet \u00e5 stille opp i intervjuer n\u00e5r det ogs\u00e5 g\u00e5r d\u00e5rlig og at Kl\u00e6bo burde gjort det. <\/p>\n<p class=\"_paragraph_o9xde_4 _paragraph_xtcu6_10 layout-component text-serif-m layout-normal text-serif-m layout-padded\">Lasse Gimnes, som har jobbet med Kl\u00e6bo siden 2016, forteller til VG at de har f\u00e5tt med seg reaksjonene. <\/p>\n<p class=\"_paragraph_o9xde_4 _paragraph_xtcu6_10 layout-component text-serif-m layout-normal text-serif-m layout-padded\">\u2013 At Johannes var fly forbannet \u2013 vel \u00e5 merke p\u00e5 seg selv \u2013 er det ingen som helst tvil om. Han har et utpreget konkurranseinstinkt, og det er veldig bra. Johannes har ogs\u00e5 et f\u00f8lelsesregister \u2013 og en side av dette ble vist etter hans sprintfadese i Davos. Det er innenfor, og det viser at konkurranser betyr noe for ham. I teamet snakker vi om det meste \u2013 ogs\u00e5 dette. <\/p>\n<p class=\"_paragraph_o9xde_4 _paragraph_xtcu6_10 layout-component text-serif-m layout-normal text-serif-m layout-padded\">\u2013 At det ogs\u00e5 hersker ulike meninger rundt episoden i Davos \u2013 ja, det m\u00e5 vi bare t\u00e5le. Ytringsfriheten st\u00e5r sterkt hos Johannes og hos oss som jobber med ham, sier medier\u00e5dgiveren. <\/p>\n<p class=\"_paragraph_o9xde_4 _paragraph_xtcu6_10 layout-component text-serif-m layout-normal text-serif-m layout-padded\">Kl\u00e6bo er for tiden i Davos og lader opp til Tour de Ski med Emil Iversen. Harald \u00d8stberg Amundsen og Mattis Stenshagen er ogs\u00e5 i den sveitsiske byen, og kvartetten planlegger \u00e5 tilbringe julekvelden sammen. <\/p>\n<p class=\"_paragraph_o9xde_4 _paragraph_xtcu6_10 layout-component text-serif-m layout-normal text-serif-m layout-padded\"><a href=\"https:\/\/www.vg.no\/sport\/i\/GyoXol\/program-og-sendeskjema-for-vintersport-2025-26-her-ser-du-langrenn-skiskyting-alpint-kombinert-skoeyter-og-hopp-paa-tv\" data-track-element-type=\"Link\" data-track-id=\"link:GyoXol\" class=\"_link_o9xde_39\" rel=\"nofollow noopener\" target=\"_blank\">Se Tour de Ski-programmet her.<\/a><\/p>\n","protected":false},"excerpt":{"rendered":"Oppf\u00f8rselen til Johannes H\u00f8sflot Kl\u00e6bo (29) blir diskutert. Oppdatert l\u00f8rdag 20. desember kl. 10:28 Johannes H\u00f8sflot Kl\u00e6bo r\u00f8k&hellip;\n","protected":false},"author":2,"featured_media":118060,"comment_status":"","ping_status":"","sticky":false,"template":"","format":"standard","meta":{"footnotes":""},"categories":[59],"tags":[8812,711,398,13889,30,28,29,83,82,6328,399],"class_list":{"0":"post-118059","1":"post","2":"type-post","3":"status-publish","4":"format-standard","5":"has-post-thumbnail","7":"category-sport","8":"tag-birger-lofaldli","9":"tag-johannes-hosflot-klaebo","10":"tag-langrenn","11":"tag-lasse-gimnes","12":"tag-no","13":"tag-norge","14":"tag-norway","15":"tag-sport","16":"tag-sports","17":"tag-therese-johaug","18":"tag-vintersport"},"share_on_mastodon":{"url":"https:\/\/pubeurope.com\/@no\/115751285395142003","error":""},"_links":{"self":[{"href":"https:\/\/www.europesays.com\/no\/wp-json\/wp\/v2\/posts\/118059","targetHints":{"allow":["GET"]}}],"collection":[{"href":"https:\/\/www.europesays.com\/no\/wp-json\/wp\/v2\/posts"}],"about":[{"href":"https:\/\/www.europesays.com\/no\/wp-json\/wp\/v2\/types\/post"}],"author":[{"embeddable":true,"href":"https:\/\/www.europesays.com\/no\/wp-json\/wp\/v2\/users\/2"}],"replies":[{"embeddable":true,"href":"https:\/\/www.europesays.com\/no\/wp-json\/wp\/v2\/comments?post=118059"}],"version-history":[{"count":0,"href":"https:\/\/www.europesays.com\/no\/wp-json\/wp\/v2\/posts\/118059\/revisions"}],"wp:featuredmedia":[{"embeddable":true,"href":"https:\/\/www.europesays.com\/no\/wp-json\/wp\/v2\/media\/118060"}],"wp:attachment":[{"href":"https:\/\/www.europesays.com\/no\/wp-json\/wp\/v2\/media?parent=118059"}],"wp:term":[{"taxonomy":"category","embeddable":true,"href":"https:\/\/www.europesays.com\/no\/wp-json\/wp\/v2\/categories?post=118059"},{"taxonomy":"post_tag","embeddable":true,"href":"https:\/\/www.europesays.com\/no\/wp-json\/wp\/v2\/tags?post=118059"}],"curies":[{"name":"wp","href":"https:\/\/api.w.org\/{rel}","templated":true}]}}