{"id":118069,"date":"2025-12-20T10:05:14","date_gmt":"2025-12-20T10:05:14","guid":{"rendered":"https:\/\/www.europesays.com\/no\/118069\/"},"modified":"2025-12-20T10:05:14","modified_gmt":"2025-12-20T10:05:14","slug":"etnedal-vart-30-prosent-fleire-pa-fa-manader-ordforar-etterlyser-storre-foreseielegheit-nrk-innlandet-lokale-nyheter-tv-og-radio","status":"publish","type":"post","link":"https:\/\/www.europesays.com\/no\/118069\/","title":{"rendered":"Etnedal vart 30 prosent fleire p\u00e5 f\u00e5 m\u00e5nader. Ordf\u00f8rar etterlyser st\u00f8rre f\u00f8reseielegheit \u2013 NRK Innlandet \u2013 Lokale nyheter, TV og radio"},"content":{"rendered":"<p>Saka samanfatta<\/p>\n<ul>\n<li>Folketalet i Etnedal har auka med over 30 prosent p\u00e5 eit halvt \u00e5r grunna to nye asylmottak.<\/li>\n<li>Kommunen har m\u00e5tta handtere korte fristar for etablering av mottaka, noko som har skapt store utfordringar.<\/li>\n<li>Etnedal m\u00e5 kj\u00f8pe tenester fr\u00e5 bemanningsbyr\u00e5 for \u00e5 dekke behovet for helse- og utdanningstenester til dei nye innbyggjarane.<\/li>\n<li>Ordf\u00f8raren etterlyser meir f\u00f8reseielegheit og stabilitet i etableringa av asylmottak.<\/li>\n<li>UDI understrekar at akuttmottak m\u00e5 opprettast raskt for \u00e5 m\u00f8te behovet, men at permanente mottak ikkje er \u00f8konomisk forsvarleg.<\/li>\n<li>Mange av dei nye asyls\u00f8kjarane kjem fr\u00e5 Ukraina, grunna endringar i lovgiving som no till\u00e8t unge menn \u00e5 forlate landet.<\/li>\n<\/ul>\n<p>Oppsummeringa er laga av ei KI-teneste fr\u00e5 OpenAI. Innhaldet er kvalitetssikra av NRK sine journalistar f\u00f8r publisering.<\/p>\n<p>\u2013 Vi forst\u00e5r v\u00e5r plass i ei uroleg verd, og er positive til \u00e5 ta i mot asyls\u00f8kjarar i kommunen, seier Linda M\u00e6hlum Rob\u00f8le.<\/p>\n<p>Ho er ordf\u00f8rar fr\u00e5 Senterpartiet.<\/p>\n<p><strong>No ettersp\u00f8r ho likevel meir f\u00f8reseielegheit n\u00e5r nye asylmottak skal etablerast<\/strong><\/p>\n<p>\u2013 Jo meir vi kan f\u00e5 av det, jo betre er det, seier ho.<\/p>\n<p>Etnedal har lenge hatt rundt 1250 innbyggjarar.<\/p>\n<p>Det gjer kommunen til den aller minste i Innlandet, basert p\u00e5 folketal.<\/p>\n<p>Men i mai opna det eit s\u00e5kalla ordin\u00e6rt asylmottak i det gamle rehabiliteringssenteret p\u00e5 Tons\u00e5sen.<\/p>\n<p>170 nye etned\u00f8lar flytta inn. Uvisst for kor lenge.<\/p>\n<p>D\u00e5 m\u00e5tte kommunen snu seg kjapt rundt.\n<\/p>\n<p>    <img alt=\"En gul bygning ligger omringet av sn\u00f8dekte tr\u00e6r og tak. Tr\u00e6rne i forgrunnen er dekket av sn\u00f8. Omgivelsene antyder en vinterlig atmosf\u00e6re. Ingen mennesker eller dyr er synlige i bildet. (Bildebeskrivelsen er laget av en KI-tjeneste)\"  loading=\"lazy\"\/><img alt=\"Bildet viser taket p\u00e5 Valdres H\u00f8yfjellshotell dekket av sn\u00f8. Skiltet med navnet p\u00e5 hotellet er synlig i r\u00f8d og hvit farge. Det er en skyet himmel i bakgrunnen, som gir et vinterlig preg. Sn\u00f8en p\u00e5 taket er jevnt fordelt og tykt lagret. (Bildebeskrivelsen er laget av en KI-tjeneste)\"  loading=\"lazy\"\/><\/p>\n<p>B\u00e5de det gamle rehabilteringsenteret p\u00e5 Tons\u00e5sen, og \u00e6rverdige Valdres H\u00f8gfjellshotell er no i bruk som asylmottak.<\/p>\n<p>Og heilt i slutten av oktober vart nok eit mottak etablert i kommunen.<\/p>\n<p>D\u00e5 m\u00e5tte dei snu seg rundt igjen. Denne gongen end\u00e5 kjappare.<\/p>\n<p>No var det snakk om eit akuttmottak p\u00e5 det nedlagde Valdres H\u00f8gfjellshotell, der det ogs\u00e5 tidlegare har vore akuttmottak.<\/p>\n<p>P\u00e5 mottaket p\u00e5 fjellet har 250 bebuarar flytta inn sidan oppstarten.<\/p>\n<p><strong>I l\u00f8pet av eit halvt \u00e5r har alts\u00e5 folketalet i Etnedal auka med over 30 prosent.<\/strong><\/p>\n<p><a href=\"https:\/\/www.avisa-valdres.no\/de-siste-ukene-har-det-blitt-407-nye-beboere-i-kommunen\/s\/5-54-1133078\" ec-id=\"https:\/\/www.avisa-valdres.no\/de-siste-ukene-har-det-blitt-407-nye-beboere-i-kommunen\/s\/5-54-1133078\" ec-name=\"Avisa Valdres\" rel=\"nofollow noopener\" target=\"_blank\">Avisa Valdres<\/a> omtalte saka f\u00f8rst. <\/p>\n<p>    <img decoding=\"async\" class=\"dh-video-videoLoop__fallbackImage\" src=\"https:\/\/www.europesays.com\/no\/wp-content\/uploads\/2025\/12\/5a15800c-55e8-4d10-9580-0c55e80d10ed_360.jpg\" alt=\"\"\/><video preload=\"none\" muted=\"\" poster=\"https:\/\/www.europesays.com\/no\/wp-content\/uploads\/2025\/12\/5a15800c-55e8-4d10-9580-0c55e80d10ed_360.jpg\" style=\"--poster:url(https:\/\/www.europesays.com\/no\/wp-content\/uploads\/2025\/12\/5a15800c-55e8-4d10-9580-0c55e80d10ed_360.jpg);\"><\/video><img decoding=\"async\" class=\"dh-video-videoLoop__fallbackImage\" src=\"https:\/\/www.europesays.com\/no\/wp-content\/uploads\/2025\/12\/5a15800c-55e8-4d10-9580-0c55e80d10ed_720.jpg\" alt=\"\"\/><video preload=\"none\" muted=\"\" poster=\"https:\/\/www.europesays.com\/no\/wp-content\/uploads\/2025\/12\/5a15800c-55e8-4d10-9580-0c55e80d10ed_720.jpg\" style=\"--poster:url(https:\/\/www.europesays.com\/no\/wp-content\/uploads\/2025\/12\/5a15800c-55e8-4d10-9580-0c55e80d10ed_720.jpg);\"><\/video><img decoding=\"async\" class=\"dh-video-videoLoop__fallbackImage\" src=\"https:\/\/www.europesays.com\/no\/wp-content\/uploads\/2025\/12\/5a15800c-55e8-4d10-9580-0c55e80d10ed_1080.jpg\" alt=\"\"\/><video preload=\"none\" muted=\"\" poster=\"https:\/\/www.europesays.com\/no\/wp-content\/uploads\/2025\/12\/5a15800c-55e8-4d10-9580-0c55e80d10ed_1080.jpg\" style=\"--poster:url(https:\/\/www.europesays.com\/no\/wp-content\/uploads\/2025\/12\/5a15800c-55e8-4d10-9580-0c55e80d10ed_1080.jpg);\"><\/video><\/p>\n<p>Barn og vaksne frydar seg over vinteren utanfor asylmottaket p\u00e5 fjellet i Etnedal.<\/p>\n<p>Korte fristar<\/p>\n<p>Kommunen pliktar \u00e5 tilby tenester innan b\u00e5de helse og utdanning til dei nye bebuarane.<\/p>\n<p>Fr\u00e5 dag ein.<\/p>\n<p><strong>D\u00e5 akuttmottaket vart etablert i november fekk ordf\u00f8rar Rob\u00f8le beskjed fr\u00e5 driftsselskapet Amdo AS ei veke f\u00f8r asyls\u00f8kjarane skulle komme.<\/strong><\/p>\n<p>\u2013 Eg fekk ein e-post ein torsdag, og d\u00e5 skulle alt vere klart i l\u00f8pet av veka etter, seier Rob\u00f8le.<\/p>\n<p>\u2013 Det er heller ikkje \u00f8nskeleg fr\u00e5 Utlendingsdirektoratet si side, seier Kjersti Teksum Molthe.<\/p>\n<p>Ho er regiondirekt\u00f8r for region \u00d8st i UDI.<\/p>\n<p>Ho forklarer at alle som kjem til Noreg for \u00e5 s\u00f8kje asyl har krav p\u00e5 ein trygg stad \u00e5 bu.<\/p>\n<p>\u2013 Og n\u00e5r det kjem mange, som i haust, m\u00e5 vi opprette akuttmottak raskt.<\/p>\n<p>Det forst\u00e5r Kai Egil Bach\u00e8r godt.<\/p>\n<p>\u2013 Men \u00e5 f\u00e5 tak i kvalifiserte folk p\u00e5 s\u00e5 kort varsel er vanskeleg, seier han.<\/p>\n<p>Bach\u00e8r er kommunedirekt\u00f8r i Etnedal.<\/p>\n<p>\u2013 Om vi klarer \u00e5 levere tenestene med fagfolk, det er det vi f\u00f8ler mest p\u00e5, seier han.\n<\/p>\n<p>    <img alt=\"En person med brunt h\u00e5r sitter i et rom med bl\u00e5 stoler og portretter p\u00e5 veggen. Personen har p\u00e5 seg en lys cardigan med knappede detaljer og clip-on mikrofon. Veggene er dekket med rammede fotografier som ser ut til \u00e5 v\u00e6re portrettbilder. (Bildebeskrivelsen er laget av en KI-tjeneste)\"  loading=\"lazy\"\/><img alt=\"To personer sitter ved et bord med en b\u00e6rbar PC. Bakgrunnen viser flere rammede bilder av menn. Rommet har en lys treoverflate og bl\u00e5 stoler. Den ene personen har mic, den andre gestikulerer. (Bildebeskrivelsen er laget av en KI-tjeneste)\"  loading=\"lazy\"\/><\/p>\n<p>Ordf\u00f8rar Linda M\u00e6hlum Rob\u00f8le og kommunedirekt\u00f8r Kai Egil Bach\u00e8r i Etnedal.<\/p>\n<p><strong>For sj\u00f8lv om det f\u00f8l statlege midlar med asyls\u00f8kjarane, er det likevel kommunen som m\u00e5 skaffe nok legar, sjukepleiarar, l\u00e6rarar og andre fagfolk slik at dei kan gje eit forsvarleg tilbod.<\/strong><\/p>\n<p>Det kan vere vanskeleg nok i kvardagen for ein liten kommune.<\/p>\n<p>Bach\u00e8r fortel at kommunen berre har ein skule. No er behovet for oppl\u00e6ringsplassar auka med 60 prosent.<\/p>\n<p>\u2013 Det er klart det er krevjande, seier han.<\/p>\n<p>    \u2190<\/p>\n<ul data-scroll-container=\"\" role=\"list\" aria-label=\"Bildegalleri\">\n<li><img alt=\"asylmottak\"  width=\"3840\" height=\"3845\" loading=\"lazy\"\/>\n<p>Advent p\u00e5 akuttmotaket i Etnedal.<\/p>\n<p> Foto: Arne S\u00f8renes \/ NRK <\/li>\n<li><img alt=\"En ung kvinne utf\u00f8rer en t\u00f8ynings\u00f8velse p\u00e5 et teppe i et rom med klare, moderne m\u00f8bler. Hun sitter p\u00e5 gulvet med en arm b\u00f8yd, mens den andre benet strekker seg ut foran henne. Bakgrunnen viser et rom med bl\u00e5 vegger og stolomr\u00e5de med gyldne bord. Belysningen er naturlig, og det er vinduer i rommet. (Bildebeskrivelsen er laget av en KI-tjeneste)\"  width=\"3840\" height=\"3845\" loading=\"lazy\"\/>\n<p>Beburarane pr\u00f8ver \u00e5 f\u00e5 ventetida til \u00e5 g\u00e5.<\/p>\n<p> Foto: Arne S\u00f8renes \/ NRK <\/li>\n<li><img alt=\"Asyl-yoga\"  width=\"3840\" height=\"3845\" loading=\"lazy\"\/>\n<p>S\u00e5 godt dei kan.<\/p>\n<p> Foto: Arne S\u00f8renes \/ NRK <\/li>\n<li><img alt=\"Asyl-Etnedal\"  width=\"3840\" height=\"3845\" loading=\"lazy\"\/>\n<p>Kor lenge dei blir der veit korkje dei eller dei som driv mottaket.<\/p>\n<p> Foto: Arne S\u00f8renes \/ NRK <\/li>\n<\/ul>\n<p>\u2192<\/p>\n<p>Fleire fr\u00e5 Ukraina<\/p>\n<p>Dei siste \u00e5ra har talet p\u00e5 asyls\u00f8kjarar til Noreg lege p\u00e5 om lag 20.000 i \u00e5ret.<\/p>\n<p>Unntaka er 2015 d\u00e5 det i l\u00f8pet av kort tid kom over 30.000, hovudsakleg fr\u00e5 Syria. Og i l\u00f8pet av 2022 og 2023 kom det over 40.000 fr\u00e5 Ukraina.<\/p>\n<p><strong>Denne hausten har det igjen komme fleire fr\u00e5 Ukraina.<\/strong><\/p>\n<p>Sidan slutten av september har UDI oppretta 750 nye akuttplassar, spreidd rundt i landet.<\/p>\n<p>Hovud\u00e5rsaka er at lova som hindra unge menn i \u00e5 forlate landet, br\u00e5tt vart oppheva.<\/p>\n<p>Unge menn, og unge familiar, forl\u00e8t no det krigsherja landet.<\/p>\n<p>Misha fr\u00e5 storbyen Dnipro er ein av dei.\n<\/p>\n<p>    <img class=\"dhtb__img--YLLyL\" alt=\"Asyls\u00f8kjer p\u00e5 Valdres h\u00f8gfjellshotell\" loading=\"lazy\" fetchpriority=\"auto\" style=\"--_horizontal-object-position: max(100%, min(0px, calc(0.50 * 100% - 0.50 * 100vw + 50vw))) max(100%, min(0px, calc(0.50 * 100% - 0.50 * 100vh + 50vh))); --_vertical-object-position: max(100%, min(0px, calc(0.50 * 100% - 0.50 * 100vw + 50vw))) max(100%, min(0px, calc(0.50 * 100% - 0.50 * 100vh + 50vh)));\" \/><\/p>\n<p>Foto: Arne S\u00f8renes \/ NRK<\/p>\n<p> Foto: Arne S\u00f8renes \/ NRK<\/p>\n<p>Han har teke den vesle familien sin med seg til Noreg.<\/p>\n<p>\u2013 Det er veldig fint her, og vi kjenner oss trygge.<\/p>\n<p>Den siste m\u00e5naden har dei budd p\u00e5 det nedlagde h\u00f8gfjellshotellet i Valdres.<\/p>\n<p>\u2013 Fronten er om lag 80 kilometer fr\u00e5 der vi budde. Nesten kvar dag opplevde vi rakettangrep og bomber. Det er veldig farleg der, s\u00e6rleg for barna.<\/p>\n<p>Han h\u00e5par \u00e5 kunne ta familien med seg tilbake n\u00e5r krigen ein gong er over.<\/p>\n<p>\u2013 Vi er sv\u00e6rt takksame for hjelpa vi f\u00e5r i Noreg, seier han.\n<\/p>\n<p>    <img class=\"dhtb__img--YLLyL\" alt=\"Et arrangement finner sted innend\u00f8rs, med dekorasjoner som indikerer en festlig anledning. En kvinne st\u00e5r i forgrunnen med mikrofon, if\u00f8rt en lys genser. I bakgrunnen er et juletre pyntet med lys, og man kan se flere barn som leker. Det er en koselig atmosf\u00e6re med juledekorasjoner synlige rundt i rommet. (Bildebeskrivelsen er laget av en KI-tjeneste)\" loading=\"lazy\" fetchpriority=\"auto\" style=\"--_horizontal-object-position: max(100%, min(0px, calc(0.50 * 100% - 0.50 * 100vw + 50vw))) max(100%, min(0px, calc(0.50 * 100% - 0.50 * 100vh + 50vh))); --_vertical-object-position: max(100%, min(0px, calc(0.20 * 100% - 0.20 * 100vw + 50vw))) max(100%, min(0px, calc(0.50 * 100% - 0.50 * 100vh + 50vh)));\" \/><\/p>\n<p>Liv Mossefinn er mottaksleiar, og driv akuttmottaket i Etnedal p\u00e5 oppdrag for driftselskapet Amdo A\/S. Ho seier at dei gjer sitt beste for \u00e5 skape gode og trygge rammer for dei som bur der. \u2013 Du ser vi har pynta til jul, seier ho.<\/p>\n<p>Foto: Arne S\u00f8renes \/ NRK<\/p>\n<p>Liv Mossefinn er mottaksleiar, og driv akuttmottaket i Etnedal p\u00e5 oppdrag for driftselskapet Amdo A\/S. Ho seier at dei gjer sitt beste for \u00e5 skape gode og trygge rammer for dei som bur der. \u2013 Du ser vi har pynta til jul, seier ho.<\/p>\n<p> Foto: Arne S\u00f8renes \/ NRK<\/p>\n<p>M\u00e5 kj\u00f8pe tenester<\/p>\n<p>For Etnedal kommune betyr folkeauken at dei m\u00e5 ut p\u00e5 den opne marknaden for \u00e5 kj\u00f8pe tenester fr\u00e5 bemanningsbyr\u00e5 for \u00e5 f\u00e5 det til \u00e5 g\u00e5 rundt.<\/p>\n<p><strong>\u00c5 satse p\u00e5 eigne tilsette g\u00e5r ikkje med s\u00e5 korte fristar som UDI opererer med, seier kommunedirekt\u00f8r Bach\u00e8r.<\/strong><\/p>\n<p>\u2013 Vi m\u00e5 gjere alt vi kan for \u00e5 auke kapasiteten, for vi kan ikkje la dette g\u00e5 p\u00e5 kostnad av det eksisterande tenestetilbodet, seier han.\n<\/p>\n<p>    <img class=\"dhtb__img--YLLyL\" alt=\"To personer sitter ved et bord med en b\u00e6rbar datamaskin foran seg. Rommet har flere stoler og bilder p\u00e5 veggene. De ser ut til \u00e5 v\u00e6re i en diskusjon eller m\u00f8te. En lapp med notater ligger p\u00e5 bordet. (Bildebeskrivelsen er laget av en KI-tjeneste)\" loading=\"lazy\" fetchpriority=\"auto\" style=\"--_horizontal-object-position: max(100%, min(0px, calc(0.50 * 100% - 0.50 * 100vw + 50vw))) max(100%, min(0px, calc(0.50 * 100% - 0.50 * 100vh + 50vh))); --_vertical-object-position: max(100%, min(0px, calc(0.50 * 100% - 0.50 * 100vw + 50vw))) max(100%, min(0px, calc(0.50 * 100% - 0.50 * 100vh + 50vh)));\" \/><\/p>\n<p>Ordf\u00f8rar og kommunedirekt\u00f8r i Etnedal ynskjer seg meir f\u00f8reseielegheit i asylpolitikken.<\/p>\n<p>Foto: Arne S\u00f8renes \/ NRK<\/p>\n<p>Ordf\u00f8rar og kommunedirekt\u00f8r i Etnedal ynskjer seg meir f\u00f8reseielegheit i asylpolitikken.<\/p>\n<p> Foto: Arne S\u00f8renes \/ NRK<\/p>\n<p>Han fortel at dette er utfordrande, sj\u00f8lv om det i utgangspunktet f\u00f8l pengar med etablering av asylmottak.<\/p>\n<p>\u2013 Men det er klart, n\u00e5r vi m\u00e5 ut og kj\u00f8pe legar og andre fagfolk fr\u00e5 byr\u00e5, s\u00e5 kostar det, sl\u00e5r han fast.<\/p>\n<p>For ein liten kommune i utkanten er utfordringa rett og slett \u00e5 f\u00e5 tak i arbeidskraft.<\/p>\n<p>\u2013 Om det ikkje finst folk i marknaden, s\u00e5 hjelper det ikkje med pengar, seier han.<\/p>\n<p><a href=\"https:\/\/www.nrk.no\/innlandet\/udi-sier-opp-avtalen-med-atte-asylmottak-1.17310592\" ec-id=\"pp:article:1.17310592\" ec-name=\"Les ogs\u00e5: I februar vart \u00e5tte asylmottak lagt ned. To av dei i Innlandet\" rel=\"nofollow noopener\" target=\"_blank\">Les ogs\u00e5: I februar vart \u00e5tte asylmottak lagt ned. To av dei i Innlandet<\/a><\/p>\n<p>Permanente mottak?<\/p>\n<p><strong>Ordf\u00f8rar Rob\u00f8le seier det er s\u00e6rleg utfordrande at akuttmottak b\u00e5de blir oppretta og lagt ned p\u00e5 kort tid.<\/strong><\/p>\n<p>Ho viser til at det ogs\u00e5 vart oppretta akuttmottak p\u00e5 Valdres H\u00f8gfjellshotell i november 2023.<\/p>\n<p>Den gongen varte drifta i seks m\u00e5nader.<\/p>\n<p>\u2013 Det hadde kanskje vore lettare om det hadde vore meir etablerte mottak der ein kunne justert niv\u00e5et opp og ned, i staden for \u00e5 ta heile drifta opp og ned, seier ho.<\/p>\n<p>Men det g\u00e5r ikkje, if\u00f8lge UDI.<\/p>\n<p>P\u00e5 eit frukostseminar i direktoratet sine lokale den 20. november sa UDI-direkt\u00f8r Snorre S\u00e6ther at det ikkje er \u00f8konomisk forsvarleg \u00e5 st\u00e5 klar til m\u00f8te ein kvar situasjon.\n<\/p>\n<p>    <img class=\"dhtb__img--YLLyL\" alt=\"En kvinne sitter ved et langt konferansebord i et moderne m\u00f8terom. Hun har p\u00e5 seg en gr\u00e5 genser og ser ned p\u00e5 et papir som ligger foran henne. P\u00e5 bordet er det dekorasjoner, inkludert sm\u00e5, r\u00f8de juletreprydnader og lys. I bakgrunnen er det en stor skjerm og glassvegger som gir innsyn til resten av rommet. (Bildebeskrivelsen er laget av en KI-tjeneste)\" loading=\"lazy\" fetchpriority=\"auto\" style=\"--_horizontal-object-position: max(100%, min(0px, calc(0.50 * 100% - 0.50 * 100vw + 50vw))) max(100%, min(0px, calc(0.50 * 100% - 0.50 * 100vh + 50vh))); --_vertical-object-position: max(100%, min(0px, calc(0.50 * 100% - 0.50 * 100vw + 50vw))) max(100%, min(0px, calc(0.50 * 100% - 0.50 * 100vh + 50vh)));\" \/><\/p>\n<p>Kjersti Teksum Molthe er regiondirekt\u00f8r i UDI.<\/p>\n<p>Foto: Arne S\u00f8renes \/ NRK<\/p>\n<p>Kjersti Teksum Molthe er regiondirekt\u00f8r i UDI.<\/p>\n<p> Foto: Arne S\u00f8renes \/ NRK<\/p>\n<p>\u2013 Vi m\u00e5 ha ei ansvarleg opp- og nedskalering av mottaksportef\u00f8ljen i takt med behovet, sa han d\u00e5.<\/p>\n<p>Regiondirekt\u00f8r Kjersti Teksum Molthe i UDI \u00d8st utdjupar. Ho legg vekt p\u00e5 at ein alt har eit fleksibelt mottaksapparat. Men dette har berre eit gitt antal plassar.<\/p>\n<p>\u2013 Vi er styrt etter talet p\u00e5 dei som kjem, og kan ikkje la mange mottaksplassar st\u00e5 tomme. Det er ikkje \u00f8konomisk ansvarleg, og det er ogs\u00e5 v\u00e5rt ansvar \u00e5 forvalte dette.<\/p>\n<p>Ordf\u00f8raren i Etnedal har uansett eit klart \u00f8nske for det nye \u00e5ret:<\/p>\n<p>\u2013 Meir f\u00f8reseielegheit, det ynskjer vi oss mykje meir av. At vi har meir stabilitet i dei mottaka som er etablert.<\/p>\n<p>Publisert<\/p>\n<p>20.12.2025, kl. 08.21<\/p>\n","protected":false},"excerpt":{"rendered":"Saka samanfatta Folketalet i Etnedal har auka med over 30 prosent p\u00e5 eit halvt \u00e5r grunna to nye&hellip;\n","protected":false},"author":2,"featured_media":118070,"comment_status":"","ping_status":"","sticky":false,"template":"","format":"standard","meta":{"footnotes":""},"categories":[5],"tags":[20,21,24,25,15,19,22,23,17,18,13,30,28,29,14,16,26,27],"class_list":{"0":"post-118069","1":"post","2":"type-post","3":"status-publish","4":"format-standard","5":"has-post-thumbnail","7":"category-overskrifter","8":"tag-breaking-news","9":"tag-breakingnews","10":"tag-featured-news","11":"tag-featurednews","12":"tag-headlines","13":"tag-hovedoppslag","14":"tag-latest-news","15":"tag-latestnews","16":"tag-main-news","17":"tag-mainnews","18":"tag-news","19":"tag-no","20":"tag-norge","21":"tag-norway","22":"tag-nyheter","23":"tag-overskrifter","24":"tag-top-stories","25":"tag-topstories"},"share_on_mastodon":{"url":"https:\/\/pubeurope.com\/@no\/115751336473426985","error":""},"_links":{"self":[{"href":"https:\/\/www.europesays.com\/no\/wp-json\/wp\/v2\/posts\/118069","targetHints":{"allow":["GET"]}}],"collection":[{"href":"https:\/\/www.europesays.com\/no\/wp-json\/wp\/v2\/posts"}],"about":[{"href":"https:\/\/www.europesays.com\/no\/wp-json\/wp\/v2\/types\/post"}],"author":[{"embeddable":true,"href":"https:\/\/www.europesays.com\/no\/wp-json\/wp\/v2\/users\/2"}],"replies":[{"embeddable":true,"href":"https:\/\/www.europesays.com\/no\/wp-json\/wp\/v2\/comments?post=118069"}],"version-history":[{"count":0,"href":"https:\/\/www.europesays.com\/no\/wp-json\/wp\/v2\/posts\/118069\/revisions"}],"wp:featuredmedia":[{"embeddable":true,"href":"https:\/\/www.europesays.com\/no\/wp-json\/wp\/v2\/media\/118070"}],"wp:attachment":[{"href":"https:\/\/www.europesays.com\/no\/wp-json\/wp\/v2\/media?parent=118069"}],"wp:term":[{"taxonomy":"category","embeddable":true,"href":"https:\/\/www.europesays.com\/no\/wp-json\/wp\/v2\/categories?post=118069"},{"taxonomy":"post_tag","embeddable":true,"href":"https:\/\/www.europesays.com\/no\/wp-json\/wp\/v2\/tags?post=118069"}],"curies":[{"name":"wp","href":"https:\/\/api.w.org\/{rel}","templated":true}]}}