{"id":118075,"date":"2025-12-20T10:17:10","date_gmt":"2025-12-20T10:17:10","guid":{"rendered":"https:\/\/www.europesays.com\/no\/118075\/"},"modified":"2025-12-20T10:17:10","modified_gmt":"2025-12-20T10:17:10","slug":"cengiz-al-skal-bli-pappa-igjen","status":"publish","type":"post","link":"https:\/\/www.europesays.com\/no\/118075\/","title":{"rendered":"Cengiz Al skal bli pappa igjen"},"content":{"rendered":"\n<p class=\"_lead_o9xde_2 _lead_xtcu6_50 layout-component text-serif-m layout-normal text-serif-l layout-component layout-wide layout-padded _wide_17hqh_1 layout-padded\">Det annonserer \u00abSkal vi danse\u00bb-dommeren p\u00e5 Instagram.<\/p>\n<p><img alt=\" Foto: Rodrigo Freitas \/ VG\" class=\"_image_qp4xg_65 layout-component layout-wide\" data-fullscreen- data-track-element-type=\"Article image fullscreen\" data-track-name=\"ImageFullscreen\" fetchpriority=\"high\" decoding=\"sync\" loading=\"eager\" height=\"3712\" itemprop=\"image\"  src=\"https:\/\/www.europesays.com\/no\/wp-content\/uploads\/2025\/12\/78d0a364-42f3-4450-8385-e363555854de\"  style=\"object-position:0% 0%\" width=\"5568\"\/> Foto: Rodrigo Freitas \/ VG<\/p>\n<ul aria-hidden=\"true\" class=\"_images_ntbth_112\">\n<li><a class=\"_link_ntbth_117\" href=\"https:\/\/www.vg.no\/forfatter\/live-tronstad\" style=\"z-index:1\" title=\"Live Tronstad\" rel=\"nofollow noopener\" target=\"_blank\"><img alt=\"Bilde av Live Tronstad\" class=\"_image_ntbth_93\" fetchpriority=\"low\" loading=\"lazy\" decoding=\"async\" itemprop=\"image\"  src=\"https:\/\/www.europesays.com\/no\/wp-content\/uploads\/2025\/12\/1766225828_232_730bca66-e713-4274-9d1c-1222feeb3c7d\"  width=\"480\"\/><\/a><\/li>\n<\/ul>\n<p> Oppdatert l\u00f8rdag 20. desember kl. 11:06     <\/p>\n<p class=\"_paragraph_o9xde_4 _paragraph_xtcu6_10 layout-component text-serif-m layout-normal text-serif-m layout-padded\">\u2013 Til sommeren blir vi flere barn enn voksne i denne familien.<\/p>\n<p class=\"_paragraph_o9xde_4 _paragraph_xtcu6_10 layout-component text-serif-m layout-normal text-serif-m layout-padded\">Det skriver <a href=\"https:\/\/www.vg.no\/tag\/cengiz-al?utm_source=vg-article&amp;utm_medium=auto-tagger&amp;utm_campaign=WvbqpQ\" class=\"_link_o9xde_39\" rel=\"nofollow noopener\" target=\"_blank\">Cengiz Al<\/a>, aktuell som dommer i \u00abSkal vi danse\u00bb, og kj\u00e6resten Maiken Blom p\u00e5 Instagram l\u00f8rdag morgen.<\/p>\n<p class=\"_paragraph_o9xde_4 _paragraph_xtcu6_10 layout-component text-serif-m layout-normal text-serif-m layout-padded\">Teksten st\u00e5r til en video i svart-hvitt av b\u00e5de voksen- og barnehender som til slutt r\u00f8per et ultralyd-bilde:<\/p>\n<p class=\"_paragraph_o9xde_4 _paragraph_xtcu6_10 layout-component text-serif-m layout-normal text-serif-m layout-padded\">Al og Blom har v\u00e6rt sammen i ti \u00e5r og har to barn fra f\u00f8r. De <a href=\"https:\/\/www.vg.no\/rampelys\/i\/dll53X\/skam-cengiz-og-samboeren-har-blitt-foreldre\" data-track-element-type=\"Link\" data-track-id=\"link:dll53X\" class=\"_link_o9xde_39\" rel=\"nofollow noopener\" target=\"_blank\">fikk sitt f\u00f8rste barn<\/a> i 2020. <\/p>\n<p><img alt=\"Cengiz Al og kj\u00e6resten Maiken Blom p\u00e5 vei til \u00abSkal vi danse\u00bb-studio i 2017, da Al selv var deltager.  Foto: Cicilie S. Andersen \/ VG\" class=\"_image_qp4xg_65 layout-component layout-normal\" data-fullscreen- data-track-element-type=\"Article image fullscreen\" data-track-name=\"ImageFullscreen\" decoding=\"async\" loading=\"lazy\" height=\"4016\" itemprop=\"image\"  src=\"https:\/\/www.europesays.com\/no\/wp-content\/uploads\/2025\/12\/66fda051-e381-47c6-baca-17491a1317d5\"  style=\"object-position:0% 0%\" width=\"6016\"\/>Cengiz Al og kj\u00e6resten Maiken Blom p\u00e5 vei til \u00abSkal vi danse\u00bb-studio i 2017, da Al selv var deltager.  Foto: Cicilie S. Andersen \/ VG<\/p>\n<p class=\"_paragraph_o9xde_4 _paragraph_xtcu6_10 layout-component text-serif-m layout-normal text-serif-m layout-padded\">Al ble f\u00f8rst kjent for sin rolle i TV-serien \u00abSkam\u00bb. Han har ogs\u00e5 spilt i filmene \u00abAlle utlendinger har lukka gardiner\u00bb og den norske versjonen av \u00abTre n\u00f8tter til Askepott\u00bb<\/p>\n<p><img alt=\"Cengiz Al har denne h\u00f8sten debutert som dommer i TV-programmet \u00abSkal vi danse\u00bb. Her sammen med resten av dommerpanelet best\u00e5ende av Merete M\u00f8rk Lingj\u00e6rde, Nadya Khamitskaya og Jan Thomas.  Foto: Jan-Petter Dahl \/ TV 2\" class=\"_image_qp4xg_65 layout-component layout-normal\" data-fullscreen- data-track-element-type=\"Article image fullscreen\" data-track-name=\"ImageFullscreen\" decoding=\"async\" loading=\"lazy\" height=\"5464\" itemprop=\"image\"  src=\"https:\/\/www.europesays.com\/no\/wp-content\/uploads\/2025\/12\/a24a4527-c6b5-4dd6-b36f-91d2e5463a46\"  style=\"object-position:0% 0%\" width=\"8192\"\/>Cengiz Al har denne h\u00f8sten debutert som dommer i TV-programmet \u00abSkal vi danse\u00bb. Her sammen med resten av dommerpanelet best\u00e5ende av Merete M\u00f8rk Lingj\u00e6rde, Nadya Khamitskaya og Jan Thomas.  Foto: Jan-Petter Dahl \/ TV 2    <\/p>\n","protected":false},"excerpt":{"rendered":"Det annonserer \u00abSkal vi danse\u00bb-dommeren p\u00e5 Instagram. Foto: Rodrigo Freitas \/ VG Oppdatert l\u00f8rdag 20. desember kl. 11:06&hellip;\n","protected":false},"author":2,"featured_media":118076,"comment_status":"","ping_status":"","sticky":false,"template":"","format":"standard","meta":{"footnotes":""},"categories":[12],"tags":[20,21,8111,24,25,15,22,23,13,30,28,29,14,16,26,27,42,43,44,45],"class_list":{"0":"post-118075","1":"post","2":"type-post","3":"status-publish","4":"format-standard","5":"has-post-thumbnail","7":"category-verden","8":"tag-breaking-news","9":"tag-breakingnews","10":"tag-cengiz-al","11":"tag-featured-news","12":"tag-featurednews","13":"tag-headlines","14":"tag-latest-news","15":"tag-latestnews","16":"tag-news","17":"tag-no","18":"tag-norge","19":"tag-norway","20":"tag-nyheter","21":"tag-overskrifter","22":"tag-top-stories","23":"tag-topstories","24":"tag-verden","25":"tag-world","26":"tag-world-news","27":"tag-worldnews"},"share_on_mastodon":{"url":"https:\/\/pubeurope.com\/@no\/115751383730868490","error":""},"_links":{"self":[{"href":"https:\/\/www.europesays.com\/no\/wp-json\/wp\/v2\/posts\/118075","targetHints":{"allow":["GET"]}}],"collection":[{"href":"https:\/\/www.europesays.com\/no\/wp-json\/wp\/v2\/posts"}],"about":[{"href":"https:\/\/www.europesays.com\/no\/wp-json\/wp\/v2\/types\/post"}],"author":[{"embeddable":true,"href":"https:\/\/www.europesays.com\/no\/wp-json\/wp\/v2\/users\/2"}],"replies":[{"embeddable":true,"href":"https:\/\/www.europesays.com\/no\/wp-json\/wp\/v2\/comments?post=118075"}],"version-history":[{"count":0,"href":"https:\/\/www.europesays.com\/no\/wp-json\/wp\/v2\/posts\/118075\/revisions"}],"wp:featuredmedia":[{"embeddable":true,"href":"https:\/\/www.europesays.com\/no\/wp-json\/wp\/v2\/media\/118076"}],"wp:attachment":[{"href":"https:\/\/www.europesays.com\/no\/wp-json\/wp\/v2\/media?parent=118075"}],"wp:term":[{"taxonomy":"category","embeddable":true,"href":"https:\/\/www.europesays.com\/no\/wp-json\/wp\/v2\/categories?post=118075"},{"taxonomy":"post_tag","embeddable":true,"href":"https:\/\/www.europesays.com\/no\/wp-json\/wp\/v2\/tags?post=118075"}],"curies":[{"name":"wp","href":"https:\/\/api.w.org\/{rel}","templated":true}]}}