{"id":118079,"date":"2025-12-20T10:19:42","date_gmt":"2025-12-20T10:19:42","guid":{"rendered":"https:\/\/www.europesays.com\/no\/118079\/"},"modified":"2025-12-20T10:19:42","modified_gmt":"2025-12-20T10:19:42","slug":"tror-ikke-ukraina-er-klare-for-fredssamtaler","status":"publish","type":"post","link":"https:\/\/www.europesays.com\/no\/118079\/","title":{"rendered":"Tror ikke Ukraina er klare for fredssamtaler"},"content":{"rendered":"<p>    Russlands president Vladimir Putin sier p\u00e5 sin \u00e5rlige pressekonferanse at han ikke tror Ukraina er klare til \u00e5 forhandle om fred.<\/p>\n<p>\n        Russlands president Vladimir Putin holder fredag sin \u00e5rlige pressekonferanse.<br \/>\n        Pavel Bednyakov \/ AP \/ NTB\n    <\/p>\n<p class=\"kicker t30 tertiary color_mobile_tertiary\" style=\"\">Verden<\/p>\n<p>If\u00f8lge ham er Russland b\u00e5de villige og klare til \u00e5 f\u00e5 en fredfull slutt p\u00e5 krigen i Ukraina, basert p\u00e5 de prinsippene han sier han la ned for utenriksdepartementet i 2024.<\/p>\n<p>Putins \u00e5rlige pressekonferanse er en mulighet for russere til \u00e5 stille presidenten sp\u00f8rsm\u00e5l p\u00e5 direkten. Putin har imidlertid brukt anledningen til \u00e5 lufte sine synspunkter om b\u00e5de innenriks- og utenrikssaker de 25 \u00e5rene han har v\u00e6rt president.<\/p>\n<p>I \u00e5rets utgave fredag formiddag hyllet han ogs\u00e5 russiske styrkers framrykking i Ukraina.<\/p>\n<p>\u2013 V\u00e5re styrker rykker fram langs hele kontaktlinjen, og fienden trekker seg tilbake i alle retninger, sier han.<\/p>\n<p>Putin gjentok ogs\u00e5 Russlands syn p\u00e5 at en EU-plan \u2013 som ble droppet denne uken \u2013 om \u00e5 bruke fryste russiske midler som et l\u00e5n til Ukraina, hadde v\u00e6rt et ran.<\/p>\n<p>\u2013 Det er ran p\u00e5 h\u00f8ylys dag. Hvorfor kan ikke dette ranet gjennomf\u00f8res? Fordi konsekvensene ville v\u00e6rt alvorlige for ranerne, sier Putin. <\/p>\n<p>Et EU-toppm\u00f8te endte natt til fredag med en l\u00f8sning der EU i stedet for \u00e5 bruke de fryste russiske midlene gir l\u00e5n til Ukraina. EU-medlemmene Ungarn, Slovakia og Tsjekkia slipper \u00e5 v\u00e6re garantister.<\/p>\n","protected":false},"excerpt":{"rendered":"Russlands president Vladimir Putin sier p\u00e5 sin \u00e5rlige pressekonferanse at han ikke tror Ukraina er klare til \u00e5&hellip;\n","protected":false},"author":2,"featured_media":118080,"comment_status":"","ping_status":"","sticky":false,"template":"","format":"standard","meta":{"footnotes":""},"categories":[5],"tags":[20,21,24,25,15,19,22,23,17,18,13,30,28,29,14,16,26,27],"class_list":{"0":"post-118079","1":"post","2":"type-post","3":"status-publish","4":"format-standard","5":"has-post-thumbnail","7":"category-overskrifter","8":"tag-breaking-news","9":"tag-breakingnews","10":"tag-featured-news","11":"tag-featurednews","12":"tag-headlines","13":"tag-hovedoppslag","14":"tag-latest-news","15":"tag-latestnews","16":"tag-main-news","17":"tag-mainnews","18":"tag-news","19":"tag-no","20":"tag-norge","21":"tag-norway","22":"tag-nyheter","23":"tag-overskrifter","24":"tag-top-stories","25":"tag-topstories"},"share_on_mastodon":{"url":"https:\/\/pubeurope.com\/@no\/115751391388752550","error":""},"_links":{"self":[{"href":"https:\/\/www.europesays.com\/no\/wp-json\/wp\/v2\/posts\/118079","targetHints":{"allow":["GET"]}}],"collection":[{"href":"https:\/\/www.europesays.com\/no\/wp-json\/wp\/v2\/posts"}],"about":[{"href":"https:\/\/www.europesays.com\/no\/wp-json\/wp\/v2\/types\/post"}],"author":[{"embeddable":true,"href":"https:\/\/www.europesays.com\/no\/wp-json\/wp\/v2\/users\/2"}],"replies":[{"embeddable":true,"href":"https:\/\/www.europesays.com\/no\/wp-json\/wp\/v2\/comments?post=118079"}],"version-history":[{"count":0,"href":"https:\/\/www.europesays.com\/no\/wp-json\/wp\/v2\/posts\/118079\/revisions"}],"wp:featuredmedia":[{"embeddable":true,"href":"https:\/\/www.europesays.com\/no\/wp-json\/wp\/v2\/media\/118080"}],"wp:attachment":[{"href":"https:\/\/www.europesays.com\/no\/wp-json\/wp\/v2\/media?parent=118079"}],"wp:term":[{"taxonomy":"category","embeddable":true,"href":"https:\/\/www.europesays.com\/no\/wp-json\/wp\/v2\/categories?post=118079"},{"taxonomy":"post_tag","embeddable":true,"href":"https:\/\/www.europesays.com\/no\/wp-json\/wp\/v2\/tags?post=118079"}],"curies":[{"name":"wp","href":"https:\/\/api.w.org\/{rel}","templated":true}]}}