{"id":118081,"date":"2025-12-20T10:20:08","date_gmt":"2025-12-20T10:20:08","guid":{"rendered":"https:\/\/www.europesays.com\/no\/118081\/"},"modified":"2025-12-20T10:20:08","modified_gmt":"2025-12-20T10:20:08","slug":"premier-league-rykter-manchester-united-lordagens-premier-league-rykter-3","status":"publish","type":"post","link":"https:\/\/www.europesays.com\/no\/118081\/","title":{"rendered":"Premier League-rykter, Manchester United | L\u00f8rdagens Premier League-rykter"},"content":{"rendered":"\n<p>Til tross for tidligere rapporter om at <b>Manchester United<\/b> kun ser for seg \u00e5 slippe <b>Kobbie Mainoo<\/b> (20) <a href=\"https:\/\/www.nettavisen.no\/sport\/fredagens-premier-league-rykter\/s\/5-95-2788820\" rel=\"Follow nofollow noopener\" target=\"_blank\">hvis de f\u00e5r et veldig h\u00f8yt bud<\/a>, fortsetter de sprikende meldingene rundt midtbanetalentet.<\/p>\n<p>Om vi skal tro Daily Mail, s\u00e5 ser ikke <b>Mainoo <\/b>selv for deg en fortsatt framtid som United-spiller under manager<b> Ruben Amorim<\/b>. Derfor ser 20-\u00e5ringen gjerne for seg en permanent overgang vekk fra Old Trafford i januar.<\/p>\n<p><b>Les ogs\u00e5:<\/b> <a href=\"https:\/\/www.nettavisen.no\/sport\/jake-paul-bekrefter-to-brudd-i-kjeven-etter-tap-pa-knockout-mot-anthony-joshua\/s\/5-95-2791071\" rel=\"Follow nofollow noopener\" target=\"_blank\">Bekrefter store skader<\/a><\/p>\n<p>Enkelte spillere dukker stadig opp i diverse ryktem\u00f8ller rundt i Europa n\u00e5r det n\u00e6rmer seg et nytt overgangsvindu. Et typisk eksempel p\u00e5 akkurat det er Inter-vingbacken <b>Denzel Dumfries<\/b> (29).<\/p>\n<p>Nederlenderen er atter en gang p\u00e5 blokka til flere <b>Premier League<\/b>-klubber, mener nettstedet Teamtalk \u00e5 vite. <b>Manchester United<\/b>, <b>Newcastle <\/b>og <b>Aston Villa<\/b> trekkes fram som tre av de interesserte.<\/p>\n<p>Det blir mer og mer sannsynlig at Barcelona kommer til \u00e5 benytte seg av utkj\u00f8psklausulen de har i leieavtalen for <b>Manchester United<\/b>-eide <b>Marcus Rashford<\/b> (28). Mundo Deportivo skriver i alle fall at katalanerne vurderer \u00e5 betale de dr\u00f8yt 340 millioner kronene i klausulen for \u00e5 sikre seg <b>Rashford <\/b>permanent.<\/p>\n<p><b>Les ogs\u00e5:<\/b> <a href=\"https:\/\/www.nettavisen.no\/sport\/derfor-far-ikke-hareide-begravelse-pa-statens-bekostning\/s\/5-95-2790967\" rel=\"Follow nofollow noopener\" target=\"_blank\">Derfor f\u00e5r ikke Hareide begravelse p\u00e5 statens bekostning<\/a><\/p>\n<p><b>Bournemouth<\/b> anser <b>Tottenham<\/b>-vingen <b>Brennan Johnson<\/b> (24) som en mulig erstatter dersom de mister <b>Antoine Semenyo<\/b> (25), rapporterer Teamtalk. S\u00f8rkystklubben m\u00e5 imidlertid regne med konkurranse fra <b>Crystal Palace<\/b> om <b>Johnson<\/b>s signatur, skriver The Guardian.<\/p>\n<p><b>Semenyo <\/b>seiler opp som et av de heteste navnene p\u00e5 markedet de kommende ukene. The iPaper p\u00e5st\u00e5r <b>Manchester City<\/b>, <b>Manchester United<\/b>, <b>Liverpool <\/b>og <b>Tottenham <\/b>alle har begynt en dialog rundt en mulig overgang som skal v\u00e6re verdt dr\u00f8ye 885 millioner kroner.<\/p>\n<p>Samme sted hevdes det at et mulig kj\u00f8p av den engelskf\u00f8dte ghaneseren er n\u00f8dt til \u00e5 bli fullf\u00f8rt f\u00f8r 10. januar.<\/p>\n<p><b>Manchester United<\/b> ser <b>Semenyo <\/b>som en mulig forsterkning til venstresiden av mannskapet sitt, der manager <b>Ruben Amorim<\/b> er mer i tvil om danske <b>Patrick Dorgu<\/b> (21) er riktig mann \u00e5 satse p\u00e5 videre. Det skriver i alle fall The Sun.<\/p>\n<p>Denne uka ble det rapportert at tidligere <b>Wolverhampton<\/b>-stjerne <b>R\u00faben Neves<\/b> (28) kan v\u00e6re p\u00e5 vei tilbake til <b>Premier League<\/b>. N\u00e5 hevder spanske Fichajes derimot at Real Madrid ogs\u00e5 kan bli en mulig neste arbeidsgiver for portugiseren.<\/p>\n<p>Midtbaneprofilen har kontrakt med saudiarabiske Al-Hilal fram til utgangen av juni neste \u00e5r.<\/p>\n","protected":false},"excerpt":{"rendered":"Til tross for tidligere rapporter om at Manchester United kun ser for seg \u00e5 slippe Kobbie Mainoo (20)&hellip;\n","protected":false},"author":2,"featured_media":118082,"comment_status":"","ping_status":"","sticky":false,"template":"","format":"standard","meta":{"footnotes":""},"categories":[59],"tags":[30,28,29,83,82],"class_list":{"0":"post-118081","1":"post","2":"type-post","3":"status-publish","4":"format-standard","5":"has-post-thumbnail","7":"category-sport","8":"tag-no","9":"tag-norge","10":"tag-norway","11":"tag-sport","12":"tag-sports"},"share_on_mastodon":{"url":"https:\/\/pubeurope.com\/@no\/115751395213173238","error":""},"_links":{"self":[{"href":"https:\/\/www.europesays.com\/no\/wp-json\/wp\/v2\/posts\/118081","targetHints":{"allow":["GET"]}}],"collection":[{"href":"https:\/\/www.europesays.com\/no\/wp-json\/wp\/v2\/posts"}],"about":[{"href":"https:\/\/www.europesays.com\/no\/wp-json\/wp\/v2\/types\/post"}],"author":[{"embeddable":true,"href":"https:\/\/www.europesays.com\/no\/wp-json\/wp\/v2\/users\/2"}],"replies":[{"embeddable":true,"href":"https:\/\/www.europesays.com\/no\/wp-json\/wp\/v2\/comments?post=118081"}],"version-history":[{"count":0,"href":"https:\/\/www.europesays.com\/no\/wp-json\/wp\/v2\/posts\/118081\/revisions"}],"wp:featuredmedia":[{"embeddable":true,"href":"https:\/\/www.europesays.com\/no\/wp-json\/wp\/v2\/media\/118082"}],"wp:attachment":[{"href":"https:\/\/www.europesays.com\/no\/wp-json\/wp\/v2\/media?parent=118081"}],"wp:term":[{"taxonomy":"category","embeddable":true,"href":"https:\/\/www.europesays.com\/no\/wp-json\/wp\/v2\/categories?post=118081"},{"taxonomy":"post_tag","embeddable":true,"href":"https:\/\/www.europesays.com\/no\/wp-json\/wp\/v2\/tags?post=118081"}],"curies":[{"name":"wp","href":"https:\/\/api.w.org\/{rel}","templated":true}]}}