{"id":118088,"date":"2025-12-20T10:30:19","date_gmt":"2025-12-20T10:30:19","guid":{"rendered":"https:\/\/www.europesays.com\/no\/118088\/"},"modified":"2025-12-20T10:30:19","modified_gmt":"2025-12-20T10:30:19","slug":"audi-e-tron-norges-mest-solgte","status":"publish","type":"post","link":"https:\/\/www.europesays.com\/no\/118088\/","title":{"rendered":"Audi e-tron: Norges mest solgte"},"content":{"rendered":"<p>        Saken oppsummert<\/p>\n<ul lang=\"nb-NO\">\n<li>Produksjonen av Audi e-tron ble lagt ned kun fire \u00e5r etter \u00e5 ha v\u00e6rt Norges mest solgte bil.<\/li>\n<li>Fabrikken i Br\u00fcssel stengte i februar i \u00e5r, og 3000 arbeidere mistet jobben.<\/li>\n<li>Q6 har overtatt som Audis elektriske flaggskip, men Q4 e-tron er fortsatt bestselgeren. En erstatter til e-tron \/ Q8 e-tron er planlagt senere.<\/li>\n<li>Volkswagen-konsernet st\u00e5r overfor \u00f8konomiske utfordringer og stenger n\u00e5 ogs\u00e5 en fabrikk i Tyskland.<\/li>\n<\/ul>\n<p class=\"italic ai-disclaimer\" data-lab-italic=\"italic\">Oppsummeringen er laget med kunstig intelligens (KI) fra OpenAI. Innholdet er kvalitetssikret av TV 2s journalister. <a target=\"_blank\" href=\"https:\/\/hjelp.tv2.no\/info\/artikkel\/slik-jobber-vi-med-ki-i-tv-2\" title=\"Les om hvordan vi jobber med KI\" rel=\"nofollow noopener\">Les om hvordan vi jobber med KI<\/a><\/p>\n<p>Det h\u00f8rer med til sjeldenhetene at en ny bilmodell forsvinner fra markedet bare kort tid etter at den har v\u00e6rt en bestselger. Men det var alts\u00e5 det som skjedde med Audi e-tron.<\/p>\n<p>Torsdag denne uken var det n\u00f8yaktig ett \u00e5r siden nyheten sprakk: P\u00e5 grunn av sterkt sviktende salg, <a href=\"https:\/\/www.tv2.no\/broom\/var-norges-mest-solgte-na-legger-de-ned-fabrikken\/17287128\/\" rel=\"nofollow noopener\" target=\"_blank\">var det over og ut for Audi e-tron<\/a>, som het Q8 e-tron i sin siste utgave.\u00a0<\/p>\n<p>        <img class=\"image__img lazyload\" itemprop=\"image\" title=\"Foto: Audi\" alt=\"POPUL\u00c6R: Audi e-tron ble f\u00f8rste bil fra Audi som ble \u00e5rets mest solgte bil i Norge. Foto: Audi\" width=\"978\" height=\"551\" bad-src=\"https:\/\/www.europesays.com\/no\/wp-content\/uploads\/2025\/12\/18401172.webp\" fetchpriority=\"auto\" \/><\/p>\n<p>      POPUL\u00c6R: Audi e-tron ble f\u00f8rste bil fra Audi som ble \u00e5rets mest solgte bil i Norge.<br \/>\n         Foto: Audi<\/p>\n<p>Solgte 31.000 eksemplarer<\/p>\n<p> Den 28. februar i \u00e5r var det helt slutt, og Audi-fabrikken i Br\u00fcssel, Belgia, stengte samtidig d\u00f8rene. Det f\u00f8rte ogs\u00e5 til at 3000 arbeidere ved fabrikken mistet jobbene sine. <\/p>\n<p> Bare fire \u00e5r tidligere hadde den alts\u00e5 v\u00e6rt Norges aller mest solgte bil, og ble dermed st\u00e5ende som et lysende eksempel p\u00e5 hvor fort ting kan endre seg i bilverdenen. <\/p>\n<p>Siden lanseringen i 2019 har bilen solgt i mer enn 31.000 eksemplarer i Norge. Fortsatt registreres ett og annet eksemplar, sannsynligvis biler som har st\u00e5tt lenge ute hos forhandler. Men det begynner \u00e5 bli lenge siden det var snakk om store antall.\u00a0<\/p>\n<p>N\u00e5 har\u00a0Q6 overtatt som selskapets elektriske flaggskip i SUV-klassen. Bilen selger temmelig bra i Norge, med over 2300 registreringer i \u00e5r.\u00a0<\/p>\n<p>Men det er den mer kompakte Q4 e-tron som er merkets bestselger i Norge, med 2800 biler s\u00e5 langt i \u00e5r og 17.300 totalt.\u00a0<\/p>\n<p><a href=\"https:\/\/www.tv2.no\/broom\/veldig-mye-bra-men-noe-skuffer-litt\/17333580\/\" rel=\"nofollow noopener\" target=\"_blank\">Test av Audi Q6 e-tron: Mye bra\u00a0 \u2013 men noe skuffer<\/a><\/p>\n<p>        <img class=\"image__img lazyload\" itemprop=\"image\" title=\"Foto: Audi\" alt=\"SUV-FLAGGSKIP: Q6 e-tron har blitt en ganske pen suksess for Audi i Norge. Foto: Audi\" width=\"978\" height=\"551\" bad-src=\"https:\/\/www.europesays.com\/no\/wp-content\/uploads\/2025\/12\/18401226.webp\" fetchpriority=\"auto\" \/><\/p>\n<p>      SUV-FLAGGSKIP: Q6 e-tron har blitt en ganske pen suksess for Audi i Norge.<br \/>\n         Foto: Audi<\/p>\n<p>Utfordrende tider<\/p>\n<p>Audi er en del av Volkswagen-konsernet, som har opplevd stigende salgstall den siste tiden, men som samtidig st\u00e5r midt i store \u00f8konomiske utfordringer.\u00a0<\/p>\n<p>Nylig kom ogs\u00e5 nyheten om at <a href=\"https:\/\/www.tv2.no\/broom\/salget-svikter-ma-stenge-fabrikken\/18385416\/\" rel=\"nofollow noopener\" target=\"_blank\">VW stenger fabrikken i Dresden<\/a> etter 23 \u00e5rs drift.\u00a0<\/p>\n<p>Det er f\u00f8rste gang i selskapets 88 \u00e5r lange historie at de stenger en fabrikk i Tyskland, og avgj\u00f8relsen blir forklart med sviktende ettersp\u00f8rsel i\u00a0Kina, lavere ettersp\u00f8rsel enn budsjettert i Europa, og ny amerikansk tollpolitikk.<\/p>\n<p>    <a class=\"article__link\" data-ga-active-label=\"\" data-ga-active-label-animation=\"\" href=\"https:\/\/www.tv2.no\/broom\/navnet-avslort-store-forventinger\/18388612\/\" rel=\"nofollow noopener\" target=\"_blank\"><\/p>\n<p>    <img class=\"image__img lazyload\" itemprop=\"image\" title=\"\" alt=\"\" width=\"294\" height=\"124\" bad-src=\"https:\/\/www.europesays.com\/no\/wp-content\/uploads\/2025\/12\/18388647.webp\" fetchpriority=\"auto\" \/><\/p>\n<p>            Navnet avsl\u00f8rt: \u2013 Store forventinger<\/p>\n<p>    <\/a><\/p>\n<p>Selskapet har allerede redusert investeringsvolumet for de kommende \u00e5rene, men b\u00e5de VW og Audi har lovet en rekke nye modeller fremover, b\u00e5de helelektriske og med hybride drivlinjer.\u00a0<\/p>\n<p>En erstatter til Q8 e-tron p\u00e5 ny plattform skal ogs\u00e5 v\u00e6re p\u00e5 planen, men det skjer neppe f\u00f8r etter 2026\/27.<\/p>\n<p> Kun de helelektriske modellene er aktuelle for det norske markedet, naturlig nok. Elbil-andelen i nybilsalget er ventet \u00e5 bli opp mot 99 prosent her til lands neste \u00e5r. <\/p>\n<p class=\"bold m-bold\" data-lab-font_weight=\"bold\">Les mer her:<\/p>\n<p>    <a class=\"article__link\" data-ga-active-label=\"\" data-ga-active-label-animation=\"\" href=\"https:\/\/www.tv2.no\/broom\/tror-pa-99-prosent-elbiler-1\/18395862\/\" rel=\"nofollow noopener\" target=\"_blank\"><\/p>\n<p>    <img class=\"image__img lazyload\" itemprop=\"image\" title=\"\" alt=\"\" width=\"978\" height=\"411\" bad-src=\"https:\/\/www.europesays.com\/no\/wp-content\/uploads\/2025\/12\/17782136.webp\" fetchpriority=\"auto\" \/><\/p>\n<p>            Tror p\u00e5 99 prosent elbiler<\/p>\n<p>    <\/a><\/p>\n","protected":false},"excerpt":{"rendered":"Saken oppsummert Produksjonen av Audi e-tron ble lagt ned kun fire \u00e5r etter \u00e5 ha v\u00e6rt Norges mest&hellip;\n","protected":false},"author":2,"featured_media":118089,"comment_status":"","ping_status":"","sticky":false,"template":"","format":"standard","meta":{"footnotes":""},"categories":[56],"tags":[60,61,62,30,28,29],"class_list":{"0":"post-118088","1":"post","2":"type-post","3":"status-publish","4":"format-standard","5":"has-post-thumbnail","7":"category-naeringsliv","8":"tag-business","9":"tag-economy","10":"tag-naeringsliv","11":"tag-no","12":"tag-norge","13":"tag-norway"},"share_on_mastodon":{"url":"https:\/\/pubeurope.com\/@no\/115751434759259711","error":""},"_links":{"self":[{"href":"https:\/\/www.europesays.com\/no\/wp-json\/wp\/v2\/posts\/118088","targetHints":{"allow":["GET"]}}],"collection":[{"href":"https:\/\/www.europesays.com\/no\/wp-json\/wp\/v2\/posts"}],"about":[{"href":"https:\/\/www.europesays.com\/no\/wp-json\/wp\/v2\/types\/post"}],"author":[{"embeddable":true,"href":"https:\/\/www.europesays.com\/no\/wp-json\/wp\/v2\/users\/2"}],"replies":[{"embeddable":true,"href":"https:\/\/www.europesays.com\/no\/wp-json\/wp\/v2\/comments?post=118088"}],"version-history":[{"count":0,"href":"https:\/\/www.europesays.com\/no\/wp-json\/wp\/v2\/posts\/118088\/revisions"}],"wp:featuredmedia":[{"embeddable":true,"href":"https:\/\/www.europesays.com\/no\/wp-json\/wp\/v2\/media\/118089"}],"wp:attachment":[{"href":"https:\/\/www.europesays.com\/no\/wp-json\/wp\/v2\/media?parent=118088"}],"wp:term":[{"taxonomy":"category","embeddable":true,"href":"https:\/\/www.europesays.com\/no\/wp-json\/wp\/v2\/categories?post=118088"},{"taxonomy":"post_tag","embeddable":true,"href":"https:\/\/www.europesays.com\/no\/wp-json\/wp\/v2\/tags?post=118088"}],"curies":[{"name":"wp","href":"https:\/\/api.w.org\/{rel}","templated":true}]}}