{"id":118090,"date":"2025-12-20T10:32:25","date_gmt":"2025-12-20T10:32:25","guid":{"rendered":"https:\/\/www.europesays.com\/no\/118090\/"},"modified":"2025-12-20T10:32:25","modified_gmt":"2025-12-20T10:32:25","slug":"derfor-er-trumps-okonomiske-politikk-ikke-sa-dum-som-mange-tror-inyheter-no","status":"publish","type":"post","link":"https:\/\/www.europesays.com\/no\/118090\/","title":{"rendered":"\u2013 Derfor er Trumps \u00f8konomiske politikk ikke s\u00e5 dum som mange tror (+) &#8211; inyheter.no"},"content":{"rendered":"<ol>\n<li><a href=\"https:\/\/news.google.com\/rss\/articles\/CBMimwFBVV95cUxNTEJZZjBNRWtJT2VjTGVVTW40N2QyUmtoZ3FDQ0o0Yy1PelNoR0gxZlMxZU5rMVBmLUh0RkZOTFlWN1BMeU1pZU1IOFU0TFVQbllIMURDbVhYazBUdGp0S1lsS3hjU0VZOTIzaS1qam5DeVdSaXJETll3RVUyMDg1a205VS0wY1JUU3AyWmJYbV9zNnpFYW82Q3V5cw?oc=5\" target=\"_blank\" rel=\"nofollow noopener\">\u2013 Derfor er Trumps \u00f8konomiske politikk ikke s\u00e5 dum som mange tror (+)<\/a>&nbsp;&nbsp;inyheter.no<\/li>\n<li><a href=\"https:\/\/news.google.com\/rss\/articles\/CBMiYkFVX3lxTE1zVkh2STdQa3lmYnc5emIwMW4zRU1ITElhWGt6WXZhOW1wV3AwMVZYcG5mM3hoWVUtTS1WaDJkX0hUN3BiaGVtMXl3S016U0ZOS19Za2g3YmFLY2Nsc3hyWEFR?oc=5\" target=\"_blank\" rel=\"nofollow noopener\">Kort Forklart: \u2013 Trump, Trump, Trump<\/a>&nbsp;&nbsp;Aftenposten<\/li>\n<li><a href=\"https:\/\/news.google.com\/rss\/articles\/CBMif0FVX3lxTFBya3dVVnlIX2hMNGR6ZkJMTEh2clQwWVdtMkcxc3o2ckdsSUdCeFFPUUtQSHFvNXVUZlBxLWlpN19nVUh6SDFDWm1EQlktaWxxWHJOZHY3THNlSjUzdV9feGx0REV1RE5KRWVHY21qeVU2dmxoN3ROSVQyb0c0YTg?oc=5\" target=\"_blank\" rel=\"nofollow noopener\">Donald Trump, Meningsm\u00e5ling | Trump-nedtur p\u00e5 ny m\u00e5ling<\/a>&nbsp;&nbsp;Nettavisen<\/li>\n<li><a href=\"https:\/\/news.google.com\/rss\/articles\/CBMibkFVX3lxTFBiRktSNk1PbTVHNW5JMUNuN2FLakVPLXM2TlB2WXlYOFpIR1dMelFKRHc1aW1DOG83YlJSdHNPWjNuYUpSZV9BNE5KV3JVZHlGVWZHendvRDR4YVlzOU5DdUx2MC1OeGVPWWNNUGFn?oc=5\" target=\"_blank\" rel=\"nofollow noopener\">Pressas nye herre<\/a>&nbsp;&nbsp;Klassekampen<\/li>\n<li><a href=\"https:\/\/news.google.com\/rss\/articles\/CBMikgFBVV95cUxNcEZuOEVxeGEwR0htZzR4ZWdORmJnZllLZDdNTnBPWVlrTmNXeWNla2lON1NwZ3JDLXNPcTdpMi1ZenFfMko0RUlPSkIwZUI4el9lN1JQVVJ6VXl0NVRPel9yTGxmYVgzY2xaOVBBdndidGxRbUFsNFpaQm1pY3k1OWlSY0h4TWNIaW9KM3lhbUw0Zw?oc=5\" target=\"_blank\" rel=\"nofollow noopener\">Iver B. Neumann: P\u00e5 under et \u00e5r har Donald Trump endret b\u00e5de den politiske og \u00f8konomiske verdensordenen<\/a>&nbsp;&nbsp;Morgenbladet<\/li>\n<\/ol>\n","protected":false},"excerpt":{"rendered":"\u2013 Derfor er Trumps \u00f8konomiske politikk ikke s\u00e5 dum som mange tror (+)&nbsp;&nbsp;inyheter.no Kort Forklart: \u2013 Trump, Trump,&hellip;\n","protected":false},"author":2,"featured_media":118091,"comment_status":"","ping_status":"","sticky":false,"template":"","format":"standard","meta":{"footnotes":""},"categories":[12],"tags":[20,21,24,25,15,8399,413,22,23,13,30,28,29,14,16,26,27,42,43,44,45],"class_list":{"0":"post-118090","1":"post","2":"type-post","3":"status-publish","4":"format-standard","5":"has-post-thumbnail","7":"category-verden","8":"tag-breaking-news","9":"tag-breakingnews","10":"tag-featured-news","11":"tag-featurednews","12":"tag-headlines","13":"tag-jan-ludvig-andreassen","14":"tag-kina","15":"tag-latest-news","16":"tag-latestnews","17":"tag-news","18":"tag-no","19":"tag-norge","20":"tag-norway","21":"tag-nyheter","22":"tag-overskrifter","23":"tag-top-stories","24":"tag-topstories","25":"tag-verden","26":"tag-world","27":"tag-world-news","28":"tag-worldnews"},"share_on_mastodon":{"url":"https:\/\/pubeurope.com\/@no\/115751442385667754","error":""},"_links":{"self":[{"href":"https:\/\/www.europesays.com\/no\/wp-json\/wp\/v2\/posts\/118090","targetHints":{"allow":["GET"]}}],"collection":[{"href":"https:\/\/www.europesays.com\/no\/wp-json\/wp\/v2\/posts"}],"about":[{"href":"https:\/\/www.europesays.com\/no\/wp-json\/wp\/v2\/types\/post"}],"author":[{"embeddable":true,"href":"https:\/\/www.europesays.com\/no\/wp-json\/wp\/v2\/users\/2"}],"replies":[{"embeddable":true,"href":"https:\/\/www.europesays.com\/no\/wp-json\/wp\/v2\/comments?post=118090"}],"version-history":[{"count":0,"href":"https:\/\/www.europesays.com\/no\/wp-json\/wp\/v2\/posts\/118090\/revisions"}],"wp:featuredmedia":[{"embeddable":true,"href":"https:\/\/www.europesays.com\/no\/wp-json\/wp\/v2\/media\/118091"}],"wp:attachment":[{"href":"https:\/\/www.europesays.com\/no\/wp-json\/wp\/v2\/media?parent=118090"}],"wp:term":[{"taxonomy":"category","embeddable":true,"href":"https:\/\/www.europesays.com\/no\/wp-json\/wp\/v2\/categories?post=118090"},{"taxonomy":"post_tag","embeddable":true,"href":"https:\/\/www.europesays.com\/no\/wp-json\/wp\/v2\/tags?post=118090"}],"curies":[{"name":"wp","href":"https:\/\/api.w.org\/{rel}","templated":true}]}}