{"id":118092,"date":"2025-12-20T10:44:11","date_gmt":"2025-12-20T10:44:11","guid":{"rendered":"https:\/\/www.europesays.com\/no\/118092\/"},"modified":"2025-12-20T10:44:11","modified_gmt":"2025-12-20T10:44:11","slug":"okonomi-drammen-banktopp-derfor-har-jeg-tro-pa-drammen","status":"publish","type":"post","link":"https:\/\/www.europesays.com\/no\/118092\/","title":{"rendered":"\u00d8konomi, Drammen | Banktopp: Derfor har\u00a0jeg\u00a0tro\u00a0p\u00e5\u00a0Drammen\u00a0"},"content":{"rendered":"\n<p><b>Til tross for <\/b>flere nyheter om permitteringer og konkurser innen byggen\u00e6ringen og , ser vi med optimisme p\u00e5 utviklingen i Drammen.<\/p>\n<p><b>Regionen har i<\/b> l\u00f8pet av de siste \u00e5rene tatt store steg, og flere positive initiativer har bidratt til \u00e5 styrke Drammens attraktivitet som sentrum for vekst og innovasjon.<\/p>\n<p><b>Som leder for<\/b> bedriftsmarkedet i Danske Bank i Drammen erfarer jeg hver eneste uke hvordan mange virksomheter opplever vekst, b\u00e5de p\u00e5 topplinje og i antall ansatte.<\/p>\n<p><b>Det gir meg <\/b>et tydelig signal p\u00e5 at Drammen og Buskerud har et solid fundament for langsiktig \u00f8konomisk utvikling.<\/p>\n<p><a class=\"simple-relation related-teaser article--c-eRUmMG article--c-eRUmMG-jKCPdD-design-default article--c-eRUmMG-iBPVJb-cv\" href=\"https:\/\/www.dt.no\/drammensbudsjettet-dette-er-vinnerne\/s\/5-57-2747569\" rel=\"nofollow noopener\" target=\"_blank\">Drammensbudsjettet: Dette er vinnerne<\/a><\/p>\n<p><b>Bybildet i Drammen<\/b> har gjennomg\u00e5tt store forbedringer som skaper en positiv ringvirkning for n\u00e6ringslivet.<\/p>\n<p><b>Sluttf\u00f8ringen av den<\/b> nye bybrua, den oppgraderte togstasjonen og ny\u00e5pnede sykehuset er eksempler p\u00e5 infrastrukturprosjekter som styrker regionens attraktivitet.<\/p>\n<p><b>Verdikjedene rundt Kongsberg <\/b>Gruppen vokser, det har betydning for hele Buskerud.<\/p>\n<p><b>Drammen Helsepark, med<\/b> sitt innovative milj\u00f8 og health-tech-fokus, er et spennende businesscluster som vi f\u00f8lger med interesse.<\/p>\n<p><b>Det er underkommunisert<\/b> at Drammen er hjemsted for sv\u00e6rt mange internasjonale selskaper, ogs\u00e5 med lokale eiere.<\/p>\n<p><b>Flere av disse<\/b> bedriftene har ambisjoner om \u00e5 vokse globalt, og vi har sett en \u00f8kende trend der Sverige, Finland og Danmark ofte er f\u00f8rste skritt p\u00e5 denne reisen. Danske Bank har posisjonert seg som en viktig partner for lokale bedrifter som ekspanderer internasjonalt. Et godt eksempel p\u00e5 dette er SKH\/E-Wheels-konsernet som vi i Danske Bank nylig etablerte et hovedbanksamarbeid med nettopp for \u00e5 bist\u00e5 med \u00e5 effektivisere vekst utenfor Norge.<\/p>\n<p><a href=\"https:\/\/www.dt.no\/pengene-dine\" rel=\"Follow nofollow noopener\" target=\"_blank\"><b>Les om personlig \u00f8konomi HER<\/b><\/a><\/p>\n<p><b>De store hj\u00f8rnesteinsbedriftene<\/b> gj\u00f8r det generelt veldig bra, men verdikjedene rundt byggen\u00e6ringen vil neppe gj\u00f8re comeback f\u00f8r vi ser to-tre nye rentenedsettelser, kanskje mot enden av 2026.<\/p>\n<p><b>Det er allikevel <\/b>veldig mange attraktive bedrifter i v\u00e5rt omr\u00e5de. N\u00e5r man ser hva et stort lokalt konsern som for eksempel TESS f\u00e5r til av l\u00f8pende vekst og l\u00f8nnsomhet s\u00e5 bekrefter det min fremtidstro.<\/p>\n<p><b>Vi er tett<\/b> p\u00e5 en rekke ekspansive selskaper og eiergrupperinger, og jeg kan bekrefte at oppkj\u00f8psaktiviteten i markedet fortsatt er h\u00f8y og p\u00e5g\u00e5ende. Vi ser at nye kapitalsterke kj\u00f8pere, gjerne Private Equity, er aktive i flere transaksjoner og vil bidra til \u00e5 akselerere videre vekst. I h\u00f8st har blant annet eierne av Arctic Trucks og Addovation gjennomf\u00f8rt transaksjoner for \u00e5 bringe inn nye kapitalsterke akt\u00f8rer p\u00e5 eiersiden.<\/p>\n<p><a class=\"simple-relation related-teaser article--c-eRUmMG article--c-eRUmMG-jKCPdD-design-default article--c-eRUmMG-iBPVJb-cv\" href=\"https:\/\/www.dt.no\/disse-tjener-mer-enn-ordforeren\/s\/5-57-2747267\" rel=\"nofollow noopener\" target=\"_blank\">Disse tjener mer enn ordf\u00f8reren<\/a><\/p>\n<p><b>Kraft- og energibransjen<\/b> er en annen sektor med store muligheter i Buskerud selv om restrukturering og fusjoner har preget industrien de siste \u00e5rene.<\/p>\n<p><b>V\u00e5r bank opplever <\/b>ogs\u00e5 rekordh\u00f8y vekst i regionen.<\/p>\n<p><b>Det er fortsatt<\/b> store investerings- og vekstplaner som vi skal st\u00f8tte bedriftene p\u00e5 &#8211; b\u00e5de lokalt og internasjonalt.<\/p>\n<p><b>Basert p\u00e5 den<\/b> gode farten og med forventninger om rentenedsettelser i 2026, er jeg overbevist om at v\u00e5r region har et stort potensial.<\/p>\n<p>Andre saker publisert p\u00e5 dt.no<\/p>\n<p>  <a href=\"https:\/\/www.dt.no\/5-57-2755171\" class=\"related-teaser has-image default-story-teaser article--c-eRUmMG article--c-eRUmMG-jKCPdD-design-default\" rel=\"nofollow noopener\" target=\"_blank\"><\/p>\n<p>    <img decoding=\"async\" loading=\"lazy\"  src=\"https:\/\/www.europesays.com\/no\/wp-content\/uploads\/2025\/12\/15+masud+gharahkhani+6.jpg\" alt=\"\" class=\"brick-c-cFOWSL\" style=\"\"\/><\/p>\n<p>\n            Les ogs\u00e5<\/p>\n<p>              \u2013 Statsbudsjettet rigger Drammen for en bedre fremtid\n        <\/p>\n<p>  <\/a><\/p>\n<p>  <a href=\"https:\/\/www.dt.no\/5-57-2754524\" class=\"related-teaser default-story-teaser article--c-eRUmMG article--c-eRUmMG-jKCPdD-design-default article--c-eRUmMG-kpKLOW-cv\" rel=\"nofollow noopener\" target=\"_blank\"><\/p>\n<p>\n            Les ogs\u00e5<\/p>\n<p>              Politiet med kraftig advarsel\n        <\/p>\n<p>  <\/a><\/p>\n<p>  <a href=\"https:\/\/www.dt.no\/5-57-2753630\" class=\"related-teaser has-image default-story-teaser article--c-eRUmMG article--c-eRUmMG-jKCPdD-design-default\" rel=\"nofollow noopener\" target=\"_blank\"><\/p>\n<p>    <img decoding=\"async\" loading=\"lazy\"  src=\"https:\/\/www.europesays.com\/no\/wp-content\/uploads\/2025\/12\/jonatan.jpg\" alt=\"\" class=\"brick-c-cFOWSL\" style=\"\"\/><\/p>\n<p>\n            Les ogs\u00e5<\/p>\n<p>              Har store planer for Drammens skjulte perle: \u2013 En dr\u00f8m for meg\n        <\/p>\n<p>  <\/a><\/p>\n<p>&#8212;&#8211;<\/p>\n","protected":false},"excerpt":{"rendered":"Til tross for flere nyheter om permitteringer og konkurser innen byggen\u00e6ringen og , ser vi med optimisme p\u00e5&hellip;\n","protected":false},"author":2,"featured_media":118093,"comment_status":"","ping_status":"","sticky":false,"template":"","format":"standard","meta":{"footnotes":""},"categories":[56],"tags":[36,60,8347,427,61,5028,4265,156,62,30,28,29,1533,572],"class_list":{"0":"post-118092","1":"post","2":"type-post","3":"status-publish","4":"format-standard","5":"has-post-thumbnail","7":"category-naeringsliv","8":"tag-art","9":"tag-business","10":"tag-danske-bank","11":"tag-drammen","12":"tag-economy","13":"tag-finans","14":"tag-kronikk","15":"tag-meninger","16":"tag-naeringsliv","17":"tag-no","18":"tag-norge","19":"tag-norway","20":"tag-opinion","21":"tag-okonomi"},"share_on_mastodon":{"url":"https:\/\/pubeurope.com\/@no\/115751489922565885","error":""},"_links":{"self":[{"href":"https:\/\/www.europesays.com\/no\/wp-json\/wp\/v2\/posts\/118092","targetHints":{"allow":["GET"]}}],"collection":[{"href":"https:\/\/www.europesays.com\/no\/wp-json\/wp\/v2\/posts"}],"about":[{"href":"https:\/\/www.europesays.com\/no\/wp-json\/wp\/v2\/types\/post"}],"author":[{"embeddable":true,"href":"https:\/\/www.europesays.com\/no\/wp-json\/wp\/v2\/users\/2"}],"replies":[{"embeddable":true,"href":"https:\/\/www.europesays.com\/no\/wp-json\/wp\/v2\/comments?post=118092"}],"version-history":[{"count":0,"href":"https:\/\/www.europesays.com\/no\/wp-json\/wp\/v2\/posts\/118092\/revisions"}],"wp:featuredmedia":[{"embeddable":true,"href":"https:\/\/www.europesays.com\/no\/wp-json\/wp\/v2\/media\/118093"}],"wp:attachment":[{"href":"https:\/\/www.europesays.com\/no\/wp-json\/wp\/v2\/media?parent=118092"}],"wp:term":[{"taxonomy":"category","embeddable":true,"href":"https:\/\/www.europesays.com\/no\/wp-json\/wp\/v2\/categories?post=118092"},{"taxonomy":"post_tag","embeddable":true,"href":"https:\/\/www.europesays.com\/no\/wp-json\/wp\/v2\/tags?post=118092"}],"curies":[{"name":"wp","href":"https:\/\/api.w.org\/{rel}","templated":true}]}}